{"id":7409,"date":"2021-08-05T13:22:45","date_gmt":"2021-08-05T11:22:45","guid":{"rendered":"https:\/\/www.cannabis.es\/pw\/?p=7409"},"modified":"2021-08-05T13:57:06","modified_gmt":"2021-08-05T11:57:06","slug":"el-uso-ritual-de-cannabis-refuerza-los-vinculos-comunitarios","status":"publish","type":"post","link":"https:\/\/www.cannabis.es\/pw\/2021\/08\/05\/el-uso-ritual-de-cannabis-refuerza-los-vinculos-comunitarios\/","title":{"rendered":"El uso ritual de cannabis refuerza los v\u00ednculos comunitarios"},"content":{"rendered":"\n<p>Comunicado Iceers\/ Arnau Alcaide<\/p>\n\n\n\n<p>El cannabis&nbsp;<em>(Cannabis sativa)<\/em>&nbsp;es una planta con una rica historia de usos m\u00e9dicos, recreativos y espirituales. En <a href=\"https:\/\/www.iceers.org\/es\/uso-ritual-cannabis-comunidad\/\">un reciente art\u00edculo cient\u00edfico<\/a>, publicado en la prestigiosa revista&nbsp;<em>International Journal of Drug Policy,<\/em>&nbsp;se exploraron los rituales donde se consumen psicoactivos como m\u00e9todos de uso controlado por la comunidad que ayudan a mantener una relaci\u00f3n saludable con la naturaleza y el entorno.<\/p>\n\n\n\n<p>El trabajo de campo etnogr\u00e1fico se llev\u00f3 a cabo en una comunidad fenomenol\u00f3gica de la Catalu\u00f1a rural llamada <strong>Pa\u00eds de las Maravillas<\/strong>, como parte de una tesis doctoral en Antropolog\u00eda M\u00e9dica y Salud Global en la Universidad Rovira i Virgili de Tarragona (Espa\u00f1a). La comunidad, dispersa por unas monta\u00f1as, tiene cinco habitantes fijos a fecha del estudio, pero cuenta con un centenar de personas que acuden cada mes de las proximidades u otras partes de Espa\u00f1a, as\u00ed como con otros tantos que lo hacen de forma menos regular. Esta comunidad se gest\u00f3 a mediados de los a\u00f1os 90, cuando cuatro mujeres se trasladaron con sus hijos a una casa abandonada en la cima de una monta\u00f1a de la Catalu\u00f1a rural.<\/p>\n\n\n\n<h2 class=\"wp-block-heading\"><strong>Consumir cannabis en un contexto ritual puede generar efectos beneficiosos individuales y comunitarios<\/strong><\/h2>\n\n\n\n<p>A trav\u00e9s de procedimientos de<strong> investigaci\u00f3n etnogr\u00e1fica, como el trabajo de campo, la observaci\u00f3n participante, las entrevistas en profundidad y el an\u00e1lisis cualitativo<\/strong>, el equipo dirigido por la doctora Maja Kohek, investigadora asociada de ICEERS, estudi\u00f3 una comunidad fenomenol\u00f3gica de la Catalu\u00f1a rural, donde plantas psicoactivas ancestrales como la ayahuasca y el cannabis se utilizan regularmente en un contexto ritual.<\/p>\n\n\n\n<p>Este estudio muestra que <strong>los rituales constituyen t\u00e9cnicas eficaces de reducci\u00f3n de da\u00f1os y que incluso pueden generar efectos beneficiosos<\/strong> tanto para el individuo como para la comunidad, al reforzar los v\u00ednculos entre sus miembros, en lugar de implicar una dependencia o adicci\u00f3n a las drogas.<\/p>\n\n\n\n<h2 class=\"wp-block-heading\"><strong>Pol\u00edticas de drogas<\/strong>: <strong>reconocer<\/strong> <strong>el consumo<\/strong> <strong>espiritual<\/strong> <strong>y en comunidad<\/strong><\/h2>\n\n\n\n<p>Aunque las pol\u00edticas internacionales sobre drogas y la lista de sustancias fiscalizadas afirman basarse en pruebas cient\u00edficas, las evidencias resultan limitadas. <strong>El enfoque contempor\u00e1neo en los riesgos y da\u00f1os de las drogas pasa por alto realidades importantes, como los beneficios de su uso no problem\u00e1tico. En consecuencia, es importante que estas pol\u00edticas tengan en cuenta los hallazgos cient\u00edficos en el campo de la etnograf\u00eda en relaci\u00f3n con las dimensiones espirituales y comunitarias del consumo de drogas.<\/strong><\/p>\n\n\n\n<p>Seg\u00fan los autores del estudio, <em><span class=\"has-inline-color has-luminous-vivid-orange-color\"><strong>\u00ablas agencias internacionales y los gobiernos nacionales<\/strong> est\u00e1n abordando el uso de drogas dentro de un marco de control de estupefacientes, que asume que las sustancias psicoactivas son intr\u00ednsecamente da\u00f1inas para los individuos y las sociedades, reduciendo las plantas tradicionales y los rituales que las acompa\u00f1an a meros compuestos psicoactivos en t\u00e9rminos de sus da\u00f1os potenciales, mientras que <strong>no consideran sus potenciales beneficios para los individuos y las comunidades, incluyendo su papel como potenciadores de la cohesi\u00f3n comunitaria\u00bb.<\/strong><\/span><\/em><br><br>De acuerdo con el estudio, el uso ritual de plantas o compuestos psicoactivos adquiere un significado simb\u00f3lico para el individuo y una funci\u00f3n formativa para la comunidad. Por ello, <em><span class=\"has-inline-color has-luminous-vivid-orange-color\">\u00abes necesario un di\u00e1logo entre los cient\u00edficos, los proveedores de atenci\u00f3n sanitaria, los pol\u00edticos y otros miembros de la sociedad con el fin de encontrar soluciones para la integraci\u00f3n de las plantas psicoactivas ancestrales en la sociedad\u00bb<\/span>.<\/em><\/p>\n\n\n\n<figure class=\"wp-block-image size-large\"><img loading=\"lazy\" decoding=\"async\" width=\"1024\" height=\"677\" src=\"https:\/\/www.cannabis.es\/pw\/wp-content\/uploads\/2021\/08\/RITUALES-CANNABICOS_1-1024x677.jpg\" alt=\"\" class=\"wp-image-7410\" srcset=\"https:\/\/www.cannabis.es\/pw\/wp-content\/uploads\/2021\/08\/RITUALES-CANNABICOS_1-1024x677.jpg 1024w, https:\/\/www.cannabis.es\/pw\/wp-content\/uploads\/2021\/08\/RITUALES-CANNABICOS_1-300x198.jpg 300w, https:\/\/www.cannabis.es\/pw\/wp-content\/uploads\/2021\/08\/RITUALES-CANNABICOS_1-768x508.jpg 768w, https:\/\/www.cannabis.es\/pw\/wp-content\/uploads\/2021\/08\/RITUALES-CANNABICOS_1-1536x1016.jpg 1536w, https:\/\/www.cannabis.es\/pw\/wp-content\/uploads\/2021\/08\/RITUALES-CANNABICOS_1-1200x794.jpg 1200w, https:\/\/www.cannabis.es\/pw\/wp-content\/uploads\/2021\/08\/RITUALES-CANNABICOS_1-600x397.jpg 600w, https:\/\/www.cannabis.es\/pw\/wp-content\/uploads\/2021\/08\/RITUALES-CANNABICOS_1.jpg 1607w\" sizes=\"auto, (max-width: 1024px) 100vw, 1024px\" \/><\/figure>\n\n\n\n<h2 class=\"wp-block-heading\">Las pr\u00e1cticas rituales del Pa\u00eds de las Maravillas<\/h2>\n\n\n\n<p>La comunidad ha desarrollado sus propias pr\u00e1cticas espirituales mezcla de tradiciones ancestrales y tribales con la rutina de la plegaria cristiana, y reconoce una Santa Mar\u00eda a modo de reivindicaci\u00f3n del uso ritual versus el meramente l\u00fadico, que es considerado profano. \u00ab<em><span class=\"has-inline-color has-luminous-vivid-orange-color\">La planta de cannabis se conoce como Santa Mar\u00eda para distinguirla del uso profano del cannabis y restaurar su valor sagrado. Seg\u00fan las creencias de la comunidad, Santa Mar\u00eda despierta la energ\u00eda femenina y da instrucciones de c\u00f3mo vivir una buena vida si se sabe usarla y compartirla con una clara intenci\u00f3n. Cuando se usa Santa Mar\u00eda, hay que dedicar tiempo solo a este prop\u00f3sito y preferiblemente usarlo en un entorno grupal. No se debe fumar mientras se realizan tareas de rutina diaria o por aburrimiento. El foco debe estar en la planta, porque uno no puede recibir los mensajes que transmite si est\u00e1 haciendo otra cosa mientras tanto\u00bb, <\/span><\/em><span class=\"has-inline-color has-black-color\">explica el estudio, que recoge un testimonio se\u00f1alando la diferencia con el uso recreativo<\/span>, que descartan.<\/p>\n\n\n\n<p>Las sesiones con Santa Mar\u00eda ocurren todos los d\u00edas y, si son por la ma\u00f1ana, leen y, por la tarde, cantan. Tambi\u00e9n comparten preguntas, problemas y buscan respuestas dentro de ellos mismo. Una vez al a\u00f1o, hacen la Navegaci\u00f3n Mariana, un ritual de seis d\u00edas en el que no solo fuman, sino que toman un brebaje tradicional de la India con cannabis para adentrarse en el bosque solos en una reflexi\u00f3n m\u00e1s profunda sobre ellos mismos, recreando una tradici\u00f3n nativa americana.<\/p>\n","protected":false},"excerpt":{"rendered":"<span class=\"span-reading-time rt-reading-time\" style=\"display: block;\"><span class=\"rt-label rt-prefix\">Tiempo de lectura:<\/span> <span class=\"rt-time\"> 3<\/span> <span class=\"rt-label rt-postfix\">minutos<\/span><\/span>Comunicado Iceers\/ Arnau Alcaide El cannabis&nbsp;(Cannabis sativa)&nbsp;es una planta con una rica historia de usos m\u00e9dicos, recreativos y espirituales. En un reciente art\u00edculo cient\u00edfico, publicado en la prestigiosa revista&nbsp;International Journal of Drug Policy,&nbsp;se exploraron los rituales donde se consumen psicoactivos como m\u00e9todos de uso controlado por la comunidad que ayudan a mantener una relaci\u00f3n saludable [&hellip;]","protected":false},"author":3,"featured_media":7410,"comment_status":"closed","ping_status":"closed","sticky":false,"template":"","format":"standard","meta":{"loftocean-featured-post":"","loftocean_post_format_gallery":"","loftocean_post_format_gallery_ids":"","loftocean_post_format_gallery_urls":"","loftocean_post_format_video_id":"","loftocean_post_format_video_url":"","loftocean_post_format_video_type":"","loftocean_post_format_video":"","loftocean_post_format_audio_type":"","loftocean_post_format_audio_url":"","loftocean_post_format_audio_id":"","loftocean_post_format_audio":"","loftocean_post_format_quote_text":"","loftocean_post_format_quote_byline":"","loftocean_post_format_link_text":"","loftocean_post_format_link_url":"","ceramag_post_header_style":"","ceramag_enable_background_video":"","ceramag_show_in_top_slider":"","ceramag_post_background_video_start":"","ceramag_post_background_video_end":"","loftocean_page_background_video_id":"","loftocean_page_background_video_url":"","loftocean_page_background_video_type":"","loftocean_page_background_video":"","ceramag_background_video_start":"","ceramag_background_video_end":"","ceramag_single_page_hide_header":"","footnotes":""},"categories":[35],"tags":[41,53],"class_list":["post-7409","post","type-post","status-publish","format-standard","has-post-thumbnail","hentry","category-politica-y-sociedad","tag-cannabis","tag-investigacion"],"yoast_head":"<!-- This site is optimized with the Yoast SEO plugin v24.9 - https:\/\/yoast.com\/wordpress\/plugins\/seo\/ -->\n<title>El uso ritual de cannabis refuerza los v\u00ednculos comunitarios<\/title>\n<meta name=\"description\" content=\"Entrada &#8226; Portal multimedia sobre cannabis y otras sustancias &#8226; 5 agosto, 2021\" \/>\n<meta name=\"robots\" content=\"index, follow, max-snippet:-1, max-image-preview:large, max-video-preview:-1\" \/>\n<link rel=\"canonical\" href=\"https:\/\/www.cannabis.es\/pw\/2021\/08\/05\/el-uso-ritual-de-cannabis-refuerza-los-vinculos-comunitarios\/\" \/>\n<meta name=\"twitter:card\" content=\"summary_large_image\" \/>\n<meta name=\"twitter:title\" content=\"El uso ritual de cannabis refuerza los v\u00ednculos comunitarios\" \/>\n<meta name=\"twitter:description\" content=\"Entrada &#8226; Portal multimedia sobre cannabis y otras sustancias &#8226; 5 agosto, 2021\" \/>\n<meta name=\"twitter:image\" content=\"https:\/\/www.cannabis.es\/pw\/wp-content\/uploads\/2021\/08\/RITUALES-CANNABICOS_1.jpg\" \/>\n<meta name=\"twitter:creator\" content=\"@cannabis_es\" \/>\n<meta name=\"twitter:site\" content=\"@cannabis_es\" \/>\n<meta name=\"twitter:label1\" content=\"Escrito por\" \/>\n\t<meta name=\"twitter:data1\" content=\"Cannabis.es\" \/>\n\t<meta name=\"twitter:label2\" content=\"Tiempo de lectura\" \/>\n\t<meta name=\"twitter:data2\" content=\"4 minutos\" \/>\n<script type=\"application\/ld+json\" class=\"yoast-schema-graph\">{\"@context\":\"https:\/\/schema.org\",\"@graph\":[{\"@type\":\"Article\",\"@id\":\"https:\/\/www.cannabis.es\/pw\/2021\/08\/05\/el-uso-ritual-de-cannabis-refuerza-los-vinculos-comunitarios\/#article\",\"isPartOf\":{\"@id\":\"https:\/\/www.cannabis.es\/pw\/2021\/08\/05\/el-uso-ritual-de-cannabis-refuerza-los-vinculos-comunitarios\/\"},\"author\":{\"name\":\"Cannabis.es\",\"@id\":\"https:\/\/www.cannabis.es\/pw\/#\/schema\/person\/ec770c03f3e99d770687f537f4ba1e89\"},\"headline\":\"El uso ritual de cannabis refuerza los v\u00ednculos comunitarios\",\"datePublished\":\"2021-08-05T11:22:45+00:00\",\"dateModified\":\"2021-08-05T11:57:06+00:00\",\"mainEntityOfPage\":{\"@id\":\"https:\/\/www.cannabis.es\/pw\/2021\/08\/05\/el-uso-ritual-de-cannabis-refuerza-los-vinculos-comunitarios\/\"},\"wordCount\":886,\"publisher\":{\"@id\":\"https:\/\/www.cannabis.es\/pw\/#organization\"},\"image\":{\"@id\":\"https:\/\/www.cannabis.es\/pw\/2021\/08\/05\/el-uso-ritual-de-cannabis-refuerza-los-vinculos-comunitarios\/#primaryimage\"},\"thumbnailUrl\":\"https:\/\/www.cannabis.es\/pw\/wp-content\/uploads\/2021\/08\/RITUALES-CANNABICOS_1.jpg\",\"keywords\":[\"cannabis\",\"investigaci\u00f3n\"],\"articleSection\":[\"Pol\u00edtica y Sociedad\"],\"inLanguage\":\"es\"},{\"@type\":\"WebPage\",\"@id\":\"https:\/\/www.cannabis.es\/pw\/2021\/08\/05\/el-uso-ritual-de-cannabis-refuerza-los-vinculos-comunitarios\/\",\"url\":\"https:\/\/www.cannabis.es\/pw\/2021\/08\/05\/el-uso-ritual-de-cannabis-refuerza-los-vinculos-comunitarios\/\",\"name\":\"El uso ritual de cannabis refuerza los v\u00ednculos comunitarios\",\"isPartOf\":{\"@id\":\"https:\/\/www.cannabis.es\/pw\/#website\"},\"primaryImageOfPage\":{\"@id\":\"https:\/\/www.cannabis.es\/pw\/2021\/08\/05\/el-uso-ritual-de-cannabis-refuerza-los-vinculos-comunitarios\/#primaryimage\"},\"image\":{\"@id\":\"https:\/\/www.cannabis.es\/pw\/2021\/08\/05\/el-uso-ritual-de-cannabis-refuerza-los-vinculos-comunitarios\/#primaryimage\"},\"thumbnailUrl\":\"https:\/\/www.cannabis.es\/pw\/wp-content\/uploads\/2021\/08\/RITUALES-CANNABICOS_1.jpg\",\"datePublished\":\"2021-08-05T11:22:45+00:00\",\"dateModified\":\"2021-08-05T11:57:06+00:00\",\"description\":\"Entrada &#8226; Portal multimedia sobre cannabis y otras sustancias &#8226; 5 agosto, 2021\",\"breadcrumb\":{\"@id\":\"https:\/\/www.cannabis.es\/pw\/2021\/08\/05\/el-uso-ritual-de-cannabis-refuerza-los-vinculos-comunitarios\/#breadcrumb\"},\"inLanguage\":\"es\",\"potentialAction\":[{\"@type\":\"ReadAction\",\"target\":[\"https:\/\/www.cannabis.es\/pw\/2021\/08\/05\/el-uso-ritual-de-cannabis-refuerza-los-vinculos-comunitarios\/\"]}]},{\"@type\":\"ImageObject\",\"inLanguage\":\"es\",\"@id\":\"https:\/\/www.cannabis.es\/pw\/2021\/08\/05\/el-uso-ritual-de-cannabis-refuerza-los-vinculos-comunitarios\/#primaryimage\",\"url\":\"https:\/\/www.cannabis.es\/pw\/wp-content\/uploads\/2021\/08\/RITUALES-CANNABICOS_1.jpg\",\"contentUrl\":\"https:\/\/www.cannabis.es\/pw\/wp-content\/uploads\/2021\/08\/RITUALES-CANNABICOS_1.jpg\",\"width\":1607,\"height\":1063},{\"@type\":\"BreadcrumbList\",\"@id\":\"https:\/\/www.cannabis.es\/pw\/2021\/08\/05\/el-uso-ritual-de-cannabis-refuerza-los-vinculos-comunitarios\/#breadcrumb\",\"itemListElement\":[{\"@type\":\"ListItem\",\"position\":1,\"name\":\"Portada\",\"item\":\"http:\/\/www.cannabis.es\/pw\/\"},{\"@type\":\"ListItem\",\"position\":2,\"name\":\"El uso ritual de cannabis refuerza los v\u00ednculos comunitarios\"}]},{\"@type\":\"WebSite\",\"@id\":\"https:\/\/www.cannabis.es\/pw\/#website\",\"url\":\"https:\/\/www.cannabis.es\/pw\/\",\"name\":\"Cannabis\",\"description\":\"Portal multimedia sobre cannabis y otras sustancias\",\"publisher\":{\"@id\":\"https:\/\/www.cannabis.es\/pw\/#organization\"},\"potentialAction\":[{\"@type\":\"SearchAction\",\"target\":{\"@type\":\"EntryPoint\",\"urlTemplate\":\"https:\/\/www.cannabis.es\/pw\/?s={search_term_string}\"},\"query-input\":{\"@type\":\"PropertyValueSpecification\",\"valueRequired\":true,\"valueName\":\"search_term_string\"}}],\"inLanguage\":\"es\"},{\"@type\":\"Organization\",\"@id\":\"https:\/\/www.cannabis.es\/pw\/#organization\",\"name\":\"Cannabis.es\",\"url\":\"https:\/\/www.cannabis.es\/pw\/\",\"logo\":{\"@type\":\"ImageObject\",\"inLanguage\":\"es\",\"@id\":\"https:\/\/www.cannabis.es\/pw\/#\/schema\/logo\/image\/\",\"url\":\"https:\/\/www.cannabis.es\/pw\/wp-content\/uploads\/2019\/04\/cropped-logo_cannabis.png\",\"contentUrl\":\"https:\/\/www.cannabis.es\/pw\/wp-content\/uploads\/2019\/04\/cropped-logo_cannabis.png\",\"width\":361,\"height\":120,\"caption\":\"Cannabis.es\"},\"image\":{\"@id\":\"https:\/\/www.cannabis.es\/pw\/#\/schema\/logo\/image\/\"},\"sameAs\":[\"https:\/\/x.com\/cannabis_es\"]},{\"@type\":\"Person\",\"@id\":\"https:\/\/www.cannabis.es\/pw\/#\/schema\/person\/ec770c03f3e99d770687f537f4ba1e89\",\"name\":\"Cannabis.es\",\"image\":{\"@type\":\"ImageObject\",\"inLanguage\":\"es\",\"@id\":\"https:\/\/www.cannabis.es\/pw\/#\/schema\/person\/image\/\",\"url\":\"https:\/\/secure.gravatar.com\/avatar\/810c93a3d6fadc3d9c2665b1d919a4aedea8ed4dd63689d001e985a804e90d83?s=96&d=mm&r=g\",\"contentUrl\":\"https:\/\/secure.gravatar.com\/avatar\/810c93a3d6fadc3d9c2665b1d919a4aedea8ed4dd63689d001e985a804e90d83?s=96&d=mm&r=g\",\"caption\":\"Cannabis.es\"},\"url\":\"https:\/\/www.cannabis.es\/pw\/author\/arnau\/\"}]}<\/script>\n<!-- \/ Yoast SEO plugin. -->","yoast_head_json":{"title":"El uso ritual de cannabis refuerza los v\u00ednculos comunitarios","description":"Entrada &#8226; Portal multimedia sobre cannabis y otras sustancias &#8226; 5 agosto, 2021","robots":{"index":"index","follow":"follow","max-snippet":"max-snippet:-1","max-image-preview":"max-image-preview:large","max-video-preview":"max-video-preview:-1"},"canonical":"https:\/\/www.cannabis.es\/pw\/2021\/08\/05\/el-uso-ritual-de-cannabis-refuerza-los-vinculos-comunitarios\/","twitter_card":"summary_large_image","twitter_title":"El uso ritual de cannabis refuerza los v\u00ednculos comunitarios","twitter_description":"Entrada &#8226; Portal multimedia sobre cannabis y otras sustancias &#8226; 5 agosto, 2021","twitter_image":"https:\/\/www.cannabis.es\/pw\/wp-content\/uploads\/2021\/08\/RITUALES-CANNABICOS_1.jpg","twitter_creator":"@cannabis_es","twitter_site":"@cannabis_es","twitter_misc":{"Escrito por":"Cannabis.es","Tiempo de lectura":"4 minutos"},"schema":{"@context":"https:\/\/schema.org","@graph":[{"@type":"Article","@id":"https:\/\/www.cannabis.es\/pw\/2021\/08\/05\/el-uso-ritual-de-cannabis-refuerza-los-vinculos-comunitarios\/#article","isPartOf":{"@id":"https:\/\/www.cannabis.es\/pw\/2021\/08\/05\/el-uso-ritual-de-cannabis-refuerza-los-vinculos-comunitarios\/"},"author":{"name":"Cannabis.es","@id":"https:\/\/www.cannabis.es\/pw\/#\/schema\/person\/ec770c03f3e99d770687f537f4ba1e89"},"headline":"El uso ritual de cannabis refuerza los v\u00ednculos comunitarios","datePublished":"2021-08-05T11:22:45+00:00","dateModified":"2021-08-05T11:57:06+00:00","mainEntityOfPage":{"@id":"https:\/\/www.cannabis.es\/pw\/2021\/08\/05\/el-uso-ritual-de-cannabis-refuerza-los-vinculos-comunitarios\/"},"wordCount":886,"publisher":{"@id":"https:\/\/www.cannabis.es\/pw\/#organization"},"image":{"@id":"https:\/\/www.cannabis.es\/pw\/2021\/08\/05\/el-uso-ritual-de-cannabis-refuerza-los-vinculos-comunitarios\/#primaryimage"},"thumbnailUrl":"https:\/\/www.cannabis.es\/pw\/wp-content\/uploads\/2021\/08\/RITUALES-CANNABICOS_1.jpg","keywords":["cannabis","investigaci\u00f3n"],"articleSection":["Pol\u00edtica y Sociedad"],"inLanguage":"es"},{"@type":"WebPage","@id":"https:\/\/www.cannabis.es\/pw\/2021\/08\/05\/el-uso-ritual-de-cannabis-refuerza-los-vinculos-comunitarios\/","url":"https:\/\/www.cannabis.es\/pw\/2021\/08\/05\/el-uso-ritual-de-cannabis-refuerza-los-vinculos-comunitarios\/","name":"El uso ritual de cannabis refuerza los v\u00ednculos comunitarios","isPartOf":{"@id":"https:\/\/www.cannabis.es\/pw\/#website"},"primaryImageOfPage":{"@id":"https:\/\/www.cannabis.es\/pw\/2021\/08\/05\/el-uso-ritual-de-cannabis-refuerza-los-vinculos-comunitarios\/#primaryimage"},"image":{"@id":"https:\/\/www.cannabis.es\/pw\/2021\/08\/05\/el-uso-ritual-de-cannabis-refuerza-los-vinculos-comunitarios\/#primaryimage"},"thumbnailUrl":"https:\/\/www.cannabis.es\/pw\/wp-content\/uploads\/2021\/08\/RITUALES-CANNABICOS_1.jpg","datePublished":"2021-08-05T11:22:45+00:00","dateModified":"2021-08-05T11:57:06+00:00","description":"Entrada &#8226; Portal multimedia sobre cannabis y otras sustancias &#8226; 5 agosto, 2021","breadcrumb":{"@id":"https:\/\/www.cannabis.es\/pw\/2021\/08\/05\/el-uso-ritual-de-cannabis-refuerza-los-vinculos-comunitarios\/#breadcrumb"},"inLanguage":"es","potentialAction":[{"@type":"ReadAction","target":["https:\/\/www.cannabis.es\/pw\/2021\/08\/05\/el-uso-ritual-de-cannabis-refuerza-los-vinculos-comunitarios\/"]}]},{"@type":"ImageObject","inLanguage":"es","@id":"https:\/\/www.cannabis.es\/pw\/2021\/08\/05\/el-uso-ritual-de-cannabis-refuerza-los-vinculos-comunitarios\/#primaryimage","url":"https:\/\/www.cannabis.es\/pw\/wp-content\/uploads\/2021\/08\/RITUALES-CANNABICOS_1.jpg","contentUrl":"https:\/\/www.cannabis.es\/pw\/wp-content\/uploads\/2021\/08\/RITUALES-CANNABICOS_1.jpg","width":1607,"height":1063},{"@type":"BreadcrumbList","@id":"https:\/\/www.cannabis.es\/pw\/2021\/08\/05\/el-uso-ritual-de-cannabis-refuerza-los-vinculos-comunitarios\/#breadcrumb","itemListElement":[{"@type":"ListItem","position":1,"name":"Portada","item":"http:\/\/www.cannabis.es\/pw\/"},{"@type":"ListItem","position":2,"name":"El uso ritual de cannabis refuerza los v\u00ednculos comunitarios"}]},{"@type":"WebSite","@id":"https:\/\/www.cannabis.es\/pw\/#website","url":"https:\/\/www.cannabis.es\/pw\/","name":"Cannabis","description":"Portal multimedia sobre cannabis y otras sustancias","publisher":{"@id":"https:\/\/www.cannabis.es\/pw\/#organization"},"potentialAction":[{"@type":"SearchAction","target":{"@type":"EntryPoint","urlTemplate":"https:\/\/www.cannabis.es\/pw\/?s={search_term_string}"},"query-input":{"@type":"PropertyValueSpecification","valueRequired":true,"valueName":"search_term_string"}}],"inLanguage":"es"},{"@type":"Organization","@id":"https:\/\/www.cannabis.es\/pw\/#organization","name":"Cannabis.es","url":"https:\/\/www.cannabis.es\/pw\/","logo":{"@type":"ImageObject","inLanguage":"es","@id":"https:\/\/www.cannabis.es\/pw\/#\/schema\/logo\/image\/","url":"https:\/\/www.cannabis.es\/pw\/wp-content\/uploads\/2019\/04\/cropped-logo_cannabis.png","contentUrl":"https:\/\/www.cannabis.es\/pw\/wp-content\/uploads\/2019\/04\/cropped-logo_cannabis.png","width":361,"height":120,"caption":"Cannabis.es"},"image":{"@id":"https:\/\/www.cannabis.es\/pw\/#\/schema\/logo\/image\/"},"sameAs":["https:\/\/x.com\/cannabis_es"]},{"@type":"Person","@id":"https:\/\/www.cannabis.es\/pw\/#\/schema\/person\/ec770c03f3e99d770687f537f4ba1e89","name":"Cannabis.es","image":{"@type":"ImageObject","inLanguage":"es","@id":"https:\/\/www.cannabis.es\/pw\/#\/schema\/person\/image\/","url":"https:\/\/secure.gravatar.com\/avatar\/810c93a3d6fadc3d9c2665b1d919a4aedea8ed4dd63689d001e985a804e90d83?s=96&d=mm&r=g","contentUrl":"https:\/\/secure.gravatar.com\/avatar\/810c93a3d6fadc3d9c2665b1d919a4aedea8ed4dd63689d001e985a804e90d83?s=96&d=mm&r=g","caption":"Cannabis.es"},"url":"https:\/\/www.cannabis.es\/pw\/author\/arnau\/"}]}},"_links":{"self":[{"href":"https:\/\/www.cannabis.es\/pw\/wp-json\/wp\/v2\/posts\/7409","targetHints":{"allow":["GET"]}}],"collection":[{"href":"https:\/\/www.cannabis.es\/pw\/wp-json\/wp\/v2\/posts"}],"about":[{"href":"https:\/\/www.cannabis.es\/pw\/wp-json\/wp\/v2\/types\/post"}],"author":[{"embeddable":true,"href":"https:\/\/www.cannabis.es\/pw\/wp-json\/wp\/v2\/users\/3"}],"replies":[{"embeddable":true,"href":"https:\/\/www.cannabis.es\/pw\/wp-json\/wp\/v2\/comments?post=7409"}],"version-history":[{"count":2,"href":"https:\/\/www.cannabis.es\/pw\/wp-json\/wp\/v2\/posts\/7409\/revisions"}],"predecessor-version":[{"id":7413,"href":"https:\/\/www.cannabis.es\/pw\/wp-json\/wp\/v2\/posts\/7409\/revisions\/7413"}],"wp:featuredmedia":[{"embeddable":true,"href":"https:\/\/www.cannabis.es\/pw\/wp-json\/wp\/v2\/media\/7410"}],"wp:attachment":[{"href":"https:\/\/www.cannabis.es\/pw\/wp-json\/wp\/v2\/media?parent=7409"}],"wp:term":[{"taxonomy":"category","embeddable":true,"href":"https:\/\/www.cannabis.es\/pw\/wp-json\/wp\/v2\/categories?post=7409"},{"taxonomy":"post_tag","embeddable":true,"href":"https:\/\/www.cannabis.es\/pw\/wp-json\/wp\/v2\/tags?post=7409"}],"curies":[{"name":"wp","href":"https:\/\/api.w.org\/{rel}","templated":true}]}}