{"id":7529,"date":"2021-09-30T13:35:45","date_gmt":"2021-09-30T11:35:45","guid":{"rendered":"https:\/\/www.cannabis.es\/pw\/?p=7529"},"modified":"2021-09-30T13:45:04","modified_gmt":"2021-09-30T11:45:04","slug":"mas-pais-registra-la-regulacion-mas-avanzada-de-europa-sin-patentes-para-el-medicinal","status":"publish","type":"post","link":"https:\/\/www.cannabis.es\/pw\/2021\/09\/30\/mas-pais-registra-la-regulacion-mas-avanzada-de-europa-sin-patentes-para-el-medicinal\/","title":{"rendered":"M\u00e1s Pa\u00eds registra la regulaci\u00f3n \u00abm\u00e1s avanzada de Europa\u00bb sin patentes para el medicinal"},"content":{"rendered":"\n<p>Benito D\u00edaz<\/p>\n\n\n\n<p>El pasado lunes d\u00eda 27, M\u00e1s Pa\u00eds registr\u00f3 su proyecto para la regularizaci\u00f3n del cannabis en el Congreso de los Diputados. La normativa, que se adelant\u00f3 a la de ERC y la de Podemos, prev\u00e9 regular la planta de forma integral, mencionando en espec\u00edfico el autocultivo y las asociaciones cann\u00e1bicas. En conjunci\u00f3n con otras medidas, tambi\u00e9n proponen un gravamen especial y la creaci\u00f3n de una Agencia Estatal del Cannabis.<\/p>\n\n\n\n<p>El representante de M\u00e1s Pa\u00eds, declaraba en rueda de prensa el pasado lunes que esta es la medida m\u00e1s progresista de Europa en relaci\u00f3n a la marihuana. <span class=\"has-inline-color has-luminous-vivid-orange-color\">\u201c<em>Esta proposici\u00f3n es para regular todos los usos del cannabis. El uso particular, el profesional y el medicinal. Regula el autocultivo, la compra, el transporte, la publicidad, el etiquetado, el consumo, de manera similar al tabaco\u201d<\/em><\/span>, declar\u00f3 \u00cd\u00f1igo Errej\u00f3n en la rueda de prensa posterior a la presentaci\u00f3n. En una semana, se han presentado las propuestas de regulaci\u00f3n <a href=\"https:\/\/www.cannabis.es\/pw\/2021\/09\/24\/portazo-al-cannabis-de-psoe-pp-y-vox-en-el-senado\/\">de Luz Verde<\/a>, de <a href=\"https:\/\/www.cannabis.es\/pw\/2021\/09\/28\/esquerra-republicana-presenta-su-regulacion-del-cannabis-en-el-congreso\/\">Esquerra Republicana de Catalunya<\/a> y esta de M\u00e1s Pa\u00eds.<\/p>\n\n\n\n<p>Los motivos para presentar la medida, seg\u00fan Errej\u00f3n, se explicar\u00edan en tres puntos. En primer lugar, para establecer un control sobre el mercado negro, que funciona de forma efectiva y actual en nuestro pa\u00eds. En segundo lugar, por una cuesti\u00f3n de salud, al ser el Estado el que proporciona y asegura las reglas sanitarias necesarias para calificar un producto como apto para el consumo. En tercer lugar, por cuestiones econ\u00f3micas, queriendo de esta forma reflotar los beneficios monetarios ahora en manos de las mafias y el mercado il\u00edcito. El portavoz de M\u00e1s Pa\u00eds, asegur\u00f3 que <strong>un 60% de lo recaudado de esta forma ir\u00eda destinado a reforzar el sistema p\u00fablico de salud.<\/strong><\/p>\n\n\n\n<figure class=\"wp-block-embed is-type-rich is-provider-twitter wp-block-embed-twitter\"><div class=\"wp-block-embed__wrapper\">\n<blockquote class=\"twitter-tweet\" data-width=\"550\" data-dnt=\"true\"><p lang=\"es\" dir=\"ltr\">Presentamos la Ley Integral del Cannabis m\u00e1s avanzada de Europa <a href=\"https:\/\/twitter.com\/hashtag\/LeyIntegralCannabis?src=hash&amp;ref_src=twsrc%5Etfw\">#LeyIntegralCannabis<\/a> <a href=\"https:\/\/t.co\/k1kLvplXoM\">pic.twitter.com\/k1kLvplXoM<\/a><\/p>&mdash; \u00cd\u00f1igo Errej\u00f3n (@ierrejon) <a href=\"https:\/\/twitter.com\/ierrejon\/status\/1442774538073296900?ref_src=twsrc%5Etfw\">September 28, 2021<\/a><\/blockquote><script async src=\"https:\/\/platform.twitter.com\/widgets.js\" charset=\"utf-8\"><\/script>\n<\/div><\/figure>\n\n\n\n<h2 class=\"wp-block-heading\"><strong>Legislaci\u00f3n<\/strong><\/h2>\n\n\n\n<p>La propuesta, lanzada en conjunci\u00f3n con el partido ecologista EQUO, se divide en una parte introductoria, donde establecen los motivos que han llevado a la realizaci\u00f3n de este documento, de forma detallada. Tras citar una serie de antecedentes jur\u00eddicos, el papel contin\u00faa con el t\u00edtulo preliminar a las normativas que establece:<span class=\"has-inline-color has-luminous-vivid-orange-color\"> <em>\u201cLa Ley declara y reconoce el valor y car\u00e1cter universal, cultural, sociol\u00f3gico, l\u00fadico, recreativo, medicinal, comercial e industrial de la planta &#8216;Cannabis Sativa L&#8217; en todas sus variedades. Los actos de cultivo y autocultivo de la misma, as\u00ed como sus diversos usos son libres\u201d<\/em><\/span><em>.<\/em> Las l\u00edneas contin\u00faan con un glosario t\u00e9cnico, para proseguir con la definici\u00f3n de dos grandes grupos de usuarios, los particulares y los profesionales: <em><span class=\"has-inline-color has-luminous-vivid-orange-color\">\u201cTendr\u00e1n la consideraci\u00f3n de <strong>usuarios particulares<\/strong> las personas f\u00edsicas que cultivan, consumen o utilizan la planta o sus derivados para fines estrictamente personales, en su \u00e1mbito dom\u00e9stico o privado\u201d<\/span><\/em>, mientras que,<span class=\"has-inline-color has-luminous-vivid-orange-color\"> <em>\u201ctendr\u00e1n la consideraci\u00f3n de <strong>usuarios profesionales<\/strong> las personas f\u00edsicas o jur\u00eddicas que realizan actividades en relaci\u00f3n con la planta o sus derivados con un fin distinto del particular y a t\u00edtulo oneroso\u201d.<\/em><\/span><\/p>\n\n\n\n<h2 class=\"wp-block-heading\"><strong>Usos particulares<\/strong><\/h2>\n\n\n\n<p>Para el caso de los consumidores y autocultivadores, la ordenanza de M\u00e1s Pa\u00eds incluye que, <em><span class=\"has-inline-color has-luminous-vivid-orange-color\">\u201cla plantaci\u00f3n en exterior no puede superar los 12 individuos femeninos\u201d<\/span>.<\/em> Adem\u00e1s, <em><span class=\"has-inline-color has-luminous-vivid-orange-color\">\u201cla plantaci\u00f3n en interior no emplee potencias superiores a los 1.200 vatios para su producci\u00f3n. El almacenaje de sus derivados de floraci\u00f3n seca no supere los 3.650 gramos. El almacenaje de producto derivado extra\u00eddo en forma de resinas, aceites o similares no supere los 1.000 gramos. No se tendr\u00e1n en cuenta para este c\u00f3mputo, en el \u00e1mbito del cultivo de interior, los espacios reservados a preservaci\u00f3n de gen\u00e9ticas. A este efecto se podr\u00e1n destinar hasta dos espacios adicionales de hasta un metro cuadrado (1m2) cada uno de ellos\u201d<\/span>.<\/em> Se estipula que toda persona particular que exceda estas medidas, deber\u00e1 registrar su cultivo en un registro especial donde se indicar\u00e1 el uso debido y los motivos que justifican el exceso.<\/p>\n\n\n\n<p><strong>La tenencia en v\u00eda p\u00fablica, as\u00ed como el transporte y consumo, se considerar\u00e1n actos legales, salvo que se lleven a cabo en lugares donde se proh\u00edban por la ley antitabaco de 2005<\/strong>. Estar\u00e1 prohibida su venta a menores y personas incapaces, tambi\u00e9n estar\u00e1 prohibido el ejercicio de la conducci\u00f3n, sin embargo, no podr\u00e1n ser sancionadas las personas que solo presenten THC en sangre. Aqu\u00ed se decidir\u00eda si la persona est\u00e1 llevando a cabo la conducci\u00f3n bajo la influencia de la marihuana, para lo cual ser\u00eda preciso una <a href=\"https:\/\/www.cannabis.es\/pw\/2021\/01\/20\/sentencia-modelo-contra-el-drogotest-un-catalogo-de-vulneracion-de-derechos\/\">prueba t\u00e9cnica<\/a> como una <a href=\"https:\/\/www.cannabis.es\/pw\/2021\/06\/09\/si-manana-tienes-que-conducir-solo-puedes-tomar-alcohol\/\">conductual<\/a> que el documento no aclara por el momento. El consumo de cannabis no podr\u00e1 ser consecuencia de despido, siempre que \u00e9ste se d\u00e9 en el tiempo de ocio del trabajador. Esta cuesti\u00f3n ser\u00e1 solo aplicable si no se da en el lugar de trabajo, en cuyo caso el empleador deber\u00e1 demostrarlo.<\/p>\n\n\n\n<p>El papel detalla a\u00fan m\u00e1s el tema de la tenencia,<span class=\"has-inline-color has-luminous-vivid-orange-color\"> <em>\u201clas personas que hagan un uso particular del cannabis podr\u00e1n transportar por la v\u00eda p\u00fablica oculto dentro de sus pertenencias y sin realizar ostentaci\u00f3n hasta 10 veces la cantidad necesaria de consumo diario. Este l\u00edmite ser\u00e1 establecido reglamentariamente\u201d.<\/em><\/span><\/p>\n\n\n\n<h2 class=\"wp-block-heading\"><strong>Cultivo asociativo<\/strong><\/h2>\n\n\n\n<p>Situaciones como los clubs <a href=\"https:\/\/www.cannabis.es\/pw\/2021\/04\/30\/la-asociacion-cannabica-valladolid-420-sigue-en-juicio-pese-al-aval-de-interior\/\">y asociaciones cann\u00e1bicas<\/a>, quedar\u00edan establecidas las medidas seg\u00fan el n\u00famero de socios. As\u00ed, asociaciones de hasta 50 socios, podr\u00edan tener hasta 150 kg de flor seca por a\u00f1o. De 51 a 100 socios, 300 kg. Asociaciones de m\u00e1s de 100 socios, 450 kg, a los que se a\u00f1adir\u00e1n 150 kg por cada 50 socios adicionales o fracci\u00f3n<strong>. En ning\u00fan caso, se advierte, se podr\u00e1 superar la cantidad de 4kg anuales por persona asociada.<\/strong><\/p>\n\n\n\n<h2 class=\"wp-block-heading\"><strong>Uso profesional<\/strong><\/h2>\n\n\n\n<p>El proyecto de ley establece que los <strong>cultivos con af\u00e1n de lucro<\/strong> tendr\u00e1n que recibir una<strong> licencia espec\u00edfica<\/strong> para llevar a cabo su negocio. Tambi\u00e9n se habla de la creaci\u00f3n de un registro de empresas, donde tendr\u00e1n que figurar datos como el lugar de cultivo, la delimitaci\u00f3n exacta del terreno, identificaci\u00f3n mediante coordenadas, n\u00famero de plantas y fenotipos, descripci\u00f3n e identificaci\u00f3n de los fertilizantes y productos fitosanitarios que se utilizar\u00e1n, direcci\u00f3n de conexi\u00f3n a los sistemas de grabaci\u00f3n y visualizaci\u00f3n de la superficie y las plantas, estando estas im\u00e1genes sujetas a protecci\u00f3n de datos. Identificaci\u00f3n de personas titulares y responsables del cultivo, as\u00ed como descripci\u00f3n de los elementos y sistemas de seguridad.<\/p>\n\n\n\n<p>La trazabilidad de la planta y derivados, limitaciones en el uso del suelo (prohibido plantar en suelos de uso p\u00fablico o propiedad de la Administraci\u00f3n), son otras de las medidas que se barajan en la normativa. Punto especial de menci\u00f3n para los cultivos que tienen lugar en interior, donde se especifica que<strong> un 60% de la energ\u00eda consumida debe provenir de fuentes renovables.<\/strong><\/p>\n\n\n\n<p>En este apartado tambi\u00e9n se establecen las reglas para los Growshops, seg\u00fan las cuales se debe estar provisto de sistemas de seguridad que impidan el acceso a menores de edad, sistemas de grabaci\u00f3n y seguimiento sobre mercanc\u00edas y operaciones, sistemas de trazabilidad para transacciones y registro, a fin de facilitar los hechos impositivos. Se proh\u00edbe la publicidad de cara al exterior y las ventas no presenciales deber\u00e1n venir avaladas por justificantes. Para la venta de flor o derivados del cannabis, tendr\u00e1n que darse de alta en un apartado de actividades econ\u00f3micas creado espec\u00edficamente, y ser\u00e1n excepci\u00f3n a estas normas aquellas tiendas que solo vendan semillas.<\/p>\n\n\n\n<h2 class=\"wp-block-heading\"><strong>Usos terap\u00e9uticos<\/strong><\/h2>\n\n\n\n<p>Los pacientes cann\u00e1bicos se beneficiar\u00e1n del acceso a sus terapias, previa <a href=\"https:\/\/www.cannabis.es\/pw\/2021\/09\/29\/terapias-cannabicas-el-coste-de-los-farmacos\/\">recomendaci\u00f3n m\u00e9dica.<\/a> Los productos derivados que tengan este fin, as\u00ed como los medios utilizados en investigaci\u00f3n y desarrollo, estar\u00e1n exentos de tasas impositivas. La norma proh\u00edbe las patentes o exclusividades a partir de hallazgos o descubrimientos relacionados con el cannabis en el territorio nacional. Incluso, <em><strong>\u201cel Estado no reconocer\u00e1 en su \u00e1mbito territorial las patentes o licencias otorgadas tras la entrada en vigor de esta Ley sobre la planta o sus derivados<\/strong> por naciones extranjeras en el \u00e1mbito de las aplicaciones medicinales\u201d.<\/em><\/p>\n\n\n\n<h2 class=\"wp-block-heading\"><strong>Tasas impositivas y sanciones<\/strong><\/h2>\n\n\n\n<p>Para las tasas del cannabis se instaura un impuesto denominado \u201cImpuesto Especial del Cannabis\u201d. Como hemos se\u00f1alado, <span class=\"has-inline-color has-luminous-vivid-orange-color\"><em>\u201cen el caso de usos no medicinales, terap\u00e9uticos o de investigaci\u00f3n, la planta y sus derivados est\u00e1n sujetos<\/em> <em>al Impuesto Especial Sobre el Cannabis que no podr\u00e1 exceder de un gravamen m\u00e1ximo del 35% sobre el precio final de venta al p\u00fablico [\u2026]Para el caso de la presentaci\u00f3n de la planta o sus derivados en forma de cigarrillos, 20 c\u00e9ntimos por cada unidad. Para el caso de cualquier otra forma o derivado, 10 euros por cada mil miligramos de sustancia psicoactiva (THC) que contenga la presentaci\u00f3n de acuerdo con lo dispuesto en el art\u00edculo 23 de esta Ley\u201d<\/em><\/span><em>.<\/em><\/p>\n\n\n\n<p>Las sanciones ser\u00e1n establecidas seg\u00fan la actual ordenanza sobre contrabando, dejando en blanco el apartado de sanciones por infracciones de la ley.<\/p>\n\n\n\n<figure class=\"wp-block-image size-full\"><img loading=\"lazy\" decoding=\"async\" width=\"804\" height=\"532\" src=\"https:\/\/www.cannabis.es\/pw\/wp-content\/uploads\/2021\/09\/propuesta-ley-integral-1.jpg\" alt=\"\" class=\"wp-image-7532\" srcset=\"https:\/\/www.cannabis.es\/pw\/wp-content\/uploads\/2021\/09\/propuesta-ley-integral-1.jpg 804w, https:\/\/www.cannabis.es\/pw\/wp-content\/uploads\/2021\/09\/propuesta-ley-integral-1-300x199.jpg 300w, https:\/\/www.cannabis.es\/pw\/wp-content\/uploads\/2021\/09\/propuesta-ley-integral-1-768x508.jpg 768w, https:\/\/www.cannabis.es\/pw\/wp-content\/uploads\/2021\/09\/propuesta-ley-integral-1-600x397.jpg 600w\" sizes=\"auto, (max-width: 804px) 100vw, 804px\" \/><\/figure>\n","protected":false},"excerpt":{"rendered":"<span class=\"span-reading-time rt-reading-time\" style=\"display: block;\"><span class=\"rt-label rt-prefix\">Tiempo de lectura:<\/span> <span class=\"rt-time\"> 5<\/span> <span class=\"rt-label rt-postfix\">minutos<\/span><\/span>Benito D\u00edaz El pasado lunes d\u00eda 27, M\u00e1s Pa\u00eds registr\u00f3 su proyecto para la regularizaci\u00f3n del cannabis en el Congreso de los Diputados. La normativa, que se adelant\u00f3 a la de ERC y la de Podemos, prev\u00e9 regular la planta de forma integral, mencionando en espec\u00edfico el autocultivo y las asociaciones cann\u00e1bicas. En conjunci\u00f3n con [&hellip;]","protected":false},"author":3,"featured_media":7532,"comment_status":"closed","ping_status":"closed","sticky":false,"template":"","format":"standard","meta":{"loftocean-featured-post":"","loftocean_post_format_gallery":"","loftocean_post_format_gallery_ids":"","loftocean_post_format_gallery_urls":"","loftocean_post_format_video_id":"","loftocean_post_format_video_url":"","loftocean_post_format_video_type":"","loftocean_post_format_video":"","loftocean_post_format_audio_type":"","loftocean_post_format_audio_url":"","loftocean_post_format_audio_id":"","loftocean_post_format_audio":"","loftocean_post_format_quote_text":"","loftocean_post_format_quote_byline":"","loftocean_post_format_link_text":"","loftocean_post_format_link_url":"","ceramag_post_header_style":"","ceramag_enable_background_video":"","ceramag_show_in_top_slider":"","ceramag_post_background_video_start":"","ceramag_post_background_video_end":"","loftocean_page_background_video_id":"","loftocean_page_background_video_url":"","loftocean_page_background_video_type":"","loftocean_page_background_video":"","ceramag_background_video_start":"","ceramag_background_video_end":"","ceramag_single_page_hide_header":"","footnotes":""},"categories":[35],"tags":[43,41,54,42],"class_list":["post-7529","post","type-post","status-publish","format-standard","has-post-thumbnail","hentry","category-politica-y-sociedad","tag-benito-diaz","tag-cannabis","tag-legalizacion","tag-politica"],"yoast_head":"<!-- This site is optimized with the Yoast SEO plugin v24.9 - https:\/\/yoast.com\/wordpress\/plugins\/seo\/ -->\n<title>M\u00e1s Pa\u00eds registra la regulaci\u00f3n &quot;m\u00e1s avanzada de Europa&quot; sin patentes para el medicinal<\/title>\n<meta name=\"description\" content=\"Entrada &#8226; Portal multimedia sobre cannabis y otras sustancias &#8226; 30 septiembre, 2021\" \/>\n<meta name=\"robots\" content=\"index, follow, max-snippet:-1, max-image-preview:large, max-video-preview:-1\" \/>\n<link rel=\"canonical\" href=\"https:\/\/www.cannabis.es\/pw\/2021\/09\/30\/mas-pais-registra-la-regulacion-mas-avanzada-de-europa-sin-patentes-para-el-medicinal\/\" \/>\n<meta name=\"twitter:card\" content=\"summary_large_image\" \/>\n<meta name=\"twitter:title\" content=\"M\u00e1s Pa\u00eds registra la regulaci\u00f3n &quot;m\u00e1s avanzada de Europa&quot; sin patentes para el medicinal\" \/>\n<meta name=\"twitter:description\" content=\"Entrada &#8226; Portal multimedia sobre cannabis y otras sustancias &#8226; 30 septiembre, 2021\" \/>\n<meta name=\"twitter:image\" content=\"https:\/\/www.cannabis.es\/pw\/wp-content\/uploads\/2021\/09\/propuesta-ley-integral-1.jpg\" \/>\n<meta name=\"twitter:creator\" content=\"@cannabis_es\" \/>\n<meta name=\"twitter:site\" content=\"@cannabis_es\" \/>\n<meta name=\"twitter:label1\" content=\"Escrito por\" \/>\n\t<meta name=\"twitter:data1\" content=\"Cannabis.es\" \/>\n\t<meta name=\"twitter:label2\" content=\"Tiempo de lectura\" \/>\n\t<meta name=\"twitter:data2\" content=\"7 minutos\" \/>\n<script type=\"application\/ld+json\" class=\"yoast-schema-graph\">{\"@context\":\"https:\/\/schema.org\",\"@graph\":[{\"@type\":\"Article\",\"@id\":\"https:\/\/www.cannabis.es\/pw\/2021\/09\/30\/mas-pais-registra-la-regulacion-mas-avanzada-de-europa-sin-patentes-para-el-medicinal\/#article\",\"isPartOf\":{\"@id\":\"https:\/\/www.cannabis.es\/pw\/2021\/09\/30\/mas-pais-registra-la-regulacion-mas-avanzada-de-europa-sin-patentes-para-el-medicinal\/\"},\"author\":{\"name\":\"Cannabis.es\",\"@id\":\"https:\/\/www.cannabis.es\/pw\/#\/schema\/person\/ec770c03f3e99d770687f537f4ba1e89\"},\"headline\":\"M\u00e1s Pa\u00eds registra la regulaci\u00f3n \u00abm\u00e1s avanzada de Europa\u00bb sin patentes para el medicinal\",\"datePublished\":\"2021-09-30T11:35:45+00:00\",\"dateModified\":\"2021-09-30T11:45:04+00:00\",\"mainEntityOfPage\":{\"@id\":\"https:\/\/www.cannabis.es\/pw\/2021\/09\/30\/mas-pais-registra-la-regulacion-mas-avanzada-de-europa-sin-patentes-para-el-medicinal\/\"},\"wordCount\":1552,\"publisher\":{\"@id\":\"https:\/\/www.cannabis.es\/pw\/#organization\"},\"image\":{\"@id\":\"https:\/\/www.cannabis.es\/pw\/2021\/09\/30\/mas-pais-registra-la-regulacion-mas-avanzada-de-europa-sin-patentes-para-el-medicinal\/#primaryimage\"},\"thumbnailUrl\":\"https:\/\/www.cannabis.es\/pw\/wp-content\/uploads\/2021\/09\/propuesta-ley-integral-1.jpg\",\"keywords\":[\"Benito D\u00edaz\",\"cannabis\",\"legalizaci\u00f3n\",\"pol\u00edtica\"],\"articleSection\":[\"Pol\u00edtica y Sociedad\"],\"inLanguage\":\"es\"},{\"@type\":\"WebPage\",\"@id\":\"https:\/\/www.cannabis.es\/pw\/2021\/09\/30\/mas-pais-registra-la-regulacion-mas-avanzada-de-europa-sin-patentes-para-el-medicinal\/\",\"url\":\"https:\/\/www.cannabis.es\/pw\/2021\/09\/30\/mas-pais-registra-la-regulacion-mas-avanzada-de-europa-sin-patentes-para-el-medicinal\/\",\"name\":\"M\u00e1s Pa\u00eds registra la regulaci\u00f3n \\\"m\u00e1s avanzada de Europa\\\" sin patentes para el medicinal\",\"isPartOf\":{\"@id\":\"https:\/\/www.cannabis.es\/pw\/#website\"},\"primaryImageOfPage\":{\"@id\":\"https:\/\/www.cannabis.es\/pw\/2021\/09\/30\/mas-pais-registra-la-regulacion-mas-avanzada-de-europa-sin-patentes-para-el-medicinal\/#primaryimage\"},\"image\":{\"@id\":\"https:\/\/www.cannabis.es\/pw\/2021\/09\/30\/mas-pais-registra-la-regulacion-mas-avanzada-de-europa-sin-patentes-para-el-medicinal\/#primaryimage\"},\"thumbnailUrl\":\"https:\/\/www.cannabis.es\/pw\/wp-content\/uploads\/2021\/09\/propuesta-ley-integral-1.jpg\",\"datePublished\":\"2021-09-30T11:35:45+00:00\",\"dateModified\":\"2021-09-30T11:45:04+00:00\",\"description\":\"Entrada &#8226; Portal multimedia sobre cannabis y otras sustancias &#8226; 30 septiembre, 2021\",\"breadcrumb\":{\"@id\":\"https:\/\/www.cannabis.es\/pw\/2021\/09\/30\/mas-pais-registra-la-regulacion-mas-avanzada-de-europa-sin-patentes-para-el-medicinal\/#breadcrumb\"},\"inLanguage\":\"es\",\"potentialAction\":[{\"@type\":\"ReadAction\",\"target\":[\"https:\/\/www.cannabis.es\/pw\/2021\/09\/30\/mas-pais-registra-la-regulacion-mas-avanzada-de-europa-sin-patentes-para-el-medicinal\/\"]}]},{\"@type\":\"ImageObject\",\"inLanguage\":\"es\",\"@id\":\"https:\/\/www.cannabis.es\/pw\/2021\/09\/30\/mas-pais-registra-la-regulacion-mas-avanzada-de-europa-sin-patentes-para-el-medicinal\/#primaryimage\",\"url\":\"https:\/\/www.cannabis.es\/pw\/wp-content\/uploads\/2021\/09\/propuesta-ley-integral-1.jpg\",\"contentUrl\":\"https:\/\/www.cannabis.es\/pw\/wp-content\/uploads\/2021\/09\/propuesta-ley-integral-1.jpg\",\"width\":804,\"height\":532},{\"@type\":\"BreadcrumbList\",\"@id\":\"https:\/\/www.cannabis.es\/pw\/2021\/09\/30\/mas-pais-registra-la-regulacion-mas-avanzada-de-europa-sin-patentes-para-el-medicinal\/#breadcrumb\",\"itemListElement\":[{\"@type\":\"ListItem\",\"position\":1,\"name\":\"Portada\",\"item\":\"http:\/\/www.cannabis.es\/pw\/\"},{\"@type\":\"ListItem\",\"position\":2,\"name\":\"M\u00e1s Pa\u00eds registra la regulaci\u00f3n \u00abm\u00e1s avanzada de Europa\u00bb sin patentes para el medicinal\"}]},{\"@type\":\"WebSite\",\"@id\":\"https:\/\/www.cannabis.es\/pw\/#website\",\"url\":\"https:\/\/www.cannabis.es\/pw\/\",\"name\":\"Cannabis\",\"description\":\"Portal multimedia sobre cannabis y otras sustancias\",\"publisher\":{\"@id\":\"https:\/\/www.cannabis.es\/pw\/#organization\"},\"potentialAction\":[{\"@type\":\"SearchAction\",\"target\":{\"@type\":\"EntryPoint\",\"urlTemplate\":\"https:\/\/www.cannabis.es\/pw\/?s={search_term_string}\"},\"query-input\":{\"@type\":\"PropertyValueSpecification\",\"valueRequired\":true,\"valueName\":\"search_term_string\"}}],\"inLanguage\":\"es\"},{\"@type\":\"Organization\",\"@id\":\"https:\/\/www.cannabis.es\/pw\/#organization\",\"name\":\"Cannabis.es\",\"url\":\"https:\/\/www.cannabis.es\/pw\/\",\"logo\":{\"@type\":\"ImageObject\",\"inLanguage\":\"es\",\"@id\":\"https:\/\/www.cannabis.es\/pw\/#\/schema\/logo\/image\/\",\"url\":\"https:\/\/www.cannabis.es\/pw\/wp-content\/uploads\/2019\/04\/cropped-logo_cannabis.png\",\"contentUrl\":\"https:\/\/www.cannabis.es\/pw\/wp-content\/uploads\/2019\/04\/cropped-logo_cannabis.png\",\"width\":361,\"height\":120,\"caption\":\"Cannabis.es\"},\"image\":{\"@id\":\"https:\/\/www.cannabis.es\/pw\/#\/schema\/logo\/image\/\"},\"sameAs\":[\"https:\/\/x.com\/cannabis_es\"]},{\"@type\":\"Person\",\"@id\":\"https:\/\/www.cannabis.es\/pw\/#\/schema\/person\/ec770c03f3e99d770687f537f4ba1e89\",\"name\":\"Cannabis.es\",\"image\":{\"@type\":\"ImageObject\",\"inLanguage\":\"es\",\"@id\":\"https:\/\/www.cannabis.es\/pw\/#\/schema\/person\/image\/\",\"url\":\"https:\/\/secure.gravatar.com\/avatar\/810c93a3d6fadc3d9c2665b1d919a4aedea8ed4dd63689d001e985a804e90d83?s=96&d=mm&r=g\",\"contentUrl\":\"https:\/\/secure.gravatar.com\/avatar\/810c93a3d6fadc3d9c2665b1d919a4aedea8ed4dd63689d001e985a804e90d83?s=96&d=mm&r=g\",\"caption\":\"Cannabis.es\"},\"url\":\"https:\/\/www.cannabis.es\/pw\/author\/arnau\/\"}]}<\/script>\n<!-- \/ Yoast SEO plugin. -->","yoast_head_json":{"title":"M\u00e1s Pa\u00eds registra la regulaci\u00f3n \"m\u00e1s avanzada de Europa\" sin patentes para el medicinal","description":"Entrada &#8226; Portal multimedia sobre cannabis y otras sustancias &#8226; 30 septiembre, 2021","robots":{"index":"index","follow":"follow","max-snippet":"max-snippet:-1","max-image-preview":"max-image-preview:large","max-video-preview":"max-video-preview:-1"},"canonical":"https:\/\/www.cannabis.es\/pw\/2021\/09\/30\/mas-pais-registra-la-regulacion-mas-avanzada-de-europa-sin-patentes-para-el-medicinal\/","twitter_card":"summary_large_image","twitter_title":"M\u00e1s Pa\u00eds registra la regulaci\u00f3n \"m\u00e1s avanzada de Europa\" sin patentes para el medicinal","twitter_description":"Entrada &#8226; Portal multimedia sobre cannabis y otras sustancias &#8226; 30 septiembre, 2021","twitter_image":"https:\/\/www.cannabis.es\/pw\/wp-content\/uploads\/2021\/09\/propuesta-ley-integral-1.jpg","twitter_creator":"@cannabis_es","twitter_site":"@cannabis_es","twitter_misc":{"Escrito por":"Cannabis.es","Tiempo de lectura":"7 minutos"},"schema":{"@context":"https:\/\/schema.org","@graph":[{"@type":"Article","@id":"https:\/\/www.cannabis.es\/pw\/2021\/09\/30\/mas-pais-registra-la-regulacion-mas-avanzada-de-europa-sin-patentes-para-el-medicinal\/#article","isPartOf":{"@id":"https:\/\/www.cannabis.es\/pw\/2021\/09\/30\/mas-pais-registra-la-regulacion-mas-avanzada-de-europa-sin-patentes-para-el-medicinal\/"},"author":{"name":"Cannabis.es","@id":"https:\/\/www.cannabis.es\/pw\/#\/schema\/person\/ec770c03f3e99d770687f537f4ba1e89"},"headline":"M\u00e1s Pa\u00eds registra la regulaci\u00f3n \u00abm\u00e1s avanzada de Europa\u00bb sin patentes para el medicinal","datePublished":"2021-09-30T11:35:45+00:00","dateModified":"2021-09-30T11:45:04+00:00","mainEntityOfPage":{"@id":"https:\/\/www.cannabis.es\/pw\/2021\/09\/30\/mas-pais-registra-la-regulacion-mas-avanzada-de-europa-sin-patentes-para-el-medicinal\/"},"wordCount":1552,"publisher":{"@id":"https:\/\/www.cannabis.es\/pw\/#organization"},"image":{"@id":"https:\/\/www.cannabis.es\/pw\/2021\/09\/30\/mas-pais-registra-la-regulacion-mas-avanzada-de-europa-sin-patentes-para-el-medicinal\/#primaryimage"},"thumbnailUrl":"https:\/\/www.cannabis.es\/pw\/wp-content\/uploads\/2021\/09\/propuesta-ley-integral-1.jpg","keywords":["Benito D\u00edaz","cannabis","legalizaci\u00f3n","pol\u00edtica"],"articleSection":["Pol\u00edtica y Sociedad"],"inLanguage":"es"},{"@type":"WebPage","@id":"https:\/\/www.cannabis.es\/pw\/2021\/09\/30\/mas-pais-registra-la-regulacion-mas-avanzada-de-europa-sin-patentes-para-el-medicinal\/","url":"https:\/\/www.cannabis.es\/pw\/2021\/09\/30\/mas-pais-registra-la-regulacion-mas-avanzada-de-europa-sin-patentes-para-el-medicinal\/","name":"M\u00e1s Pa\u00eds registra la regulaci\u00f3n \"m\u00e1s avanzada de Europa\" sin patentes para el medicinal","isPartOf":{"@id":"https:\/\/www.cannabis.es\/pw\/#website"},"primaryImageOfPage":{"@id":"https:\/\/www.cannabis.es\/pw\/2021\/09\/30\/mas-pais-registra-la-regulacion-mas-avanzada-de-europa-sin-patentes-para-el-medicinal\/#primaryimage"},"image":{"@id":"https:\/\/www.cannabis.es\/pw\/2021\/09\/30\/mas-pais-registra-la-regulacion-mas-avanzada-de-europa-sin-patentes-para-el-medicinal\/#primaryimage"},"thumbnailUrl":"https:\/\/www.cannabis.es\/pw\/wp-content\/uploads\/2021\/09\/propuesta-ley-integral-1.jpg","datePublished":"2021-09-30T11:35:45+00:00","dateModified":"2021-09-30T11:45:04+00:00","description":"Entrada &#8226; Portal multimedia sobre cannabis y otras sustancias &#8226; 30 septiembre, 2021","breadcrumb":{"@id":"https:\/\/www.cannabis.es\/pw\/2021\/09\/30\/mas-pais-registra-la-regulacion-mas-avanzada-de-europa-sin-patentes-para-el-medicinal\/#breadcrumb"},"inLanguage":"es","potentialAction":[{"@type":"ReadAction","target":["https:\/\/www.cannabis.es\/pw\/2021\/09\/30\/mas-pais-registra-la-regulacion-mas-avanzada-de-europa-sin-patentes-para-el-medicinal\/"]}]},{"@type":"ImageObject","inLanguage":"es","@id":"https:\/\/www.cannabis.es\/pw\/2021\/09\/30\/mas-pais-registra-la-regulacion-mas-avanzada-de-europa-sin-patentes-para-el-medicinal\/#primaryimage","url":"https:\/\/www.cannabis.es\/pw\/wp-content\/uploads\/2021\/09\/propuesta-ley-integral-1.jpg","contentUrl":"https:\/\/www.cannabis.es\/pw\/wp-content\/uploads\/2021\/09\/propuesta-ley-integral-1.jpg","width":804,"height":532},{"@type":"BreadcrumbList","@id":"https:\/\/www.cannabis.es\/pw\/2021\/09\/30\/mas-pais-registra-la-regulacion-mas-avanzada-de-europa-sin-patentes-para-el-medicinal\/#breadcrumb","itemListElement":[{"@type":"ListItem","position":1,"name":"Portada","item":"http:\/\/www.cannabis.es\/pw\/"},{"@type":"ListItem","position":2,"name":"M\u00e1s Pa\u00eds registra la regulaci\u00f3n \u00abm\u00e1s avanzada de Europa\u00bb sin patentes para el medicinal"}]},{"@type":"WebSite","@id":"https:\/\/www.cannabis.es\/pw\/#website","url":"https:\/\/www.cannabis.es\/pw\/","name":"Cannabis","description":"Portal multimedia sobre cannabis y otras sustancias","publisher":{"@id":"https:\/\/www.cannabis.es\/pw\/#organization"},"potentialAction":[{"@type":"SearchAction","target":{"@type":"EntryPoint","urlTemplate":"https:\/\/www.cannabis.es\/pw\/?s={search_term_string}"},"query-input":{"@type":"PropertyValueSpecification","valueRequired":true,"valueName":"search_term_string"}}],"inLanguage":"es"},{"@type":"Organization","@id":"https:\/\/www.cannabis.es\/pw\/#organization","name":"Cannabis.es","url":"https:\/\/www.cannabis.es\/pw\/","logo":{"@type":"ImageObject","inLanguage":"es","@id":"https:\/\/www.cannabis.es\/pw\/#\/schema\/logo\/image\/","url":"https:\/\/www.cannabis.es\/pw\/wp-content\/uploads\/2019\/04\/cropped-logo_cannabis.png","contentUrl":"https:\/\/www.cannabis.es\/pw\/wp-content\/uploads\/2019\/04\/cropped-logo_cannabis.png","width":361,"height":120,"caption":"Cannabis.es"},"image":{"@id":"https:\/\/www.cannabis.es\/pw\/#\/schema\/logo\/image\/"},"sameAs":["https:\/\/x.com\/cannabis_es"]},{"@type":"Person","@id":"https:\/\/www.cannabis.es\/pw\/#\/schema\/person\/ec770c03f3e99d770687f537f4ba1e89","name":"Cannabis.es","image":{"@type":"ImageObject","inLanguage":"es","@id":"https:\/\/www.cannabis.es\/pw\/#\/schema\/person\/image\/","url":"https:\/\/secure.gravatar.com\/avatar\/810c93a3d6fadc3d9c2665b1d919a4aedea8ed4dd63689d001e985a804e90d83?s=96&d=mm&r=g","contentUrl":"https:\/\/secure.gravatar.com\/avatar\/810c93a3d6fadc3d9c2665b1d919a4aedea8ed4dd63689d001e985a804e90d83?s=96&d=mm&r=g","caption":"Cannabis.es"},"url":"https:\/\/www.cannabis.es\/pw\/author\/arnau\/"}]}},"_links":{"self":[{"href":"https:\/\/www.cannabis.es\/pw\/wp-json\/wp\/v2\/posts\/7529","targetHints":{"allow":["GET"]}}],"collection":[{"href":"https:\/\/www.cannabis.es\/pw\/wp-json\/wp\/v2\/posts"}],"about":[{"href":"https:\/\/www.cannabis.es\/pw\/wp-json\/wp\/v2\/types\/post"}],"author":[{"embeddable":true,"href":"https:\/\/www.cannabis.es\/pw\/wp-json\/wp\/v2\/users\/3"}],"replies":[{"embeddable":true,"href":"https:\/\/www.cannabis.es\/pw\/wp-json\/wp\/v2\/comments?post=7529"}],"version-history":[{"count":3,"href":"https:\/\/www.cannabis.es\/pw\/wp-json\/wp\/v2\/posts\/7529\/revisions"}],"predecessor-version":[{"id":7535,"href":"https:\/\/www.cannabis.es\/pw\/wp-json\/wp\/v2\/posts\/7529\/revisions\/7535"}],"wp:featuredmedia":[{"embeddable":true,"href":"https:\/\/www.cannabis.es\/pw\/wp-json\/wp\/v2\/media\/7532"}],"wp:attachment":[{"href":"https:\/\/www.cannabis.es\/pw\/wp-json\/wp\/v2\/media?parent=7529"}],"wp:term":[{"taxonomy":"category","embeddable":true,"href":"https:\/\/www.cannabis.es\/pw\/wp-json\/wp\/v2\/categories?post=7529"},{"taxonomy":"post_tag","embeddable":true,"href":"https:\/\/www.cannabis.es\/pw\/wp-json\/wp\/v2\/tags?post=7529"}],"curies":[{"name":"wp","href":"https:\/\/api.w.org\/{rel}","templated":true}]}}