{"id":7655,"date":"2021-10-20T14:15:07","date_gmt":"2021-10-20T12:15:07","guid":{"rendered":"https:\/\/www.cannabis.es\/pw\/?p=7655"},"modified":"2021-10-21T12:09:04","modified_gmt":"2021-10-21T10:09:04","slug":"el-psoe-bloquea-con-la-ultraderecha-la-ley-del-cannabis-de-mas-pais","status":"publish","type":"post","link":"https:\/\/www.cannabis.es\/pw\/2021\/10\/20\/el-psoe-bloquea-con-la-ultraderecha-la-ley-del-cannabis-de-mas-pais\/","title":{"rendered":"El PSOE bloquea con la ultraderecha la ley del cannabis de M\u00e1s Pa\u00eds"},"content":{"rendered":"\n<p>Benito D\u00edaz<\/p>\n\n\n\n<p>La propuesta sobre la regulaci\u00f3n integral del cannabis del grupo M\u00e1s Pa\u00eds &#8211; Equo, fue votada ayer, a escasas dos semanas desde la presentaci\u00f3n p\u00fablica del documento. Tras la exposici\u00f3n de argumentos, en los que el PSOE se uni\u00f3 a la bancada de la ultraderecha, finalizaron con 75 votos a favor, 263 en contra y nueve abstenciones. La medida se rechaz\u00f3, quedando en el aire las propuestas de ERC y Unidas Podemos.<\/p>\n\n\n\n<p>En el exterior del Congreso, grupos en favor de la regulaci\u00f3n del cannabis y representantes de la sociedad civil, se concentraron para pedir al gobierno un cese de la hipocres\u00eda en lo relacionado con el cannabis, as\u00ed como una regulaci\u00f3n integral que proteja a las personas consumidoras de la marginalidad, la violencia, la estigmatizaci\u00f3n y elimine el poder de las mafias que controlan el mercado negro de sustancias en nuestro pa\u00eds.<\/p>\n\n\n\n<h2 class=\"wp-block-heading\"><strong>La propuesta<\/strong><\/h2>\n\n\n\n<p>\u00cd\u00f1igo Errej\u00f3n, representante de M\u00e1s Pa\u00eds, subi\u00f3 a la tribuna de oradores para defender su medida de <a href=\"https:\/\/www.cannabis.es\/pw\/2021\/09\/30\/mas-pais-registra-la-regulacion-mas-avanzada-de-europa-sin-patentes-para-el-medicinal\/\">regulaci\u00f3n integral del cannabis<\/a>. <span class=\"has-inline-color has-luminous-vivid-orange-color\"><em>\u201cEste tema es una realidad que est\u00e1 en la calle d\u00eda a d\u00eda\u201d, <\/em>dijo Errej\u00f3n comenzando la intervenci\u00f3n. <em>\u201cSi no regulamos el uso del cannabis, no estamos intentando que desaparezca, pues con la prohibici\u00f3n no desaparece. Estamos tomando de facto la decisi\u00f3n de regalarle el control del mercado a las mafias\u201d<\/em><\/span>, aclar\u00f3 el diputado, que insisti\u00f3 en que la legislaci\u00f3n busca proteger, informar, acompa\u00f1ar y aportar a la econom\u00eda formal el dinero il\u00edcito. Tambi\u00e9n record\u00f3 que pa\u00edses de nuestro entorno, ya han tomado parte en la regulaci\u00f3n integral, adem\u00e1s, agradeci\u00f3 a los otros grupos las aportaciones que han hecho en el camino de la libertad de la planta. <em><span class=\"has-inline-color has-luminous-vivid-orange-color\">\u201cLa regulaci\u00f3n del Cannabis medicinal no es suficiente, por eso proponemos un marco legal s\u00f3lido, regulando el autocultivo y la tenencia, normas claras para el uso y consumo en espacio p\u00fablico, licencias a cultivadores, normas de etiquetado y transporte, procedimientos respetuosos con el medio ambiente y obligar a la utilizaci\u00f3n de energ\u00eda renovable en los cultivos profesionales de interior\u201d<\/span><\/em>, resumi\u00f3 Errej\u00f3n. La salud, la econom\u00eda y la libertad, fueron los motivos que el pol\u00edtico expuso para traer a la mesa los derechos del Cannabis.<\/p>\n\n\n\n<figure class=\"wp-block-embed is-type-rich is-provider-twitter wp-block-embed-twitter\"><div class=\"wp-block-embed__wrapper\">\n<blockquote class=\"twitter-tweet\" data-width=\"550\" data-dnt=\"true\"><p lang=\"es\" dir=\"ltr\">El discurso de <a href=\"https:\/\/twitter.com\/ierrejon?ref_src=twsrc%5Etfw\">@ierrejon<\/a> hoy en el congreso es una gozada, no solo en la forma sino sobre todo en el fondo. No dejen de escucharlo. <a href=\"https:\/\/twitter.com\/hashtag\/RegulacionCanabis?src=hash&amp;ref_src=twsrc%5Etfw\">#RegulacionCanabis<\/a> <a href=\"https:\/\/twitter.com\/MasPais_Es?ref_src=twsrc%5Etfw\">@MasPais_Es<\/a> <a href=\"https:\/\/t.co\/lGvXjZmoXI\">pic.twitter.com\/lGvXjZmoXI<\/a><\/p>&mdash; Alberto Oliver (@alberoliver) <a href=\"https:\/\/twitter.com\/alberoliver\/status\/1450519608809623552?ref_src=twsrc%5Etfw\">October 19, 2021<\/a><\/blockquote><script async src=\"https:\/\/platform.twitter.com\/widgets.js\" charset=\"utf-8\"><\/script>\n<\/div><\/figure>\n\n\n\n<h2 class=\"wp-block-heading\"><strong>Argumentaciones<\/strong><\/h2>\n\n\n\n<p>M\u00e1s Pa\u00eds fue apoyado en la sala por partidos que tambi\u00e9n han propuesto regulaciones para el Cannabis, como <a href=\"https:\/\/www.cannabis.es\/pw\/2021\/09\/28\/esquerra-republicana-presenta-su-regulacion-del-cannabis-en-el-congreso\/\">Esquerra Republicana de Catalunya<\/a> y <a href=\"https:\/\/www.cannabis.es\/pw\/2021\/10\/07\/unidas-podemos-registra-una-ley-integral-del-cannabis-de-80-paginas\/\">Unidas Podemos, adem\u00e1s<\/a> de otros grupos como EH Bildu, CUP o Ciudadanos. El <a href=\"https:\/\/www.cannabis.es\/pw\/2021\/04\/23\/josune-gorospe-eaj-pnv-nuestros-discursos-defendieron-la-regulacion-integral-del-cannabis\/\">PNV<\/a>, que terminar\u00eda absteni\u00e9ndose tras un rapapolvo a M\u00e1s Pa\u00eds y al resto de formaciones por no presentar una propuesta conjunta, criticando una carrera electoral. Rescatamos algunos comentarios de sus portavoces, como el de Marta Rosique (ERC), que explic\u00f3 que<span class=\"has-inline-color has-luminous-vivid-orange-color\"> <em>\u201cla prohibici\u00f3n no contribuye a garantizar la seguridad. De esta forma, la derecha explota esa exclusi\u00f3n para crear inseguridad social y ganar r\u00e9dito pol\u00edtico\u201d<\/em><\/span>. <strong>Luc\u00eda Mu\u00f1oz (UP) reconoci\u00f3 el trabajo de las organizaciones de la sociedad civil y el C\u00edrculo Cann\u00e1bico de Podemos, <\/strong>describiendo la propuesta de su partido y accediendo a compartir un acuerdo con los dem\u00e1s grupos de la c\u00e1mara. <em>\u201cSe han permitido redes criminales atentando contra la salud p\u00fablica. La sociedad est\u00e1 preparada para una regulaci\u00f3n\u201d, <\/em>estableci\u00f3 Guillermo D\u00edaz (Cs).<\/p>\n\n\n\n<figure class=\"wp-block-embed is-type-rich is-provider-twitter wp-block-embed-twitter\"><div class=\"wp-block-embed__wrapper\">\n<blockquote class=\"twitter-tweet\" data-width=\"550\" data-dnt=\"true\"><p lang=\"es\" dir=\"ltr\">Gracias al impulso de las organizaciones de la sociedad civil hay tres leyes para la regulaci\u00f3n del cannabis registradas y una subcomisi\u00f3n para el estudio de su dimensi\u00f3n medicinal constituida. <br><br>Avanzamos y podemos llegar m\u00e1s lejos. <a href=\"https:\/\/twitter.com\/hashtag\/LeyCannabis?src=hash&amp;ref_src=twsrc%5Etfw\">#LeyCannabis<\/a> <a href=\"https:\/\/t.co\/vnZtYYPha2\">pic.twitter.com\/vnZtYYPha2<\/a><\/p>&mdash; Luc\u00eda Mu\u00f1oz Dalda (@luciadalda) <a href=\"https:\/\/twitter.com\/luciadalda\/status\/1450505617798533133?ref_src=twsrc%5Etfw\">October 19, 2021<\/a><\/blockquote><script async src=\"https:\/\/platform.twitter.com\/widgets.js\" charset=\"utf-8\"><\/script>\n<\/div><\/figure>\n\n\n\n<p>La diputada Mireia Veh\u00ed (CUP) reivindic\u00f3 la libertad de la planta, asegurando que nuestro pa\u00eds produce toda la marihuana que se consume en Europa, defendiendo un comercio sin mafias y una regulaci\u00f3n que traiga seguridad y control. Por su parte, I\u00f1aki Ruiz de Pinedo (EH Bildu) asegur\u00f3 que es inadmisible mantener la situaci\u00f3n actual, que recaba inseguridad y marginaci\u00f3n para las personas consumidoras. Exigi\u00f3 un desarrollo de regulaciones a nivel internacional para acabar con los problemas de salud p\u00fablica y crear una ley sin la intervenci\u00f3n de grandes multinacionales, lo que le vali\u00f3 un aplauso de las representantes cann\u00e1bicas que segu\u00edan el pleno por televisi\u00f3n en una sala contigua.<\/p>\n\n\n\n<figure class=\"wp-block-embed is-type-rich is-provider-twitter wp-block-embed-twitter\"><div class=\"wp-block-embed__wrapper\">\n<blockquote class=\"twitter-tweet\" data-width=\"550\" data-dnt=\"true\"><p lang=\"ca\" dir=\"ltr\">Regular el consum de c\u00e0nnabis ha de tenir 3\u20e3 objectius principals<br><br>\ud83d\udd38 Combatre les m\u00e0fies que s&#39;enriqueixen amb la prohibici\u00f3 del consum. \u2611\ufe0f<br><br>\ud83d\udd38 Educar i promoure un consum segur. \u2611\ufe0f<br><br>\ud83d\udd38 Recaptar impostos. \u2611\ufe0f<br><br>\ud83d\udcf9\ud83d\udde3\ufe0f <a href=\"https:\/\/twitter.com\/Mireia_veca?ref_src=twsrc%5Etfw\">@Mireia_veca<\/a> al <a href=\"https:\/\/twitter.com\/Congreso_Es?ref_src=twsrc%5Etfw\">@Congreso_Es<\/a> <a href=\"https:\/\/t.co\/LO3qE5muZz\">pic.twitter.com\/LO3qE5muZz<\/a><\/p>&mdash; CUP Pa\u00efsos Catalans (@cupnacional) <a href=\"https:\/\/twitter.com\/cupnacional\/status\/1450536087265366018?ref_src=twsrc%5Etfw\">October 19, 2021<\/a><\/blockquote><script async src=\"https:\/\/platform.twitter.com\/widgets.js\" charset=\"utf-8\"><\/script>\n<\/div><\/figure>\n\n\n\n<p>El tono de las consideraciones del grupo ultraderechista VOX, por boca de su representante Juan Luis Steegmann, expresaron desprecio por la propuesta de regulaci\u00f3n del cannabis, reduciendo todo el debate a una falacia de bulto, tras afirmar que se carecen de evidencias cient\u00edficas que avalen al Cannabis como terapia y encadenando los t\u00f3picos pertinentes al respecto del suicidio, la esquizofrenia y la violencia. <em>\u201cLa Marihuana es t\u00f3xica y su consumo es un problema de salud p\u00fablica\u201d,<\/em> afirm\u00f3 Steegmann.<\/p>\n\n\n\n<figure class=\"wp-block-embed is-type-rich is-provider-twitter wp-block-embed-twitter\"><div class=\"wp-block-embed__wrapper\">\n<blockquote class=\"twitter-tweet\" data-width=\"550\" data-dnt=\"true\"><p lang=\"es\" dir=\"ltr\">\ud83d\ude35\u200d\ud83d\udcab No queremos a nuestros j\u00f3venes drogados, atolondrados y carentes de criterio.<br><br>\ud83d\udc49 <a href=\"https:\/\/twitter.com\/jlsteeg?ref_src=twsrc%5Etfw\">@jlsteeg<\/a> &quot;La marihuana es el caballo de Troya de los carteles de la droga&quot;.<br><br>\u2b07 HILO \u2b07 <a href=\"https:\/\/t.co\/casqQ5vB7M\">pic.twitter.com\/casqQ5vB7M<\/a><\/p>&mdash; Grupo Parlamentario de VOX en el Congreso (@VOX_Congreso) <a href=\"https:\/\/twitter.com\/VOX_Congreso\/status\/1450497836685144064?ref_src=twsrc%5Etfw\">October 19, 2021<\/a><\/blockquote><script async src=\"https:\/\/platform.twitter.com\/widgets.js\" charset=\"utf-8\"><\/script>\n<\/div><\/figure>\n\n\n\n<p>En el turno del Partido Popular, la diputada Elvira Velasco exhibi\u00f3 tambi\u00e9n sus motivos para el voto en contra, centr\u00e1ndose en relegar el tema como una bagatela frente a otros problemas que no ten\u00edan nada que ver con el cannabis. <em>\u201cQu\u00e9 irresponsabilidad hablar sobre el cannabis, cuando consumir cannabis es un problema de salud p\u00fablica, como se ha dicho aqu\u00ed esta tarde\u201d, <\/em>dijo la diputada, aunando fuerzas con la extrema derecha<em>. \u201cLos expertos sanitarios trasladan que el consumo habitual del cannabis provoca grandes da\u00f1os org\u00e1nicos y psicol\u00f3gicos como bronquitis cr\u00f3nica, alteraciones cardiovasculares, brotes psic\u00f3ticos y depresi\u00f3n y en los j\u00f3venes puede provocar reacciones agudas y de ansiedad\u201d,<\/em> explic\u00f3 la diputada.<\/p>\n\n\n\n<p>\u201c<em>El cannabis es una droga y no hay drogas buenas\u201d<\/em>, critic\u00f3 Daniel Viondi (PSOE) en su intervenci\u00f3n. Otro portavoz del partido de Pedro S\u00e1nchez, H\u00e9ctor G\u00f3mez, ya hab\u00eda adelantado horas antes que el voto ser\u00eda en contra, alegando causas de salud p\u00fablica y apoyando la mesa de la subcomisi\u00f3n para el Cannabis Terap\u00e9utico que se inici\u00f3 la semana pasada. El diputado, enfrentado a sus socios de gobierno y haciendo pi\u00f1a con la derecha prohibicionista, compar\u00f3 el cannabis con la crisis de la hero\u00edna de los a\u00f1os 80, criticando duramente a Errej\u00f3n por traer este debate a la mesa, llegando incluso a afirmar que <em>\u201cno hay drogas ni de izquierda ni de derecha, el Cannabis <a href=\"https:\/\/www.cannabis.es\/pw\/2021\/06\/01\/daniel-viondi-psoe-vamos-a-ver-quien-es-paciente-y-quien-dice-serlo-para-fumar\/\">no es una soluci\u00f3n, es un problema<\/a>, pues en este pa\u00eds las adicciones siguen siendo un problema\u201d.<\/em> El diputado, nervioso sin lugar a dudas, patin\u00f3 rebautizando al cannabinoide \u201cTHC\u201d como \u201cTCH\u201d en varias ocasiones.<\/p>\n\n\n\n<figure class=\"wp-block-embed is-type-rich is-provider-twitter wp-block-embed-twitter\"><div class=\"wp-block-embed__wrapper\">\n<blockquote class=\"twitter-tweet\" data-width=\"550\" data-dnt=\"true\"><p lang=\"es\" dir=\"ltr\">Si hay una v\u00eda de usar ese cannabis medicinal o terap\u00e9utico, lo hablamos porque puede ayudar a personas que sufren dolor.<br><br>Estamos tan dispuestos que incluso en el <a href=\"https:\/\/twitter.com\/hashtag\/40CongresoPSOE?src=hash&amp;ref_src=twsrc%5Etfw\">#40CongresoPSOE<\/a> hemos aprobado que vamos a promover esa regulaci\u00f3n.<br><br>\ud83c\udfdb\ufe0f <a href=\"https:\/\/twitter.com\/Viondi?ref_src=twsrc%5Etfw\">@Viondi<\/a> <a href=\"https:\/\/t.co\/1hp2m0QZvY\">pic.twitter.com\/1hp2m0QZvY<\/a><\/p>&mdash; PSOE Congreso (@gpscongreso) <a href=\"https:\/\/twitter.com\/gpscongreso\/status\/1450492204674338820?ref_src=twsrc%5Etfw\">October 19, 2021<\/a><\/blockquote><script async src=\"https:\/\/platform.twitter.com\/widgets.js\" charset=\"utf-8\"><\/script>\n<\/div><\/figure>\n\n\n\n<figure class=\"wp-block-embed is-type-rich is-provider-twitter wp-block-embed-twitter\"><div class=\"wp-block-embed__wrapper\">\n<blockquote class=\"twitter-tweet\" data-width=\"550\" data-dnt=\"true\"><p lang=\"es\" dir=\"ltr\">El diputado del <a href=\"https:\/\/twitter.com\/PSOE?ref_src=twsrc%5Etfw\">@PSOE<\/a>, <a href=\"https:\/\/twitter.com\/Viondi?ref_src=twsrc%5Etfw\">@Viondi<\/a>, acus\u00f3 a <a href=\"https:\/\/twitter.com\/MasPais_Es?ref_src=twsrc%5Etfw\">@MasPais_Es<\/a> de querer subyugarnos regulando primero la <a href=\"https:\/\/twitter.com\/hashtag\/prostituci%C3%B3n?src=hash&amp;ref_src=twsrc%5Etfw\">#prostituci\u00f3n<\/a> y luego el <a href=\"https:\/\/twitter.com\/hashtag\/cannabis?src=hash&amp;ref_src=twsrc%5Etfw\">#cannabis<\/a>, una comparaci\u00f3n con la que se falt\u00f3 al respeto de demasiada gente que s\u00ed se toma las transformaciones pol\u00edticas del pa\u00eds seriamente<a href=\"https:\/\/twitter.com\/hashtag\/feminismo?src=hash&amp;ref_src=twsrc%5Etfw\">#feminismo<\/a> <a href=\"https:\/\/t.co\/f268VqxHkF\">pic.twitter.com\/f268VqxHkF<\/a><\/p>&mdash; Cannabis.es (@cannabis_es) <a href=\"https:\/\/twitter.com\/cannabis_es\/status\/1450771129174462466?ref_src=twsrc%5Etfw\">October 20, 2021<\/a><\/blockquote><script async src=\"https:\/\/platform.twitter.com\/widgets.js\" charset=\"utf-8\"><\/script>\n<\/div><\/figure>\n\n\n\n<figure class=\"wp-block-embed is-type-video is-provider-youtube wp-block-embed-youtube wp-embed-aspect-16-9 wp-has-aspect-ratio\"><div class=\"wp-block-embed__wrapper\">\n<iframe loading=\"lazy\" title=\"Sesi\u00f3n Plenaria (19\/10\/2021)\" width=\"1200\" height=\"675\" src=\"https:\/\/www.youtube.com\/embed\/gXwFFZqXFEA?start=9682&#038;feature=oembed\" frameborder=\"0\" allow=\"accelerometer; autoplay; clipboard-write; encrypted-media; gyroscope; picture-in-picture\" allowfullscreen><\/iframe>\n<\/div><\/figure>\n\n\n\n<p>En declaraciones posteriores al pleno, \u00cd\u00f1igo Errej\u00f3n coment\u00f3 que <em><span class=\"has-inline-color has-luminous-vivid-orange-color\">\u201cseg\u00fan la posici\u00f3n del Partido Socialista y de las derechas, que votar\u00e1n todos juntos que no, van a evitar que demos un paso adelante. Lo que no hemos escuchado a\u00fan es cu\u00e1l es la alternativa, mucha gente nos se\u00f1ala cu\u00e1l es la situaci\u00f3n actual y estamos de acuerdo en que hay que cambiarla. Pero nadie nos ha explicado por qu\u00e9 la prohibici\u00f3n es mejor, y esto es porque es al rev\u00e9s, empeora la situaci\u00f3n\u201d<\/span>, <\/em>declar\u00f3 el diputado de M\u00e1s Pa\u00eds. <em><span class=\"has-inline-color has-luminous-vivid-orange-color\">\u201cImpide que haya informaci\u00f3n, que haya control de calidad, impide que haya ingresos p\u00fablicos, impide que haya autocultivo y expulsa a mucha gente a una situaci\u00f3n cercana a lo delincuencial. Coincidimos en que la situaci\u00f3n actual es problem\u00e1tica, por eso no entendemos que quieran mantenerla\u201d.<\/span><\/em><\/p>\n\n\n\n<p><span class=\"has-inline-color has-luminous-vivid-orange-color\">\u201c<em>Debemos trabajar en conjunto para que la ley pueda ser una realidad. Necesitamos incidir al Partido Socialista, que no se moja en este debate a pesar de que es un tema de gran importancia. Evitan el debate y eso no lo podemos volver a permitir\u201d,<\/em><\/span> coment\u00f3 Marta Rosique. <em><span class=\"has-inline-color has-luminous-vivid-orange-color\">\u201cOpino que ha habido diversidad de opiniones, sin embargo, nos hemos instalado en el debate sobre la prohibici\u00f3n y nosotros estamos ya en el c\u00f3mo regular. Pienso que se est\u00e1n dando los elementos necesarios para tener un debate ordenado, sin mezclar las dimensiones del Cannabis Terap\u00e9utico con otras cuestiones, ya que existe otro espacio como es la subcomisi\u00f3n para el Cannabis medicinal. Creo que en este pleno se pueden abordar las cuestiones sociales y econ\u00f3micas y les pedir\u00eda a las se\u00f1or\u00edas que respetasen esos espacios y el resto de cuestiones ya las abordaremos en un debate como el de hoy o los que haya en pr\u00f3ximas ocasiones\u201d<\/span>.<\/em><\/p>\n\n\n\n<figure class=\"wp-block-embed is-type-rich is-provider-twitter wp-block-embed-twitter\"><div class=\"wp-block-embed__wrapper\">\n<blockquote class=\"twitter-tweet\" data-width=\"550\" data-dnt=\"true\"><p lang=\"es\" dir=\"ltr\">Despenalizar el cannabis y regularizar su uso tendr\u00eda efectos positivos.<br><br>1\u20e3 Permitir\u00eda avanzar en la investigaci\u00f3n.<br>2\u20e3 Evitar\u00eda que grandes grupos se hagan con su producci\u00f3n.<br>3\u20e3 Facilitar\u00eda el autocultivo y acabar\u00eda con la arbitrariedad contra productores.<br><br>Basta de inmovilismo! <a href=\"https:\/\/t.co\/xAMw9803Oa\">pic.twitter.com\/xAMw9803Oa<\/a><\/p>&mdash; I\u00f1aki Ruiz de Pinedo (@RuizdePinedo) <a href=\"https:\/\/twitter.com\/RuizdePinedo\/status\/1450490522435469318?ref_src=twsrc%5Etfw\">October 19, 2021<\/a><\/blockquote><script async src=\"https:\/\/platform.twitter.com\/widgets.js\" charset=\"utf-8\"><\/script>\n<\/div><\/figure>\n\n\n\n<p>Apostadas en el exterior, <strong>organizaciones<\/strong> como la Confederaci\u00f3n de Federaciones de Asociaciones Cann\u00e1bicas, el Observatorio Espa\u00f1ol del Consumo y Cultivo de Cannabis, REMA, FAAT, ENCOD, Gremio de la Industria del Cannabis, Cannamed, FAC, Gremio de la Industria del Cannabis, Cannabis en Lucha, Regulaci\u00f3n Responsable, el Partido Luz Verde y otras asociaciones como CATFAC, La Maca, Terap\u00e9uticas Yerbas Castell\u00f3n, Grupo de Estudios FESHOB\u00c9, EOYEC, AMEC, GALFAC, ARAFAC, FAC Levante, AUECA, SCEEC, FAC Sureste, FAC Illes Balears, F\u00f3rum Cann\u00e0bic Valenci\u00e0 y la Uni\u00f3n de Pacientes por la Regulaci\u00f3n del Cannabis, hicieron o\u00edr sus voces de protesta, sum\u00e1ndose a la lectura de un comunicado por parte de Noem\u00ed S\u00e1nchez N\u00e0cher y Patty Amiguet, en el que reclamaron al gobierno una regulaci\u00f3n inmediata para el Cannabis.<\/p>\n\n\n\n<p>\u201c<em>Es una oportunidad hist\u00f3rica la que tenemos entre manos. \u00bfQueremos aprovecharla o verla pasar de largo?\u201d,<\/em> preguntaba S\u00e1nchez. <span class=\"has-inline-color has-luminous-vivid-orange-color\">\u201c<em>Hoy hemos te\u00f1ido de reivindicaci\u00f3n las calles de Madrid y as\u00ed lo seguiremos haciendo en todo el Estado hasta que el gobierno nos escuche. Pese al sabor agridulce que nos deja esta votaci\u00f3n, con el PSOE eludiendo su responsabilidad de cara al conjunto de la sociedad, vemos un amplio consenso entre la izquierda, los verdes y el centro del arco parlamentario. Esperamos que \u00e9ste sea un primer paso para que la regulaci\u00f3n del Cannabis se lleve a cabo en esta legislatura\u201d.<\/em><\/span><\/p>\n\n\n\n<figure class=\"wp-block-gallery columns-3 is-cropped wp-block-gallery-1 is-layout-flex wp-block-gallery-is-layout-flex\"><ul class=\"blocks-gallery-grid\"><li class=\"blocks-gallery-item\"><figure><img loading=\"lazy\" decoding=\"async\" width=\"979\" height=\"734\" src=\"https:\/\/www.cannabis.es\/pw\/wp-content\/uploads\/2021\/10\/DEBATE-CANNABIS-2.jpg\" alt=\"\" data-id=\"7656\" data-full-url=\"https:\/\/www.cannabis.es\/pw\/wp-content\/uploads\/2021\/10\/DEBATE-CANNABIS-2.jpg\" data-link=\"https:\/\/www.cannabis.es\/pw\/?attachment_id=7656\" class=\"wp-image-7656\" srcset=\"https:\/\/www.cannabis.es\/pw\/wp-content\/uploads\/2021\/10\/DEBATE-CANNABIS-2.jpg 979w, https:\/\/www.cannabis.es\/pw\/wp-content\/uploads\/2021\/10\/DEBATE-CANNABIS-2-300x225.jpg 300w, https:\/\/www.cannabis.es\/pw\/wp-content\/uploads\/2021\/10\/DEBATE-CANNABIS-2-768x576.jpg 768w, https:\/\/www.cannabis.es\/pw\/wp-content\/uploads\/2021\/10\/DEBATE-CANNABIS-2-600x450.jpg 600w\" sizes=\"auto, (max-width: 979px) 100vw, 979px\" \/><\/figure><\/li><li class=\"blocks-gallery-item\"><figure><img loading=\"lazy\" decoding=\"async\" width=\"979\" height=\"734\" src=\"https:\/\/www.cannabis.es\/pw\/wp-content\/uploads\/2021\/10\/DEBATE-CANNABIS-3.jpg\" alt=\"\" data-id=\"7657\" data-full-url=\"https:\/\/www.cannabis.es\/pw\/wp-content\/uploads\/2021\/10\/DEBATE-CANNABIS-3.jpg\" data-link=\"https:\/\/www.cannabis.es\/pw\/?attachment_id=7657\" class=\"wp-image-7657\" srcset=\"https:\/\/www.cannabis.es\/pw\/wp-content\/uploads\/2021\/10\/DEBATE-CANNABIS-3.jpg 979w, https:\/\/www.cannabis.es\/pw\/wp-content\/uploads\/2021\/10\/DEBATE-CANNABIS-3-300x225.jpg 300w, https:\/\/www.cannabis.es\/pw\/wp-content\/uploads\/2021\/10\/DEBATE-CANNABIS-3-768x576.jpg 768w, https:\/\/www.cannabis.es\/pw\/wp-content\/uploads\/2021\/10\/DEBATE-CANNABIS-3-600x450.jpg 600w\" sizes=\"auto, (max-width: 979px) 100vw, 979px\" \/><\/figure><\/li><li class=\"blocks-gallery-item\"><figure><img loading=\"lazy\" decoding=\"async\" width=\"979\" height=\"734\" src=\"https:\/\/www.cannabis.es\/pw\/wp-content\/uploads\/2021\/10\/DEBATE-CANNABIS-4.jpg\" alt=\"\" data-id=\"7658\" data-full-url=\"https:\/\/www.cannabis.es\/pw\/wp-content\/uploads\/2021\/10\/DEBATE-CANNABIS-4.jpg\" data-link=\"https:\/\/www.cannabis.es\/pw\/?attachment_id=7658\" class=\"wp-image-7658\" srcset=\"https:\/\/www.cannabis.es\/pw\/wp-content\/uploads\/2021\/10\/DEBATE-CANNABIS-4.jpg 979w, https:\/\/www.cannabis.es\/pw\/wp-content\/uploads\/2021\/10\/DEBATE-CANNABIS-4-300x225.jpg 300w, https:\/\/www.cannabis.es\/pw\/wp-content\/uploads\/2021\/10\/DEBATE-CANNABIS-4-768x576.jpg 768w, https:\/\/www.cannabis.es\/pw\/wp-content\/uploads\/2021\/10\/DEBATE-CANNABIS-4-600x450.jpg 600w\" sizes=\"auto, (max-width: 979px) 100vw, 979px\" \/><\/figure><\/li><li class=\"blocks-gallery-item\"><figure><img loading=\"lazy\" decoding=\"async\" width=\"979\" height=\"734\" src=\"https:\/\/www.cannabis.es\/pw\/wp-content\/uploads\/2021\/10\/DEBATE-CANNABIS-5.jpg\" alt=\"\" data-id=\"7659\" data-full-url=\"https:\/\/www.cannabis.es\/pw\/wp-content\/uploads\/2021\/10\/DEBATE-CANNABIS-5.jpg\" data-link=\"https:\/\/www.cannabis.es\/pw\/?attachment_id=7659\" class=\"wp-image-7659\" srcset=\"https:\/\/www.cannabis.es\/pw\/wp-content\/uploads\/2021\/10\/DEBATE-CANNABIS-5.jpg 979w, https:\/\/www.cannabis.es\/pw\/wp-content\/uploads\/2021\/10\/DEBATE-CANNABIS-5-300x225.jpg 300w, https:\/\/www.cannabis.es\/pw\/wp-content\/uploads\/2021\/10\/DEBATE-CANNABIS-5-768x576.jpg 768w, https:\/\/www.cannabis.es\/pw\/wp-content\/uploads\/2021\/10\/DEBATE-CANNABIS-5-600x450.jpg 600w\" sizes=\"auto, (max-width: 979px) 100vw, 979px\" \/><\/figure><\/li><li class=\"blocks-gallery-item\"><figure><img loading=\"lazy\" decoding=\"async\" width=\"979\" height=\"734\" src=\"https:\/\/www.cannabis.es\/pw\/wp-content\/uploads\/2021\/10\/DEBATE-CANNABIS-6.jpg\" alt=\"\" data-id=\"7660\" data-full-url=\"https:\/\/www.cannabis.es\/pw\/wp-content\/uploads\/2021\/10\/DEBATE-CANNABIS-6.jpg\" data-link=\"https:\/\/www.cannabis.es\/pw\/?attachment_id=7660\" class=\"wp-image-7660\" srcset=\"https:\/\/www.cannabis.es\/pw\/wp-content\/uploads\/2021\/10\/DEBATE-CANNABIS-6.jpg 979w, https:\/\/www.cannabis.es\/pw\/wp-content\/uploads\/2021\/10\/DEBATE-CANNABIS-6-300x225.jpg 300w, https:\/\/www.cannabis.es\/pw\/wp-content\/uploads\/2021\/10\/DEBATE-CANNABIS-6-768x576.jpg 768w, https:\/\/www.cannabis.es\/pw\/wp-content\/uploads\/2021\/10\/DEBATE-CANNABIS-6-600x450.jpg 600w\" sizes=\"auto, (max-width: 979px) 100vw, 979px\" \/><\/figure><\/li><li class=\"blocks-gallery-item\"><figure><img loading=\"lazy\" decoding=\"async\" width=\"979\" height=\"734\" src=\"https:\/\/www.cannabis.es\/pw\/wp-content\/uploads\/2021\/10\/DEBATE-CANNABIS-7.jpg\" alt=\"\" data-id=\"7661\" data-full-url=\"https:\/\/www.cannabis.es\/pw\/wp-content\/uploads\/2021\/10\/DEBATE-CANNABIS-7.jpg\" data-link=\"https:\/\/www.cannabis.es\/pw\/?attachment_id=7661\" class=\"wp-image-7661\" srcset=\"https:\/\/www.cannabis.es\/pw\/wp-content\/uploads\/2021\/10\/DEBATE-CANNABIS-7.jpg 979w, https:\/\/www.cannabis.es\/pw\/wp-content\/uploads\/2021\/10\/DEBATE-CANNABIS-7-300x225.jpg 300w, https:\/\/www.cannabis.es\/pw\/wp-content\/uploads\/2021\/10\/DEBATE-CANNABIS-7-768x576.jpg 768w, https:\/\/www.cannabis.es\/pw\/wp-content\/uploads\/2021\/10\/DEBATE-CANNABIS-7-600x450.jpg 600w\" sizes=\"auto, (max-width: 979px) 100vw, 979px\" \/><\/figure><\/li><li class=\"blocks-gallery-item\"><figure><img loading=\"lazy\" decoding=\"async\" width=\"979\" height=\"734\" src=\"https:\/\/www.cannabis.es\/pw\/wp-content\/uploads\/2021\/10\/DEBATE-CANNABIS-8.jpg\" alt=\"\" data-id=\"7662\" data-full-url=\"https:\/\/www.cannabis.es\/pw\/wp-content\/uploads\/2021\/10\/DEBATE-CANNABIS-8.jpg\" data-link=\"https:\/\/www.cannabis.es\/pw\/?attachment_id=7662\" class=\"wp-image-7662\" srcset=\"https:\/\/www.cannabis.es\/pw\/wp-content\/uploads\/2021\/10\/DEBATE-CANNABIS-8.jpg 979w, https:\/\/www.cannabis.es\/pw\/wp-content\/uploads\/2021\/10\/DEBATE-CANNABIS-8-300x225.jpg 300w, https:\/\/www.cannabis.es\/pw\/wp-content\/uploads\/2021\/10\/DEBATE-CANNABIS-8-768x576.jpg 768w, https:\/\/www.cannabis.es\/pw\/wp-content\/uploads\/2021\/10\/DEBATE-CANNABIS-8-600x450.jpg 600w\" sizes=\"auto, (max-width: 979px) 100vw, 979px\" \/><\/figure><\/li><li class=\"blocks-gallery-item\"><figure><img loading=\"lazy\" decoding=\"async\" width=\"979\" height=\"734\" src=\"https:\/\/www.cannabis.es\/pw\/wp-content\/uploads\/2021\/10\/DEBATE-CANNABIS-9.jpg\" alt=\"\" data-id=\"7663\" data-full-url=\"https:\/\/www.cannabis.es\/pw\/wp-content\/uploads\/2021\/10\/DEBATE-CANNABIS-9.jpg\" data-link=\"https:\/\/www.cannabis.es\/pw\/?attachment_id=7663\" class=\"wp-image-7663\" srcset=\"https:\/\/www.cannabis.es\/pw\/wp-content\/uploads\/2021\/10\/DEBATE-CANNABIS-9.jpg 979w, https:\/\/www.cannabis.es\/pw\/wp-content\/uploads\/2021\/10\/DEBATE-CANNABIS-9-300x225.jpg 300w, https:\/\/www.cannabis.es\/pw\/wp-content\/uploads\/2021\/10\/DEBATE-CANNABIS-9-768x576.jpg 768w, https:\/\/www.cannabis.es\/pw\/wp-content\/uploads\/2021\/10\/DEBATE-CANNABIS-9-600x450.jpg 600w\" sizes=\"auto, (max-width: 979px) 100vw, 979px\" \/><\/figure><\/li><li class=\"blocks-gallery-item\"><figure><img loading=\"lazy\" decoding=\"async\" width=\"979\" height=\"734\" src=\"https:\/\/www.cannabis.es\/pw\/wp-content\/uploads\/2021\/10\/DEBATE-CANNABIS-10.jpg\" alt=\"\" data-id=\"7664\" data-full-url=\"https:\/\/www.cannabis.es\/pw\/wp-content\/uploads\/2021\/10\/DEBATE-CANNABIS-10.jpg\" data-link=\"https:\/\/www.cannabis.es\/pw\/?attachment_id=7664\" class=\"wp-image-7664\" srcset=\"https:\/\/www.cannabis.es\/pw\/wp-content\/uploads\/2021\/10\/DEBATE-CANNABIS-10.jpg 979w, https:\/\/www.cannabis.es\/pw\/wp-content\/uploads\/2021\/10\/DEBATE-CANNABIS-10-300x225.jpg 300w, https:\/\/www.cannabis.es\/pw\/wp-content\/uploads\/2021\/10\/DEBATE-CANNABIS-10-768x576.jpg 768w, https:\/\/www.cannabis.es\/pw\/wp-content\/uploads\/2021\/10\/DEBATE-CANNABIS-10-600x450.jpg 600w\" sizes=\"auto, (max-width: 979px) 100vw, 979px\" \/><\/figure><\/li><li class=\"blocks-gallery-item\"><figure><img loading=\"lazy\" decoding=\"async\" width=\"979\" height=\"734\" src=\"https:\/\/www.cannabis.es\/pw\/wp-content\/uploads\/2021\/10\/DEBATE-CANNABIS-11.jpg\" alt=\"\" data-id=\"7665\" data-full-url=\"https:\/\/www.cannabis.es\/pw\/wp-content\/uploads\/2021\/10\/DEBATE-CANNABIS-11.jpg\" data-link=\"https:\/\/www.cannabis.es\/pw\/?attachment_id=7665\" class=\"wp-image-7665\" srcset=\"https:\/\/www.cannabis.es\/pw\/wp-content\/uploads\/2021\/10\/DEBATE-CANNABIS-11.jpg 979w, https:\/\/www.cannabis.es\/pw\/wp-content\/uploads\/2021\/10\/DEBATE-CANNABIS-11-300x225.jpg 300w, https:\/\/www.cannabis.es\/pw\/wp-content\/uploads\/2021\/10\/DEBATE-CANNABIS-11-768x576.jpg 768w, https:\/\/www.cannabis.es\/pw\/wp-content\/uploads\/2021\/10\/DEBATE-CANNABIS-11-600x450.jpg 600w\" sizes=\"auto, (max-width: 979px) 100vw, 979px\" \/><\/figure><\/li><li class=\"blocks-gallery-item\"><figure><img loading=\"lazy\" decoding=\"async\" width=\"979\" height=\"734\" src=\"https:\/\/www.cannabis.es\/pw\/wp-content\/uploads\/2021\/10\/DEBATE-CANNABIS-12.jpg\" alt=\"\" data-id=\"7666\" data-full-url=\"https:\/\/www.cannabis.es\/pw\/wp-content\/uploads\/2021\/10\/DEBATE-CANNABIS-12.jpg\" data-link=\"https:\/\/www.cannabis.es\/pw\/?attachment_id=7666\" class=\"wp-image-7666\" srcset=\"https:\/\/www.cannabis.es\/pw\/wp-content\/uploads\/2021\/10\/DEBATE-CANNABIS-12.jpg 979w, https:\/\/www.cannabis.es\/pw\/wp-content\/uploads\/2021\/10\/DEBATE-CANNABIS-12-300x225.jpg 300w, https:\/\/www.cannabis.es\/pw\/wp-content\/uploads\/2021\/10\/DEBATE-CANNABIS-12-768x576.jpg 768w, https:\/\/www.cannabis.es\/pw\/wp-content\/uploads\/2021\/10\/DEBATE-CANNABIS-12-600x450.jpg 600w\" sizes=\"auto, (max-width: 979px) 100vw, 979px\" \/><\/figure><\/li><li class=\"blocks-gallery-item\"><figure><img loading=\"lazy\" decoding=\"async\" width=\"940\" height=\"554\" src=\"https:\/\/www.cannabis.es\/pw\/wp-content\/uploads\/2021\/10\/DEBATE-CANNABIS-13.jpg\" alt=\"\" data-id=\"7667\" data-full-url=\"https:\/\/www.cannabis.es\/pw\/wp-content\/uploads\/2021\/10\/DEBATE-CANNABIS-13.jpg\" data-link=\"https:\/\/www.cannabis.es\/pw\/?attachment_id=7667\" class=\"wp-image-7667\" srcset=\"https:\/\/www.cannabis.es\/pw\/wp-content\/uploads\/2021\/10\/DEBATE-CANNABIS-13.jpg 940w, https:\/\/www.cannabis.es\/pw\/wp-content\/uploads\/2021\/10\/DEBATE-CANNABIS-13-300x177.jpg 300w, https:\/\/www.cannabis.es\/pw\/wp-content\/uploads\/2021\/10\/DEBATE-CANNABIS-13-768x453.jpg 768w, https:\/\/www.cannabis.es\/pw\/wp-content\/uploads\/2021\/10\/DEBATE-CANNABIS-13-600x354.jpg 600w\" sizes=\"auto, (max-width: 940px) 100vw, 940px\" \/><\/figure><\/li><\/ul><\/figure>\n","protected":false},"excerpt":{"rendered":"<span class=\"span-reading-time rt-reading-time\" style=\"display: block;\"><span class=\"rt-label rt-prefix\">Tiempo de lectura:<\/span> <span class=\"rt-time\"> 5<\/span> <span class=\"rt-label rt-postfix\">minutos<\/span><\/span>Benito D\u00edaz La propuesta sobre la regulaci\u00f3n integral del cannabis del grupo M\u00e1s Pa\u00eds &#8211; Equo, fue votada ayer, a escasas dos semanas desde la presentaci\u00f3n p\u00fablica del documento. Tras la exposici\u00f3n de argumentos, en los que el PSOE se uni\u00f3 a la bancada de la ultraderecha, finalizaron con 75 votos a favor, 263 en [&hellip;]","protected":false},"author":3,"featured_media":7668,"comment_status":"closed","ping_status":"closed","sticky":false,"template":"","format":"standard","meta":{"loftocean-featured-post":"","loftocean_post_format_gallery":"","loftocean_post_format_gallery_ids":"","loftocean_post_format_gallery_urls":"","loftocean_post_format_video_id":"","loftocean_post_format_video_url":"","loftocean_post_format_video_type":"","loftocean_post_format_video":"","loftocean_post_format_audio_type":"","loftocean_post_format_audio_url":"","loftocean_post_format_audio_id":"","loftocean_post_format_audio":"","loftocean_post_format_quote_text":"","loftocean_post_format_quote_byline":"","loftocean_post_format_link_text":"","loftocean_post_format_link_url":"","ceramag_post_header_style":"","ceramag_enable_background_video":"","ceramag_show_in_top_slider":"","ceramag_post_background_video_start":"","ceramag_post_background_video_end":"","loftocean_page_background_video_id":"","loftocean_page_background_video_url":"","loftocean_page_background_video_type":"","loftocean_page_background_video":"","ceramag_background_video_start":"","ceramag_background_video_end":"","ceramag_single_page_hide_header":"","footnotes":""},"categories":[35],"tags":[43,41,54,42],"class_list":["post-7655","post","type-post","status-publish","format-standard","has-post-thumbnail","hentry","category-politica-y-sociedad","tag-benito-diaz","tag-cannabis","tag-legalizacion","tag-politica"],"yoast_head":"<!-- This site is optimized with the Yoast SEO plugin v24.9 - https:\/\/yoast.com\/wordpress\/plugins\/seo\/ -->\n<title>El PSOE bloquea con la ultraderecha la ley del cannabis de M\u00e1s Pa\u00eds<\/title>\n<meta name=\"description\" content=\"Entrada &#8226; Portal multimedia sobre cannabis y otras sustancias &#8226; 20 octubre, 2021\" \/>\n<meta name=\"robots\" content=\"index, follow, max-snippet:-1, max-image-preview:large, max-video-preview:-1\" \/>\n<link rel=\"canonical\" href=\"https:\/\/www.cannabis.es\/pw\/2021\/10\/20\/el-psoe-bloquea-con-la-ultraderecha-la-ley-del-cannabis-de-mas-pais\/\" \/>\n<meta name=\"twitter:card\" content=\"summary_large_image\" \/>\n<meta name=\"twitter:title\" content=\"El PSOE bloquea con la ultraderecha la ley del cannabis de M\u00e1s Pa\u00eds\" \/>\n<meta name=\"twitter:description\" content=\"Entrada &#8226; Portal multimedia sobre cannabis y otras sustancias &#8226; 20 octubre, 2021\" \/>\n<meta name=\"twitter:image\" content=\"https:\/\/www.cannabis.es\/pw\/wp-content\/uploads\/2021\/10\/DEBATE-CANNABIS-PORTADA-.jpg\" \/>\n<meta name=\"twitter:creator\" content=\"@cannabis_es\" \/>\n<meta name=\"twitter:site\" content=\"@cannabis_es\" \/>\n<meta name=\"twitter:label1\" content=\"Escrito por\" \/>\n\t<meta name=\"twitter:data1\" content=\"Cannabis.es\" \/>\n\t<meta name=\"twitter:label2\" content=\"Tiempo de lectura\" \/>\n\t<meta name=\"twitter:data2\" content=\"9 minutos\" \/>\n<script type=\"application\/ld+json\" class=\"yoast-schema-graph\">{\"@context\":\"https:\/\/schema.org\",\"@graph\":[{\"@type\":\"Article\",\"@id\":\"https:\/\/www.cannabis.es\/pw\/2021\/10\/20\/el-psoe-bloquea-con-la-ultraderecha-la-ley-del-cannabis-de-mas-pais\/#article\",\"isPartOf\":{\"@id\":\"https:\/\/www.cannabis.es\/pw\/2021\/10\/20\/el-psoe-bloquea-con-la-ultraderecha-la-ley-del-cannabis-de-mas-pais\/\"},\"author\":{\"name\":\"Cannabis.es\",\"@id\":\"https:\/\/www.cannabis.es\/pw\/#\/schema\/person\/ec770c03f3e99d770687f537f4ba1e89\"},\"headline\":\"El PSOE bloquea con la ultraderecha la ley del cannabis de M\u00e1s Pa\u00eds\",\"datePublished\":\"2021-10-20T12:15:07+00:00\",\"dateModified\":\"2021-10-21T10:09:04+00:00\",\"mainEntityOfPage\":{\"@id\":\"https:\/\/www.cannabis.es\/pw\/2021\/10\/20\/el-psoe-bloquea-con-la-ultraderecha-la-ley-del-cannabis-de-mas-pais\/\"},\"wordCount\":1679,\"publisher\":{\"@id\":\"https:\/\/www.cannabis.es\/pw\/#organization\"},\"image\":{\"@id\":\"https:\/\/www.cannabis.es\/pw\/2021\/10\/20\/el-psoe-bloquea-con-la-ultraderecha-la-ley-del-cannabis-de-mas-pais\/#primaryimage\"},\"thumbnailUrl\":\"https:\/\/www.cannabis.es\/pw\/wp-content\/uploads\/2021\/10\/DEBATE-CANNABIS-PORTADA-.jpg\",\"keywords\":[\"Benito D\u00edaz\",\"cannabis\",\"legalizaci\u00f3n\",\"pol\u00edtica\"],\"articleSection\":[\"Pol\u00edtica y Sociedad\"],\"inLanguage\":\"es\"},{\"@type\":\"WebPage\",\"@id\":\"https:\/\/www.cannabis.es\/pw\/2021\/10\/20\/el-psoe-bloquea-con-la-ultraderecha-la-ley-del-cannabis-de-mas-pais\/\",\"url\":\"https:\/\/www.cannabis.es\/pw\/2021\/10\/20\/el-psoe-bloquea-con-la-ultraderecha-la-ley-del-cannabis-de-mas-pais\/\",\"name\":\"El PSOE bloquea con la ultraderecha la ley del cannabis de M\u00e1s Pa\u00eds\",\"isPartOf\":{\"@id\":\"https:\/\/www.cannabis.es\/pw\/#website\"},\"primaryImageOfPage\":{\"@id\":\"https:\/\/www.cannabis.es\/pw\/2021\/10\/20\/el-psoe-bloquea-con-la-ultraderecha-la-ley-del-cannabis-de-mas-pais\/#primaryimage\"},\"image\":{\"@id\":\"https:\/\/www.cannabis.es\/pw\/2021\/10\/20\/el-psoe-bloquea-con-la-ultraderecha-la-ley-del-cannabis-de-mas-pais\/#primaryimage\"},\"thumbnailUrl\":\"https:\/\/www.cannabis.es\/pw\/wp-content\/uploads\/2021\/10\/DEBATE-CANNABIS-PORTADA-.jpg\",\"datePublished\":\"2021-10-20T12:15:07+00:00\",\"dateModified\":\"2021-10-21T10:09:04+00:00\",\"description\":\"Entrada &#8226; Portal multimedia sobre cannabis y otras sustancias &#8226; 20 octubre, 2021\",\"breadcrumb\":{\"@id\":\"https:\/\/www.cannabis.es\/pw\/2021\/10\/20\/el-psoe-bloquea-con-la-ultraderecha-la-ley-del-cannabis-de-mas-pais\/#breadcrumb\"},\"inLanguage\":\"es\",\"potentialAction\":[{\"@type\":\"ReadAction\",\"target\":[\"https:\/\/www.cannabis.es\/pw\/2021\/10\/20\/el-psoe-bloquea-con-la-ultraderecha-la-ley-del-cannabis-de-mas-pais\/\"]}]},{\"@type\":\"ImageObject\",\"inLanguage\":\"es\",\"@id\":\"https:\/\/www.cannabis.es\/pw\/2021\/10\/20\/el-psoe-bloquea-con-la-ultraderecha-la-ley-del-cannabis-de-mas-pais\/#primaryimage\",\"url\":\"https:\/\/www.cannabis.es\/pw\/wp-content\/uploads\/2021\/10\/DEBATE-CANNABIS-PORTADA-.jpg\",\"contentUrl\":\"https:\/\/www.cannabis.es\/pw\/wp-content\/uploads\/2021\/10\/DEBATE-CANNABIS-PORTADA-.jpg\",\"width\":804,\"height\":532},{\"@type\":\"BreadcrumbList\",\"@id\":\"https:\/\/www.cannabis.es\/pw\/2021\/10\/20\/el-psoe-bloquea-con-la-ultraderecha-la-ley-del-cannabis-de-mas-pais\/#breadcrumb\",\"itemListElement\":[{\"@type\":\"ListItem\",\"position\":1,\"name\":\"Portada\",\"item\":\"http:\/\/www.cannabis.es\/pw\/\"},{\"@type\":\"ListItem\",\"position\":2,\"name\":\"El PSOE bloquea con la ultraderecha la ley del cannabis de M\u00e1s Pa\u00eds\"}]},{\"@type\":\"WebSite\",\"@id\":\"https:\/\/www.cannabis.es\/pw\/#website\",\"url\":\"https:\/\/www.cannabis.es\/pw\/\",\"name\":\"Cannabis\",\"description\":\"Portal multimedia sobre cannabis y otras sustancias\",\"publisher\":{\"@id\":\"https:\/\/www.cannabis.es\/pw\/#organization\"},\"potentialAction\":[{\"@type\":\"SearchAction\",\"target\":{\"@type\":\"EntryPoint\",\"urlTemplate\":\"https:\/\/www.cannabis.es\/pw\/?s={search_term_string}\"},\"query-input\":{\"@type\":\"PropertyValueSpecification\",\"valueRequired\":true,\"valueName\":\"search_term_string\"}}],\"inLanguage\":\"es\"},{\"@type\":\"Organization\",\"@id\":\"https:\/\/www.cannabis.es\/pw\/#organization\",\"name\":\"Cannabis.es\",\"url\":\"https:\/\/www.cannabis.es\/pw\/\",\"logo\":{\"@type\":\"ImageObject\",\"inLanguage\":\"es\",\"@id\":\"https:\/\/www.cannabis.es\/pw\/#\/schema\/logo\/image\/\",\"url\":\"https:\/\/www.cannabis.es\/pw\/wp-content\/uploads\/2019\/04\/cropped-logo_cannabis.png\",\"contentUrl\":\"https:\/\/www.cannabis.es\/pw\/wp-content\/uploads\/2019\/04\/cropped-logo_cannabis.png\",\"width\":361,\"height\":120,\"caption\":\"Cannabis.es\"},\"image\":{\"@id\":\"https:\/\/www.cannabis.es\/pw\/#\/schema\/logo\/image\/\"},\"sameAs\":[\"https:\/\/x.com\/cannabis_es\"]},{\"@type\":\"Person\",\"@id\":\"https:\/\/www.cannabis.es\/pw\/#\/schema\/person\/ec770c03f3e99d770687f537f4ba1e89\",\"name\":\"Cannabis.es\",\"image\":{\"@type\":\"ImageObject\",\"inLanguage\":\"es\",\"@id\":\"https:\/\/www.cannabis.es\/pw\/#\/schema\/person\/image\/\",\"url\":\"https:\/\/secure.gravatar.com\/avatar\/810c93a3d6fadc3d9c2665b1d919a4aedea8ed4dd63689d001e985a804e90d83?s=96&d=mm&r=g\",\"contentUrl\":\"https:\/\/secure.gravatar.com\/avatar\/810c93a3d6fadc3d9c2665b1d919a4aedea8ed4dd63689d001e985a804e90d83?s=96&d=mm&r=g\",\"caption\":\"Cannabis.es\"},\"url\":\"https:\/\/www.cannabis.es\/pw\/author\/arnau\/\"}]}<\/script>\n<!-- \/ Yoast SEO plugin. -->","yoast_head_json":{"title":"El PSOE bloquea con la ultraderecha la ley del cannabis de M\u00e1s Pa\u00eds","description":"Entrada &#8226; Portal multimedia sobre cannabis y otras sustancias &#8226; 20 octubre, 2021","robots":{"index":"index","follow":"follow","max-snippet":"max-snippet:-1","max-image-preview":"max-image-preview:large","max-video-preview":"max-video-preview:-1"},"canonical":"https:\/\/www.cannabis.es\/pw\/2021\/10\/20\/el-psoe-bloquea-con-la-ultraderecha-la-ley-del-cannabis-de-mas-pais\/","twitter_card":"summary_large_image","twitter_title":"El PSOE bloquea con la ultraderecha la ley del cannabis de M\u00e1s Pa\u00eds","twitter_description":"Entrada &#8226; Portal multimedia sobre cannabis y otras sustancias &#8226; 20 octubre, 2021","twitter_image":"https:\/\/www.cannabis.es\/pw\/wp-content\/uploads\/2021\/10\/DEBATE-CANNABIS-PORTADA-.jpg","twitter_creator":"@cannabis_es","twitter_site":"@cannabis_es","twitter_misc":{"Escrito por":"Cannabis.es","Tiempo de lectura":"9 minutos"},"schema":{"@context":"https:\/\/schema.org","@graph":[{"@type":"Article","@id":"https:\/\/www.cannabis.es\/pw\/2021\/10\/20\/el-psoe-bloquea-con-la-ultraderecha-la-ley-del-cannabis-de-mas-pais\/#article","isPartOf":{"@id":"https:\/\/www.cannabis.es\/pw\/2021\/10\/20\/el-psoe-bloquea-con-la-ultraderecha-la-ley-del-cannabis-de-mas-pais\/"},"author":{"name":"Cannabis.es","@id":"https:\/\/www.cannabis.es\/pw\/#\/schema\/person\/ec770c03f3e99d770687f537f4ba1e89"},"headline":"El PSOE bloquea con la ultraderecha la ley del cannabis de M\u00e1s Pa\u00eds","datePublished":"2021-10-20T12:15:07+00:00","dateModified":"2021-10-21T10:09:04+00:00","mainEntityOfPage":{"@id":"https:\/\/www.cannabis.es\/pw\/2021\/10\/20\/el-psoe-bloquea-con-la-ultraderecha-la-ley-del-cannabis-de-mas-pais\/"},"wordCount":1679,"publisher":{"@id":"https:\/\/www.cannabis.es\/pw\/#organization"},"image":{"@id":"https:\/\/www.cannabis.es\/pw\/2021\/10\/20\/el-psoe-bloquea-con-la-ultraderecha-la-ley-del-cannabis-de-mas-pais\/#primaryimage"},"thumbnailUrl":"https:\/\/www.cannabis.es\/pw\/wp-content\/uploads\/2021\/10\/DEBATE-CANNABIS-PORTADA-.jpg","keywords":["Benito D\u00edaz","cannabis","legalizaci\u00f3n","pol\u00edtica"],"articleSection":["Pol\u00edtica y Sociedad"],"inLanguage":"es"},{"@type":"WebPage","@id":"https:\/\/www.cannabis.es\/pw\/2021\/10\/20\/el-psoe-bloquea-con-la-ultraderecha-la-ley-del-cannabis-de-mas-pais\/","url":"https:\/\/www.cannabis.es\/pw\/2021\/10\/20\/el-psoe-bloquea-con-la-ultraderecha-la-ley-del-cannabis-de-mas-pais\/","name":"El PSOE bloquea con la ultraderecha la ley del cannabis de M\u00e1s Pa\u00eds","isPartOf":{"@id":"https:\/\/www.cannabis.es\/pw\/#website"},"primaryImageOfPage":{"@id":"https:\/\/www.cannabis.es\/pw\/2021\/10\/20\/el-psoe-bloquea-con-la-ultraderecha-la-ley-del-cannabis-de-mas-pais\/#primaryimage"},"image":{"@id":"https:\/\/www.cannabis.es\/pw\/2021\/10\/20\/el-psoe-bloquea-con-la-ultraderecha-la-ley-del-cannabis-de-mas-pais\/#primaryimage"},"thumbnailUrl":"https:\/\/www.cannabis.es\/pw\/wp-content\/uploads\/2021\/10\/DEBATE-CANNABIS-PORTADA-.jpg","datePublished":"2021-10-20T12:15:07+00:00","dateModified":"2021-10-21T10:09:04+00:00","description":"Entrada &#8226; Portal multimedia sobre cannabis y otras sustancias &#8226; 20 octubre, 2021","breadcrumb":{"@id":"https:\/\/www.cannabis.es\/pw\/2021\/10\/20\/el-psoe-bloquea-con-la-ultraderecha-la-ley-del-cannabis-de-mas-pais\/#breadcrumb"},"inLanguage":"es","potentialAction":[{"@type":"ReadAction","target":["https:\/\/www.cannabis.es\/pw\/2021\/10\/20\/el-psoe-bloquea-con-la-ultraderecha-la-ley-del-cannabis-de-mas-pais\/"]}]},{"@type":"ImageObject","inLanguage":"es","@id":"https:\/\/www.cannabis.es\/pw\/2021\/10\/20\/el-psoe-bloquea-con-la-ultraderecha-la-ley-del-cannabis-de-mas-pais\/#primaryimage","url":"https:\/\/www.cannabis.es\/pw\/wp-content\/uploads\/2021\/10\/DEBATE-CANNABIS-PORTADA-.jpg","contentUrl":"https:\/\/www.cannabis.es\/pw\/wp-content\/uploads\/2021\/10\/DEBATE-CANNABIS-PORTADA-.jpg","width":804,"height":532},{"@type":"BreadcrumbList","@id":"https:\/\/www.cannabis.es\/pw\/2021\/10\/20\/el-psoe-bloquea-con-la-ultraderecha-la-ley-del-cannabis-de-mas-pais\/#breadcrumb","itemListElement":[{"@type":"ListItem","position":1,"name":"Portada","item":"http:\/\/www.cannabis.es\/pw\/"},{"@type":"ListItem","position":2,"name":"El PSOE bloquea con la ultraderecha la ley del cannabis de M\u00e1s Pa\u00eds"}]},{"@type":"WebSite","@id":"https:\/\/www.cannabis.es\/pw\/#website","url":"https:\/\/www.cannabis.es\/pw\/","name":"Cannabis","description":"Portal multimedia sobre cannabis y otras sustancias","publisher":{"@id":"https:\/\/www.cannabis.es\/pw\/#organization"},"potentialAction":[{"@type":"SearchAction","target":{"@type":"EntryPoint","urlTemplate":"https:\/\/www.cannabis.es\/pw\/?s={search_term_string}"},"query-input":{"@type":"PropertyValueSpecification","valueRequired":true,"valueName":"search_term_string"}}],"inLanguage":"es"},{"@type":"Organization","@id":"https:\/\/www.cannabis.es\/pw\/#organization","name":"Cannabis.es","url":"https:\/\/www.cannabis.es\/pw\/","logo":{"@type":"ImageObject","inLanguage":"es","@id":"https:\/\/www.cannabis.es\/pw\/#\/schema\/logo\/image\/","url":"https:\/\/www.cannabis.es\/pw\/wp-content\/uploads\/2019\/04\/cropped-logo_cannabis.png","contentUrl":"https:\/\/www.cannabis.es\/pw\/wp-content\/uploads\/2019\/04\/cropped-logo_cannabis.png","width":361,"height":120,"caption":"Cannabis.es"},"image":{"@id":"https:\/\/www.cannabis.es\/pw\/#\/schema\/logo\/image\/"},"sameAs":["https:\/\/x.com\/cannabis_es"]},{"@type":"Person","@id":"https:\/\/www.cannabis.es\/pw\/#\/schema\/person\/ec770c03f3e99d770687f537f4ba1e89","name":"Cannabis.es","image":{"@type":"ImageObject","inLanguage":"es","@id":"https:\/\/www.cannabis.es\/pw\/#\/schema\/person\/image\/","url":"https:\/\/secure.gravatar.com\/avatar\/810c93a3d6fadc3d9c2665b1d919a4aedea8ed4dd63689d001e985a804e90d83?s=96&d=mm&r=g","contentUrl":"https:\/\/secure.gravatar.com\/avatar\/810c93a3d6fadc3d9c2665b1d919a4aedea8ed4dd63689d001e985a804e90d83?s=96&d=mm&r=g","caption":"Cannabis.es"},"url":"https:\/\/www.cannabis.es\/pw\/author\/arnau\/"}]}},"_links":{"self":[{"href":"https:\/\/www.cannabis.es\/pw\/wp-json\/wp\/v2\/posts\/7655","targetHints":{"allow":["GET"]}}],"collection":[{"href":"https:\/\/www.cannabis.es\/pw\/wp-json\/wp\/v2\/posts"}],"about":[{"href":"https:\/\/www.cannabis.es\/pw\/wp-json\/wp\/v2\/types\/post"}],"author":[{"embeddable":true,"href":"https:\/\/www.cannabis.es\/pw\/wp-json\/wp\/v2\/users\/3"}],"replies":[{"embeddable":true,"href":"https:\/\/www.cannabis.es\/pw\/wp-json\/wp\/v2\/comments?post=7655"}],"version-history":[{"count":3,"href":"https:\/\/www.cannabis.es\/pw\/wp-json\/wp\/v2\/posts\/7655\/revisions"}],"predecessor-version":[{"id":7673,"href":"https:\/\/www.cannabis.es\/pw\/wp-json\/wp\/v2\/posts\/7655\/revisions\/7673"}],"wp:featuredmedia":[{"embeddable":true,"href":"https:\/\/www.cannabis.es\/pw\/wp-json\/wp\/v2\/media\/7668"}],"wp:attachment":[{"href":"https:\/\/www.cannabis.es\/pw\/wp-json\/wp\/v2\/media?parent=7655"}],"wp:term":[{"taxonomy":"category","embeddable":true,"href":"https:\/\/www.cannabis.es\/pw\/wp-json\/wp\/v2\/categories?post=7655"},{"taxonomy":"post_tag","embeddable":true,"href":"https:\/\/www.cannabis.es\/pw\/wp-json\/wp\/v2\/tags?post=7655"}],"curies":[{"name":"wp","href":"https:\/\/api.w.org\/{rel}","templated":true}]}}