{"id":7726,"date":"2021-11-04T13:07:14","date_gmt":"2021-11-04T12:07:14","guid":{"rendered":"https:\/\/www.cannabis.es\/pw\/?p=7726"},"modified":"2021-11-04T13:28:37","modified_gmt":"2021-11-04T12:28:37","slug":"el-congreso-de-costa-rica-admite-a-tramite-el-cannabis-medicinal","status":"publish","type":"post","link":"https:\/\/www.cannabis.es\/pw\/2021\/11\/04\/el-congreso-de-costa-rica-admite-a-tramite-el-cannabis-medicinal\/","title":{"rendered":"El Congreso de Costa Rica admite a tr\u00e1mite el Cannabis Medicinal"},"content":{"rendered":"\n<p>Arnau Alcaide<br><br>El Congreso de Costa Rica aprueba en su primera fase la regulaci\u00f3n del cannabis medicinal que incluye un 40% de licencias reservadas \u00abpara peque\u00f1as empresas agr\u00edcolas cantonales, cooperativas y de producci\u00f3n a baja escala\u00bb, seg\u00fan ha explicado el diputado promotor del Partido Acci\u00f3n Ciudadana. Una buena publicidad que no puede esconder que solo se regula el circuito comercial y no a las personas, pues no quedan recogidos ni el autocultivo ni las asociaciones cann\u00e1bicas. Mientras el pa\u00eds aborda la regulaci\u00f3n <a href=\"https:\/\/www.cannabis.es\/pw\/2020\/03\/23\/el-activismo-en-costa-rica-anticipa-la-paralisis-de-la-regulacion\/\">hasta ahora paralizada<\/a>, sigue en la c\u00e1rcel Mario Cerd\u00e1s, abogado contra el que <a href=\"https:\/\/www.cannabis.es\/pw\/2020\/11\/03\/tercer-juicio-a-cerdas-en-costa-rica-para-retirar-la-absolucion-al-autocultivo\/\">la fiscal\u00eda prepar\u00f3 un juicio montaje para revertir la jurisprudencia que garantizaba el derecho al autocultivo<\/a> de toda la ciudadan\u00eda.<\/p>\n\n\n\n<p>Se trata de la admisi\u00f3n a tr\u00e1mite del borrador para el debate y modificaciones mediante enmiendas de la regulaci\u00f3n medicinal; finalmente, se votar\u00eda de nuevo su aprobaci\u00f3n definitiva. Es el mismo proceso por el que ya ha sido rechazada en Espa\u00f1a la ley de <a href=\"https:\/\/www.cannabis.es\/pw\/2021\/10\/20\/el-psoe-bloquea-con-la-ultraderecha-la-ley-del-cannabis-de-mas-pais\/\">M\u00e1s Pa\u00eds<\/a> y queda pendiente para las de <a href=\"https:\/\/www.cannabis.es\/pw\/2021\/09\/28\/esquerra-republicana-presenta-su-regulacion-del-cannabis-en-el-congreso\/\">Esquerra<\/a> Republicana y <a href=\"https:\/\/www.cannabis.es\/pw\/2021\/10\/07\/unidas-podemos-registra-una-ley-integral-del-cannabis-de-80-paginas\/\">Unidas Podemos<\/a>. En Costa Rica no obstante, solo se aborda la regulaci\u00f3n del cannabis medicinal como medicamento en manos de la industria farmac\u00e9utica y, eso s\u00ed, con acceso a la producci\u00f3n de valor, al menos sobre el papel, para agricultores, al contrario que en Espa\u00f1a.<br><br>La norma, <a href=\"https:\/\/www.elpais.cr\/2021\/10\/19\/costa-rica-aprueba-el-uso-medicinal-y-terapeutico-del-cannabis\/\">seg\u00fan ha declarado Enrique S\u00e1nchez Carballo<\/a>, \u00abfavorece a&nbsp; emprendimientos de la econom\u00eda social y de peque\u00f1os agroproductores que necesitan de este tipo de oportunidades, y lo otro es que permite el consumo dom\u00e9stico en cantidades recetadas para pacientes diagnosticados, siendo esta una opci\u00f3n con la que no contaban\u00bb. El texto autoriza todo el circuito comercial desde la producci\u00f3n a la distribuci\u00f3n, siempre con licencia y con fines medicinales, y ser\u00e1 el Estado mediante la Seguridad Social o un laboratorio farmac\u00e9utico, tambi\u00e9n licenciado, los \u00fanicos compradores posibles de la materia prima. <\/p>\n\n\n\n<p>Se podr\u00e1 integrar con ambas licencias todo el proceso, por lo que la \u00fanica garant\u00eda que va a tener el mundo agr\u00edcola es la cuota de 4 de cada 10 licencias, pero despu\u00e9s pueden quedar superados por los mejores costes que puedan tener los oligopolios farmac\u00e9uticos, o el control de los precios de la materia prima al tener poder de compra. No van a poder vender directamente al usuario los agricultores. El <strong>c\u00e1\u00f1amo<\/strong>, a su vez, quedar\u00eda libre de fiscalizaci\u00f3n y apto para todos los usos, tambi\u00e9n alimentarios, pasando a ser un cultivo cualquiera.<\/p>\n\n\n\n<p>S\u00e1nchez Carballo, no obstante, s\u00ed que lanz\u00f3 un dardo hacia m\u00e1s avances, cuestionando la prohibici\u00f3n; pero, de momento, son solo palabras: \u00abDebemos buscar regular tambi\u00e9n el cannabis en su variante psicoactiva, no solo medicinal e industrial. La experiencia internacional nos dice que la prohibici\u00f3n de ese uso no cumple con los prop\u00f3sitos que supuestamente persigue y m\u00e1s bien favorece al narcotr\u00e1fico. En cambio, la regulaci\u00f3n abre la posibilidad de formalizar el mercado, atraer inversi\u00f3n, genera encadenamientos productivos, empleos y mayor seguridad para la poblaci\u00f3n consumidora. Adem\u00e1s, contribuye a generar m\u00e1s estudios, informaci\u00f3n y prevenci\u00f3n de conductas abusivas\u00bb.<br><br><\/p>\n\n\n\n<figure class=\"wp-block-image size-full\"><img loading=\"lazy\" decoding=\"async\" width=\"804\" height=\"532\" src=\"https:\/\/www.cannabis.es\/pw\/wp-content\/uploads\/2021\/11\/legislativo-costa-ricense.jpg\" alt=\"\" class=\"wp-image-7728\" srcset=\"https:\/\/www.cannabis.es\/pw\/wp-content\/uploads\/2021\/11\/legislativo-costa-ricense.jpg 804w, https:\/\/www.cannabis.es\/pw\/wp-content\/uploads\/2021\/11\/legislativo-costa-ricense-300x199.jpg 300w, https:\/\/www.cannabis.es\/pw\/wp-content\/uploads\/2021\/11\/legislativo-costa-ricense-768x508.jpg 768w, https:\/\/www.cannabis.es\/pw\/wp-content\/uploads\/2021\/11\/legislativo-costa-ricense-600x397.jpg 600w\" sizes=\"auto, (max-width: 804px) 100vw, 804px\" \/><\/figure>\n","protected":false},"excerpt":{"rendered":"<span class=\"span-reading-time rt-reading-time\" style=\"display: block;\"><span class=\"rt-label rt-prefix\">Tiempo de lectura:<\/span> <span class=\"rt-time\"> 2<\/span> <span class=\"rt-label rt-postfix\">minutos<\/span><\/span>Arnau AlcaideEl Congreso de Costa Rica aprueba en su primera fase la regulaci\u00f3n del cannabis medicinal que incluye un 40% de licencias reservadas \u00abpara peque\u00f1as empresas agr\u00edcolas cantonales, cooperativas y de producci\u00f3n a baja escala\u00bb, seg\u00fan ha explicado el diputado promotor del Partido Acci\u00f3n Ciudadana. Una buena publicidad que no puede esconder que solo se [&hellip;]","protected":false},"author":3,"featured_media":7728,"comment_status":"closed","ping_status":"closed","sticky":false,"template":"","format":"standard","meta":{"loftocean-featured-post":"","loftocean_post_format_gallery":"","loftocean_post_format_gallery_ids":"","loftocean_post_format_gallery_urls":"","loftocean_post_format_video_id":"","loftocean_post_format_video_url":"","loftocean_post_format_video_type":"","loftocean_post_format_video":"","loftocean_post_format_audio_type":"","loftocean_post_format_audio_url":"","loftocean_post_format_audio_id":"","loftocean_post_format_audio":"","loftocean_post_format_quote_text":"","loftocean_post_format_quote_byline":"","loftocean_post_format_link_text":"","loftocean_post_format_link_url":"","ceramag_post_header_style":"","ceramag_enable_background_video":"","ceramag_show_in_top_slider":"","ceramag_post_background_video_start":"","ceramag_post_background_video_end":"","loftocean_page_background_video_id":"","loftocean_page_background_video_url":"","loftocean_page_background_video_type":"","loftocean_page_background_video":"","ceramag_background_video_start":"","ceramag_background_video_end":"","ceramag_single_page_hide_header":"","footnotes":""},"categories":[35],"tags":[540,52,467],"class_list":["post-7726","post","type-post","status-publish","format-standard","has-post-thumbnail","hentry","category-politica-y-sociedad","tag-arnau-alcaide","tag-cannabis-medicinal","tag-costa-rica"],"yoast_head":"<!-- This site is optimized with the Yoast SEO plugin v24.9 - https:\/\/yoast.com\/wordpress\/plugins\/seo\/ -->\n<title>El Congreso de Costa Rica admite a tr\u00e1mite el Cannabis Medicinal<\/title>\n<meta name=\"description\" content=\"Entrada &#8226; Portal multimedia sobre cannabis y otras sustancias &#8226; 4 noviembre, 2021\" \/>\n<meta name=\"robots\" content=\"index, follow, max-snippet:-1, max-image-preview:large, max-video-preview:-1\" \/>\n<link rel=\"canonical\" href=\"https:\/\/www.cannabis.es\/pw\/2021\/11\/04\/el-congreso-de-costa-rica-admite-a-tramite-el-cannabis-medicinal\/\" \/>\n<meta name=\"twitter:card\" content=\"summary_large_image\" \/>\n<meta name=\"twitter:title\" content=\"El Congreso de Costa Rica admite a tr\u00e1mite el Cannabis Medicinal\" \/>\n<meta name=\"twitter:description\" content=\"Entrada &#8226; Portal multimedia sobre cannabis y otras sustancias &#8226; 4 noviembre, 2021\" \/>\n<meta name=\"twitter:image\" content=\"https:\/\/www.cannabis.es\/pw\/wp-content\/uploads\/2021\/11\/legislativo-costa-ricense.jpg\" \/>\n<meta name=\"twitter:creator\" content=\"@cannabis_es\" \/>\n<meta name=\"twitter:site\" content=\"@cannabis_es\" \/>\n<meta name=\"twitter:label1\" content=\"Escrito por\" \/>\n\t<meta name=\"twitter:data1\" content=\"Cannabis.es\" \/>\n\t<meta name=\"twitter:label2\" content=\"Tiempo de lectura\" \/>\n\t<meta name=\"twitter:data2\" content=\"3 minutos\" \/>\n<script type=\"application\/ld+json\" class=\"yoast-schema-graph\">{\"@context\":\"https:\/\/schema.org\",\"@graph\":[{\"@type\":\"Article\",\"@id\":\"https:\/\/www.cannabis.es\/pw\/2021\/11\/04\/el-congreso-de-costa-rica-admite-a-tramite-el-cannabis-medicinal\/#article\",\"isPartOf\":{\"@id\":\"https:\/\/www.cannabis.es\/pw\/2021\/11\/04\/el-congreso-de-costa-rica-admite-a-tramite-el-cannabis-medicinal\/\"},\"author\":{\"name\":\"Cannabis.es\",\"@id\":\"https:\/\/www.cannabis.es\/pw\/#\/schema\/person\/ec770c03f3e99d770687f537f4ba1e89\"},\"headline\":\"El Congreso de Costa Rica admite a tr\u00e1mite el Cannabis Medicinal\",\"datePublished\":\"2021-11-04T12:07:14+00:00\",\"dateModified\":\"2021-11-04T12:28:37+00:00\",\"mainEntityOfPage\":{\"@id\":\"https:\/\/www.cannabis.es\/pw\/2021\/11\/04\/el-congreso-de-costa-rica-admite-a-tramite-el-cannabis-medicinal\/\"},\"wordCount\":566,\"publisher\":{\"@id\":\"https:\/\/www.cannabis.es\/pw\/#organization\"},\"image\":{\"@id\":\"https:\/\/www.cannabis.es\/pw\/2021\/11\/04\/el-congreso-de-costa-rica-admite-a-tramite-el-cannabis-medicinal\/#primaryimage\"},\"thumbnailUrl\":\"https:\/\/www.cannabis.es\/pw\/wp-content\/uploads\/2021\/11\/legislativo-costa-ricense.jpg\",\"keywords\":[\"Arnau Alcaide\",\"cannabis medicinal\",\"Costa Rica\"],\"articleSection\":[\"Pol\u00edtica y Sociedad\"],\"inLanguage\":\"es\"},{\"@type\":\"WebPage\",\"@id\":\"https:\/\/www.cannabis.es\/pw\/2021\/11\/04\/el-congreso-de-costa-rica-admite-a-tramite-el-cannabis-medicinal\/\",\"url\":\"https:\/\/www.cannabis.es\/pw\/2021\/11\/04\/el-congreso-de-costa-rica-admite-a-tramite-el-cannabis-medicinal\/\",\"name\":\"El Congreso de Costa Rica admite a tr\u00e1mite el Cannabis Medicinal\",\"isPartOf\":{\"@id\":\"https:\/\/www.cannabis.es\/pw\/#website\"},\"primaryImageOfPage\":{\"@id\":\"https:\/\/www.cannabis.es\/pw\/2021\/11\/04\/el-congreso-de-costa-rica-admite-a-tramite-el-cannabis-medicinal\/#primaryimage\"},\"image\":{\"@id\":\"https:\/\/www.cannabis.es\/pw\/2021\/11\/04\/el-congreso-de-costa-rica-admite-a-tramite-el-cannabis-medicinal\/#primaryimage\"},\"thumbnailUrl\":\"https:\/\/www.cannabis.es\/pw\/wp-content\/uploads\/2021\/11\/legislativo-costa-ricense.jpg\",\"datePublished\":\"2021-11-04T12:07:14+00:00\",\"dateModified\":\"2021-11-04T12:28:37+00:00\",\"description\":\"Entrada &#8226; Portal multimedia sobre cannabis y otras sustancias &#8226; 4 noviembre, 2021\",\"breadcrumb\":{\"@id\":\"https:\/\/www.cannabis.es\/pw\/2021\/11\/04\/el-congreso-de-costa-rica-admite-a-tramite-el-cannabis-medicinal\/#breadcrumb\"},\"inLanguage\":\"es\",\"potentialAction\":[{\"@type\":\"ReadAction\",\"target\":[\"https:\/\/www.cannabis.es\/pw\/2021\/11\/04\/el-congreso-de-costa-rica-admite-a-tramite-el-cannabis-medicinal\/\"]}]},{\"@type\":\"ImageObject\",\"inLanguage\":\"es\",\"@id\":\"https:\/\/www.cannabis.es\/pw\/2021\/11\/04\/el-congreso-de-costa-rica-admite-a-tramite-el-cannabis-medicinal\/#primaryimage\",\"url\":\"https:\/\/www.cannabis.es\/pw\/wp-content\/uploads\/2021\/11\/legislativo-costa-ricense.jpg\",\"contentUrl\":\"https:\/\/www.cannabis.es\/pw\/wp-content\/uploads\/2021\/11\/legislativo-costa-ricense.jpg\",\"width\":804,\"height\":532},{\"@type\":\"BreadcrumbList\",\"@id\":\"https:\/\/www.cannabis.es\/pw\/2021\/11\/04\/el-congreso-de-costa-rica-admite-a-tramite-el-cannabis-medicinal\/#breadcrumb\",\"itemListElement\":[{\"@type\":\"ListItem\",\"position\":1,\"name\":\"Portada\",\"item\":\"http:\/\/www.cannabis.es\/pw\/\"},{\"@type\":\"ListItem\",\"position\":2,\"name\":\"El Congreso de Costa Rica admite a tr\u00e1mite el Cannabis Medicinal\"}]},{\"@type\":\"WebSite\",\"@id\":\"https:\/\/www.cannabis.es\/pw\/#website\",\"url\":\"https:\/\/www.cannabis.es\/pw\/\",\"name\":\"Cannabis\",\"description\":\"Portal multimedia sobre cannabis y otras sustancias\",\"publisher\":{\"@id\":\"https:\/\/www.cannabis.es\/pw\/#organization\"},\"potentialAction\":[{\"@type\":\"SearchAction\",\"target\":{\"@type\":\"EntryPoint\",\"urlTemplate\":\"https:\/\/www.cannabis.es\/pw\/?s={search_term_string}\"},\"query-input\":{\"@type\":\"PropertyValueSpecification\",\"valueRequired\":true,\"valueName\":\"search_term_string\"}}],\"inLanguage\":\"es\"},{\"@type\":\"Organization\",\"@id\":\"https:\/\/www.cannabis.es\/pw\/#organization\",\"name\":\"Cannabis.es\",\"url\":\"https:\/\/www.cannabis.es\/pw\/\",\"logo\":{\"@type\":\"ImageObject\",\"inLanguage\":\"es\",\"@id\":\"https:\/\/www.cannabis.es\/pw\/#\/schema\/logo\/image\/\",\"url\":\"https:\/\/www.cannabis.es\/pw\/wp-content\/uploads\/2019\/04\/cropped-logo_cannabis.png\",\"contentUrl\":\"https:\/\/www.cannabis.es\/pw\/wp-content\/uploads\/2019\/04\/cropped-logo_cannabis.png\",\"width\":361,\"height\":120,\"caption\":\"Cannabis.es\"},\"image\":{\"@id\":\"https:\/\/www.cannabis.es\/pw\/#\/schema\/logo\/image\/\"},\"sameAs\":[\"https:\/\/x.com\/cannabis_es\"]},{\"@type\":\"Person\",\"@id\":\"https:\/\/www.cannabis.es\/pw\/#\/schema\/person\/ec770c03f3e99d770687f537f4ba1e89\",\"name\":\"Cannabis.es\",\"image\":{\"@type\":\"ImageObject\",\"inLanguage\":\"es\",\"@id\":\"https:\/\/www.cannabis.es\/pw\/#\/schema\/person\/image\/\",\"url\":\"https:\/\/secure.gravatar.com\/avatar\/810c93a3d6fadc3d9c2665b1d919a4aedea8ed4dd63689d001e985a804e90d83?s=96&d=mm&r=g\",\"contentUrl\":\"https:\/\/secure.gravatar.com\/avatar\/810c93a3d6fadc3d9c2665b1d919a4aedea8ed4dd63689d001e985a804e90d83?s=96&d=mm&r=g\",\"caption\":\"Cannabis.es\"},\"url\":\"https:\/\/www.cannabis.es\/pw\/author\/arnau\/\"}]}<\/script>\n<!-- \/ Yoast SEO plugin. -->","yoast_head_json":{"title":"El Congreso de Costa Rica admite a tr\u00e1mite el Cannabis Medicinal","description":"Entrada &#8226; Portal multimedia sobre cannabis y otras sustancias &#8226; 4 noviembre, 2021","robots":{"index":"index","follow":"follow","max-snippet":"max-snippet:-1","max-image-preview":"max-image-preview:large","max-video-preview":"max-video-preview:-1"},"canonical":"https:\/\/www.cannabis.es\/pw\/2021\/11\/04\/el-congreso-de-costa-rica-admite-a-tramite-el-cannabis-medicinal\/","twitter_card":"summary_large_image","twitter_title":"El Congreso de Costa Rica admite a tr\u00e1mite el Cannabis Medicinal","twitter_description":"Entrada &#8226; Portal multimedia sobre cannabis y otras sustancias &#8226; 4 noviembre, 2021","twitter_image":"https:\/\/www.cannabis.es\/pw\/wp-content\/uploads\/2021\/11\/legislativo-costa-ricense.jpg","twitter_creator":"@cannabis_es","twitter_site":"@cannabis_es","twitter_misc":{"Escrito por":"Cannabis.es","Tiempo de lectura":"3 minutos"},"schema":{"@context":"https:\/\/schema.org","@graph":[{"@type":"Article","@id":"https:\/\/www.cannabis.es\/pw\/2021\/11\/04\/el-congreso-de-costa-rica-admite-a-tramite-el-cannabis-medicinal\/#article","isPartOf":{"@id":"https:\/\/www.cannabis.es\/pw\/2021\/11\/04\/el-congreso-de-costa-rica-admite-a-tramite-el-cannabis-medicinal\/"},"author":{"name":"Cannabis.es","@id":"https:\/\/www.cannabis.es\/pw\/#\/schema\/person\/ec770c03f3e99d770687f537f4ba1e89"},"headline":"El Congreso de Costa Rica admite a tr\u00e1mite el Cannabis Medicinal","datePublished":"2021-11-04T12:07:14+00:00","dateModified":"2021-11-04T12:28:37+00:00","mainEntityOfPage":{"@id":"https:\/\/www.cannabis.es\/pw\/2021\/11\/04\/el-congreso-de-costa-rica-admite-a-tramite-el-cannabis-medicinal\/"},"wordCount":566,"publisher":{"@id":"https:\/\/www.cannabis.es\/pw\/#organization"},"image":{"@id":"https:\/\/www.cannabis.es\/pw\/2021\/11\/04\/el-congreso-de-costa-rica-admite-a-tramite-el-cannabis-medicinal\/#primaryimage"},"thumbnailUrl":"https:\/\/www.cannabis.es\/pw\/wp-content\/uploads\/2021\/11\/legislativo-costa-ricense.jpg","keywords":["Arnau Alcaide","cannabis medicinal","Costa Rica"],"articleSection":["Pol\u00edtica y Sociedad"],"inLanguage":"es"},{"@type":"WebPage","@id":"https:\/\/www.cannabis.es\/pw\/2021\/11\/04\/el-congreso-de-costa-rica-admite-a-tramite-el-cannabis-medicinal\/","url":"https:\/\/www.cannabis.es\/pw\/2021\/11\/04\/el-congreso-de-costa-rica-admite-a-tramite-el-cannabis-medicinal\/","name":"El Congreso de Costa Rica admite a tr\u00e1mite el Cannabis Medicinal","isPartOf":{"@id":"https:\/\/www.cannabis.es\/pw\/#website"},"primaryImageOfPage":{"@id":"https:\/\/www.cannabis.es\/pw\/2021\/11\/04\/el-congreso-de-costa-rica-admite-a-tramite-el-cannabis-medicinal\/#primaryimage"},"image":{"@id":"https:\/\/www.cannabis.es\/pw\/2021\/11\/04\/el-congreso-de-costa-rica-admite-a-tramite-el-cannabis-medicinal\/#primaryimage"},"thumbnailUrl":"https:\/\/www.cannabis.es\/pw\/wp-content\/uploads\/2021\/11\/legislativo-costa-ricense.jpg","datePublished":"2021-11-04T12:07:14+00:00","dateModified":"2021-11-04T12:28:37+00:00","description":"Entrada &#8226; Portal multimedia sobre cannabis y otras sustancias &#8226; 4 noviembre, 2021","breadcrumb":{"@id":"https:\/\/www.cannabis.es\/pw\/2021\/11\/04\/el-congreso-de-costa-rica-admite-a-tramite-el-cannabis-medicinal\/#breadcrumb"},"inLanguage":"es","potentialAction":[{"@type":"ReadAction","target":["https:\/\/www.cannabis.es\/pw\/2021\/11\/04\/el-congreso-de-costa-rica-admite-a-tramite-el-cannabis-medicinal\/"]}]},{"@type":"ImageObject","inLanguage":"es","@id":"https:\/\/www.cannabis.es\/pw\/2021\/11\/04\/el-congreso-de-costa-rica-admite-a-tramite-el-cannabis-medicinal\/#primaryimage","url":"https:\/\/www.cannabis.es\/pw\/wp-content\/uploads\/2021\/11\/legislativo-costa-ricense.jpg","contentUrl":"https:\/\/www.cannabis.es\/pw\/wp-content\/uploads\/2021\/11\/legislativo-costa-ricense.jpg","width":804,"height":532},{"@type":"BreadcrumbList","@id":"https:\/\/www.cannabis.es\/pw\/2021\/11\/04\/el-congreso-de-costa-rica-admite-a-tramite-el-cannabis-medicinal\/#breadcrumb","itemListElement":[{"@type":"ListItem","position":1,"name":"Portada","item":"http:\/\/www.cannabis.es\/pw\/"},{"@type":"ListItem","position":2,"name":"El Congreso de Costa Rica admite a tr\u00e1mite el Cannabis Medicinal"}]},{"@type":"WebSite","@id":"https:\/\/www.cannabis.es\/pw\/#website","url":"https:\/\/www.cannabis.es\/pw\/","name":"Cannabis","description":"Portal multimedia sobre cannabis y otras sustancias","publisher":{"@id":"https:\/\/www.cannabis.es\/pw\/#organization"},"potentialAction":[{"@type":"SearchAction","target":{"@type":"EntryPoint","urlTemplate":"https:\/\/www.cannabis.es\/pw\/?s={search_term_string}"},"query-input":{"@type":"PropertyValueSpecification","valueRequired":true,"valueName":"search_term_string"}}],"inLanguage":"es"},{"@type":"Organization","@id":"https:\/\/www.cannabis.es\/pw\/#organization","name":"Cannabis.es","url":"https:\/\/www.cannabis.es\/pw\/","logo":{"@type":"ImageObject","inLanguage":"es","@id":"https:\/\/www.cannabis.es\/pw\/#\/schema\/logo\/image\/","url":"https:\/\/www.cannabis.es\/pw\/wp-content\/uploads\/2019\/04\/cropped-logo_cannabis.png","contentUrl":"https:\/\/www.cannabis.es\/pw\/wp-content\/uploads\/2019\/04\/cropped-logo_cannabis.png","width":361,"height":120,"caption":"Cannabis.es"},"image":{"@id":"https:\/\/www.cannabis.es\/pw\/#\/schema\/logo\/image\/"},"sameAs":["https:\/\/x.com\/cannabis_es"]},{"@type":"Person","@id":"https:\/\/www.cannabis.es\/pw\/#\/schema\/person\/ec770c03f3e99d770687f537f4ba1e89","name":"Cannabis.es","image":{"@type":"ImageObject","inLanguage":"es","@id":"https:\/\/www.cannabis.es\/pw\/#\/schema\/person\/image\/","url":"https:\/\/secure.gravatar.com\/avatar\/810c93a3d6fadc3d9c2665b1d919a4aedea8ed4dd63689d001e985a804e90d83?s=96&d=mm&r=g","contentUrl":"https:\/\/secure.gravatar.com\/avatar\/810c93a3d6fadc3d9c2665b1d919a4aedea8ed4dd63689d001e985a804e90d83?s=96&d=mm&r=g","caption":"Cannabis.es"},"url":"https:\/\/www.cannabis.es\/pw\/author\/arnau\/"}]}},"_links":{"self":[{"href":"https:\/\/www.cannabis.es\/pw\/wp-json\/wp\/v2\/posts\/7726","targetHints":{"allow":["GET"]}}],"collection":[{"href":"https:\/\/www.cannabis.es\/pw\/wp-json\/wp\/v2\/posts"}],"about":[{"href":"https:\/\/www.cannabis.es\/pw\/wp-json\/wp\/v2\/types\/post"}],"author":[{"embeddable":true,"href":"https:\/\/www.cannabis.es\/pw\/wp-json\/wp\/v2\/users\/3"}],"replies":[{"embeddable":true,"href":"https:\/\/www.cannabis.es\/pw\/wp-json\/wp\/v2\/comments?post=7726"}],"version-history":[{"count":6,"href":"https:\/\/www.cannabis.es\/pw\/wp-json\/wp\/v2\/posts\/7726\/revisions"}],"predecessor-version":[{"id":7734,"href":"https:\/\/www.cannabis.es\/pw\/wp-json\/wp\/v2\/posts\/7726\/revisions\/7734"}],"wp:featuredmedia":[{"embeddable":true,"href":"https:\/\/www.cannabis.es\/pw\/wp-json\/wp\/v2\/media\/7728"}],"wp:attachment":[{"href":"https:\/\/www.cannabis.es\/pw\/wp-json\/wp\/v2\/media?parent=7726"}],"wp:term":[{"taxonomy":"category","embeddable":true,"href":"https:\/\/www.cannabis.es\/pw\/wp-json\/wp\/v2\/categories?post=7726"},{"taxonomy":"post_tag","embeddable":true,"href":"https:\/\/www.cannabis.es\/pw\/wp-json\/wp\/v2\/tags?post=7726"}],"curies":[{"name":"wp","href":"https:\/\/api.w.org\/{rel}","templated":true}]}}