{"id":7821,"date":"2021-11-30T18:09:58","date_gmt":"2021-11-30T17:09:58","guid":{"rendered":"https:\/\/www.cannabis.es\/pw\/?p=7821"},"modified":"2021-12-10T17:46:20","modified_gmt":"2021-12-10T16:46:20","slug":"up-lidera-la-regulacion-con-la-sociedad-civil-pero-sin-el-psoe","status":"publish","type":"post","link":"https:\/\/www.cannabis.es\/pw\/2021\/11\/30\/up-lidera-la-regulacion-con-la-sociedad-civil-pero-sin-el-psoe\/","title":{"rendered":"UP lidera la regulaci\u00f3n con la sociedad civil pero sin el PSOE"},"content":{"rendered":"\n<p>Benito D\u00edaz<\/p>\n\n\n\n<p>Los principales argumentos de la ley que presenta el grupo Unidas Podemos en conjunci\u00f3n con En Com\u00fan Podem, Galicia en Com\u00fan y Alianza Verde, se dejaron o\u00edr el pasado d\u00eda 29 en la sala Ernest Lluch del Congreso de los Diputados. Las distintas ponencias se ocuparon de explicar tanto el modo de regular, los ejemplos de regulaci\u00f3n ya establecidos y una exposici\u00f3n detallada sobre la ley a tramitar.<\/p>\n\n\n\n<p>El evento fue protagonizado por distintas personalidades pol\u00edticas y de la sociedad civil, establecido en forma de conferencias. A ello se sumar\u00edan opiniones de ponentes nacionales e internacionales para cerrar el acontecimiento con una ronda de intervenciones del p\u00fablico, conformado por diversos grupos de la industria y activistas.<\/p>\n\n\n\n<figure class=\"wp-block-gallery columns-3 is-cropped wp-block-gallery-1 is-layout-flex wp-block-gallery-is-layout-flex\"><ul class=\"blocks-gallery-grid\"><li class=\"blocks-gallery-item\"><figure><img loading=\"lazy\" decoding=\"async\" width=\"816\" height=\"612\" src=\"https:\/\/www.cannabis.es\/pw\/wp-content\/uploads\/2021\/11\/legislacion-cannabis-podemos_1.jpg\" alt=\"\" data-id=\"7823\" data-full-url=\"https:\/\/www.cannabis.es\/pw\/wp-content\/uploads\/2021\/11\/legislacion-cannabis-podemos_1.jpg\" data-link=\"https:\/\/www.cannabis.es\/pw\/?attachment_id=7823\" class=\"wp-image-7823\" srcset=\"https:\/\/www.cannabis.es\/pw\/wp-content\/uploads\/2021\/11\/legislacion-cannabis-podemos_1.jpg 816w, https:\/\/www.cannabis.es\/pw\/wp-content\/uploads\/2021\/11\/legislacion-cannabis-podemos_1-300x225.jpg 300w, https:\/\/www.cannabis.es\/pw\/wp-content\/uploads\/2021\/11\/legislacion-cannabis-podemos_1-768x576.jpg 768w, https:\/\/www.cannabis.es\/pw\/wp-content\/uploads\/2021\/11\/legislacion-cannabis-podemos_1-600x450.jpg 600w\" sizes=\"auto, (max-width: 816px) 100vw, 816px\" \/><\/figure><\/li><li class=\"blocks-gallery-item\"><figure><img loading=\"lazy\" decoding=\"async\" width=\"816\" height=\"612\" src=\"https:\/\/www.cannabis.es\/pw\/wp-content\/uploads\/2021\/11\/legislacion-cannabis-podemos_3.jpg\" alt=\"\" data-id=\"7824\" data-full-url=\"https:\/\/www.cannabis.es\/pw\/wp-content\/uploads\/2021\/11\/legislacion-cannabis-podemos_3.jpg\" data-link=\"https:\/\/www.cannabis.es\/pw\/?attachment_id=7824\" class=\"wp-image-7824\" srcset=\"https:\/\/www.cannabis.es\/pw\/wp-content\/uploads\/2021\/11\/legislacion-cannabis-podemos_3.jpg 816w, https:\/\/www.cannabis.es\/pw\/wp-content\/uploads\/2021\/11\/legislacion-cannabis-podemos_3-300x225.jpg 300w, https:\/\/www.cannabis.es\/pw\/wp-content\/uploads\/2021\/11\/legislacion-cannabis-podemos_3-768x576.jpg 768w, https:\/\/www.cannabis.es\/pw\/wp-content\/uploads\/2021\/11\/legislacion-cannabis-podemos_3-600x450.jpg 600w\" sizes=\"auto, (max-width: 816px) 100vw, 816px\" \/><\/figure><\/li><li class=\"blocks-gallery-item\"><figure><img loading=\"lazy\" decoding=\"async\" width=\"816\" height=\"612\" src=\"https:\/\/www.cannabis.es\/pw\/wp-content\/uploads\/2021\/11\/legislacion-cannabis-podemos_5.jpg\" alt=\"\" data-id=\"7825\" data-full-url=\"https:\/\/www.cannabis.es\/pw\/wp-content\/uploads\/2021\/11\/legislacion-cannabis-podemos_5.jpg\" data-link=\"https:\/\/www.cannabis.es\/pw\/?attachment_id=7825\" class=\"wp-image-7825\" srcset=\"https:\/\/www.cannabis.es\/pw\/wp-content\/uploads\/2021\/11\/legislacion-cannabis-podemos_5.jpg 816w, https:\/\/www.cannabis.es\/pw\/wp-content\/uploads\/2021\/11\/legislacion-cannabis-podemos_5-300x225.jpg 300w, https:\/\/www.cannabis.es\/pw\/wp-content\/uploads\/2021\/11\/legislacion-cannabis-podemos_5-768x576.jpg 768w, https:\/\/www.cannabis.es\/pw\/wp-content\/uploads\/2021\/11\/legislacion-cannabis-podemos_5-600x450.jpg 600w\" sizes=\"auto, (max-width: 816px) 100vw, 816px\" \/><\/figure><\/li><li class=\"blocks-gallery-item\"><figure><img loading=\"lazy\" decoding=\"async\" width=\"816\" height=\"612\" src=\"https:\/\/www.cannabis.es\/pw\/wp-content\/uploads\/2021\/11\/legislacion-cannabis-podemos_10.jpg\" alt=\"\" data-id=\"7826\" data-full-url=\"https:\/\/www.cannabis.es\/pw\/wp-content\/uploads\/2021\/11\/legislacion-cannabis-podemos_10.jpg\" data-link=\"https:\/\/www.cannabis.es\/pw\/?attachment_id=7826\" class=\"wp-image-7826\" srcset=\"https:\/\/www.cannabis.es\/pw\/wp-content\/uploads\/2021\/11\/legislacion-cannabis-podemos_10.jpg 816w, https:\/\/www.cannabis.es\/pw\/wp-content\/uploads\/2021\/11\/legislacion-cannabis-podemos_10-300x225.jpg 300w, https:\/\/www.cannabis.es\/pw\/wp-content\/uploads\/2021\/11\/legislacion-cannabis-podemos_10-768x576.jpg 768w, https:\/\/www.cannabis.es\/pw\/wp-content\/uploads\/2021\/11\/legislacion-cannabis-podemos_10-600x450.jpg 600w\" sizes=\"auto, (max-width: 816px) 100vw, 816px\" \/><\/figure><\/li><li class=\"blocks-gallery-item\"><figure><img loading=\"lazy\" decoding=\"async\" width=\"816\" height=\"612\" src=\"https:\/\/www.cannabis.es\/pw\/wp-content\/uploads\/2021\/11\/legislacion-cannabis-podemos_11.jpg\" alt=\"\" data-id=\"7827\" data-full-url=\"https:\/\/www.cannabis.es\/pw\/wp-content\/uploads\/2021\/11\/legislacion-cannabis-podemos_11.jpg\" data-link=\"https:\/\/www.cannabis.es\/pw\/?attachment_id=7827\" class=\"wp-image-7827\" srcset=\"https:\/\/www.cannabis.es\/pw\/wp-content\/uploads\/2021\/11\/legislacion-cannabis-podemos_11.jpg 816w, https:\/\/www.cannabis.es\/pw\/wp-content\/uploads\/2021\/11\/legislacion-cannabis-podemos_11-300x225.jpg 300w, https:\/\/www.cannabis.es\/pw\/wp-content\/uploads\/2021\/11\/legislacion-cannabis-podemos_11-768x576.jpg 768w, https:\/\/www.cannabis.es\/pw\/wp-content\/uploads\/2021\/11\/legislacion-cannabis-podemos_11-600x450.jpg 600w\" sizes=\"auto, (max-width: 816px) 100vw, 816px\" \/><\/figure><\/li><li class=\"blocks-gallery-item\"><figure><img loading=\"lazy\" decoding=\"async\" width=\"816\" height=\"612\" src=\"https:\/\/www.cannabis.es\/pw\/wp-content\/uploads\/2021\/11\/legislacion-cannabis-podemos_12.jpg\" alt=\"\" data-id=\"7828\" data-full-url=\"https:\/\/www.cannabis.es\/pw\/wp-content\/uploads\/2021\/11\/legislacion-cannabis-podemos_12.jpg\" data-link=\"https:\/\/www.cannabis.es\/pw\/?attachment_id=7828\" class=\"wp-image-7828\" srcset=\"https:\/\/www.cannabis.es\/pw\/wp-content\/uploads\/2021\/11\/legislacion-cannabis-podemos_12.jpg 816w, https:\/\/www.cannabis.es\/pw\/wp-content\/uploads\/2021\/11\/legislacion-cannabis-podemos_12-300x225.jpg 300w, https:\/\/www.cannabis.es\/pw\/wp-content\/uploads\/2021\/11\/legislacion-cannabis-podemos_12-768x576.jpg 768w, https:\/\/www.cannabis.es\/pw\/wp-content\/uploads\/2021\/11\/legislacion-cannabis-podemos_12-600x450.jpg 600w\" sizes=\"auto, (max-width: 816px) 100vw, 816px\" \/><\/figure><\/li><li class=\"blocks-gallery-item\"><figure><img loading=\"lazy\" decoding=\"async\" width=\"816\" height=\"612\" src=\"https:\/\/www.cannabis.es\/pw\/wp-content\/uploads\/2021\/11\/legislacion-cannabis-podemos_13.jpg\" alt=\"\" data-id=\"7829\" data-full-url=\"https:\/\/www.cannabis.es\/pw\/wp-content\/uploads\/2021\/11\/legislacion-cannabis-podemos_13.jpg\" data-link=\"https:\/\/www.cannabis.es\/pw\/?attachment_id=7829\" class=\"wp-image-7829\" srcset=\"https:\/\/www.cannabis.es\/pw\/wp-content\/uploads\/2021\/11\/legislacion-cannabis-podemos_13.jpg 816w, https:\/\/www.cannabis.es\/pw\/wp-content\/uploads\/2021\/11\/legislacion-cannabis-podemos_13-300x225.jpg 300w, https:\/\/www.cannabis.es\/pw\/wp-content\/uploads\/2021\/11\/legislacion-cannabis-podemos_13-768x576.jpg 768w, https:\/\/www.cannabis.es\/pw\/wp-content\/uploads\/2021\/11\/legislacion-cannabis-podemos_13-600x450.jpg 600w\" sizes=\"auto, (max-width: 816px) 100vw, 816px\" \/><\/figure><\/li><li class=\"blocks-gallery-item\"><figure><img loading=\"lazy\" decoding=\"async\" width=\"816\" height=\"612\" src=\"https:\/\/www.cannabis.es\/pw\/wp-content\/uploads\/2021\/11\/legislacion-cannabis-podemos_14.jpg\" alt=\"\" data-id=\"7830\" data-full-url=\"https:\/\/www.cannabis.es\/pw\/wp-content\/uploads\/2021\/11\/legislacion-cannabis-podemos_14.jpg\" data-link=\"https:\/\/www.cannabis.es\/pw\/?attachment_id=7830\" class=\"wp-image-7830\" srcset=\"https:\/\/www.cannabis.es\/pw\/wp-content\/uploads\/2021\/11\/legislacion-cannabis-podemos_14.jpg 816w, https:\/\/www.cannabis.es\/pw\/wp-content\/uploads\/2021\/11\/legislacion-cannabis-podemos_14-300x225.jpg 300w, https:\/\/www.cannabis.es\/pw\/wp-content\/uploads\/2021\/11\/legislacion-cannabis-podemos_14-768x576.jpg 768w, https:\/\/www.cannabis.es\/pw\/wp-content\/uploads\/2021\/11\/legislacion-cannabis-podemos_14-600x450.jpg 600w\" sizes=\"auto, (max-width: 816px) 100vw, 816px\" \/><\/figure><\/li><li class=\"blocks-gallery-item\"><figure><img loading=\"lazy\" decoding=\"async\" width=\"816\" height=\"612\" src=\"https:\/\/www.cannabis.es\/pw\/wp-content\/uploads\/2021\/11\/legislacion-cannabis-podemos_15.jpg\" alt=\"\" data-id=\"7831\" data-full-url=\"https:\/\/www.cannabis.es\/pw\/wp-content\/uploads\/2021\/11\/legislacion-cannabis-podemos_15.jpg\" data-link=\"https:\/\/www.cannabis.es\/pw\/?attachment_id=7831\" class=\"wp-image-7831\" srcset=\"https:\/\/www.cannabis.es\/pw\/wp-content\/uploads\/2021\/11\/legislacion-cannabis-podemos_15.jpg 816w, https:\/\/www.cannabis.es\/pw\/wp-content\/uploads\/2021\/11\/legislacion-cannabis-podemos_15-300x225.jpg 300w, https:\/\/www.cannabis.es\/pw\/wp-content\/uploads\/2021\/11\/legislacion-cannabis-podemos_15-768x576.jpg 768w, https:\/\/www.cannabis.es\/pw\/wp-content\/uploads\/2021\/11\/legislacion-cannabis-podemos_15-600x450.jpg 600w\" sizes=\"auto, (max-width: 816px) 100vw, 816px\" \/><\/figure><\/li><li class=\"blocks-gallery-item\"><figure><img loading=\"lazy\" decoding=\"async\" width=\"816\" height=\"612\" src=\"https:\/\/www.cannabis.es\/pw\/wp-content\/uploads\/2021\/11\/legislacion-cannabis-podemos_16.jpg\" alt=\"\" data-id=\"7832\" data-full-url=\"https:\/\/www.cannabis.es\/pw\/wp-content\/uploads\/2021\/11\/legislacion-cannabis-podemos_16.jpg\" data-link=\"https:\/\/www.cannabis.es\/pw\/?attachment_id=7832\" class=\"wp-image-7832\" srcset=\"https:\/\/www.cannabis.es\/pw\/wp-content\/uploads\/2021\/11\/legislacion-cannabis-podemos_16.jpg 816w, https:\/\/www.cannabis.es\/pw\/wp-content\/uploads\/2021\/11\/legislacion-cannabis-podemos_16-300x225.jpg 300w, https:\/\/www.cannabis.es\/pw\/wp-content\/uploads\/2021\/11\/legislacion-cannabis-podemos_16-768x576.jpg 768w, https:\/\/www.cannabis.es\/pw\/wp-content\/uploads\/2021\/11\/legislacion-cannabis-podemos_16-600x450.jpg 600w\" sizes=\"auto, (max-width: 816px) 100vw, 816px\" \/><\/figure><\/li><li class=\"blocks-gallery-item\"><figure><img loading=\"lazy\" decoding=\"async\" width=\"884\" height=\"591\" src=\"https:\/\/www.cannabis.es\/pw\/wp-content\/uploads\/2021\/11\/legislacion-cannabis-podemos_17.jpg\" alt=\"\" data-id=\"7833\" data-full-url=\"https:\/\/www.cannabis.es\/pw\/wp-content\/uploads\/2021\/11\/legislacion-cannabis-podemos_17.jpg\" data-link=\"https:\/\/www.cannabis.es\/pw\/?attachment_id=7833\" class=\"wp-image-7833\" srcset=\"https:\/\/www.cannabis.es\/pw\/wp-content\/uploads\/2021\/11\/legislacion-cannabis-podemos_17.jpg 884w, https:\/\/www.cannabis.es\/pw\/wp-content\/uploads\/2021\/11\/legislacion-cannabis-podemos_17-300x201.jpg 300w, https:\/\/www.cannabis.es\/pw\/wp-content\/uploads\/2021\/11\/legislacion-cannabis-podemos_17-768x513.jpg 768w, https:\/\/www.cannabis.es\/pw\/wp-content\/uploads\/2021\/11\/legislacion-cannabis-podemos_17-600x401.jpg 600w\" sizes=\"auto, (max-width: 884px) 100vw, 884px\" \/><\/figure><\/li><li class=\"blocks-gallery-item\"><figure><img loading=\"lazy\" decoding=\"async\" width=\"863\" height=\"686\" src=\"https:\/\/www.cannabis.es\/pw\/wp-content\/uploads\/2021\/11\/legislacion-cannabis-podemos_18.jpg\" alt=\"\" data-id=\"7834\" data-full-url=\"https:\/\/www.cannabis.es\/pw\/wp-content\/uploads\/2021\/11\/legislacion-cannabis-podemos_18.jpg\" data-link=\"https:\/\/www.cannabis.es\/pw\/?attachment_id=7834\" class=\"wp-image-7834\" srcset=\"https:\/\/www.cannabis.es\/pw\/wp-content\/uploads\/2021\/11\/legislacion-cannabis-podemos_18.jpg 863w, https:\/\/www.cannabis.es\/pw\/wp-content\/uploads\/2021\/11\/legislacion-cannabis-podemos_18-300x238.jpg 300w, https:\/\/www.cannabis.es\/pw\/wp-content\/uploads\/2021\/11\/legislacion-cannabis-podemos_18-768x610.jpg 768w, https:\/\/www.cannabis.es\/pw\/wp-content\/uploads\/2021\/11\/legislacion-cannabis-podemos_18-600x477.jpg 600w\" sizes=\"auto, (max-width: 863px) 100vw, 863px\" \/><\/figure><\/li><li class=\"blocks-gallery-item\"><figure><img loading=\"lazy\" decoding=\"async\" width=\"831\" height=\"623\" src=\"https:\/\/www.cannabis.es\/pw\/wp-content\/uploads\/2021\/11\/legislacion-cannabis-podemos_19.jpg\" alt=\"\" data-id=\"7835\" data-full-url=\"https:\/\/www.cannabis.es\/pw\/wp-content\/uploads\/2021\/11\/legislacion-cannabis-podemos_19.jpg\" data-link=\"https:\/\/www.cannabis.es\/pw\/?attachment_id=7835\" class=\"wp-image-7835\" srcset=\"https:\/\/www.cannabis.es\/pw\/wp-content\/uploads\/2021\/11\/legislacion-cannabis-podemos_19.jpg 831w, https:\/\/www.cannabis.es\/pw\/wp-content\/uploads\/2021\/11\/legislacion-cannabis-podemos_19-300x225.jpg 300w, https:\/\/www.cannabis.es\/pw\/wp-content\/uploads\/2021\/11\/legislacion-cannabis-podemos_19-768x576.jpg 768w, https:\/\/www.cannabis.es\/pw\/wp-content\/uploads\/2021\/11\/legislacion-cannabis-podemos_19-600x450.jpg 600w\" sizes=\"auto, (max-width: 831px) 100vw, 831px\" \/><\/figure><\/li><li class=\"blocks-gallery-item\"><figure><img loading=\"lazy\" decoding=\"async\" width=\"850\" height=\"637\" src=\"https:\/\/www.cannabis.es\/pw\/wp-content\/uploads\/2021\/11\/legislacion-cannabis-podemos_20.jpg\" alt=\"\" data-id=\"7836\" data-full-url=\"https:\/\/www.cannabis.es\/pw\/wp-content\/uploads\/2021\/11\/legislacion-cannabis-podemos_20.jpg\" data-link=\"https:\/\/www.cannabis.es\/pw\/?attachment_id=7836\" class=\"wp-image-7836\" srcset=\"https:\/\/www.cannabis.es\/pw\/wp-content\/uploads\/2021\/11\/legislacion-cannabis-podemos_20.jpg 850w, https:\/\/www.cannabis.es\/pw\/wp-content\/uploads\/2021\/11\/legislacion-cannabis-podemos_20-300x225.jpg 300w, https:\/\/www.cannabis.es\/pw\/wp-content\/uploads\/2021\/11\/legislacion-cannabis-podemos_20-768x576.jpg 768w, https:\/\/www.cannabis.es\/pw\/wp-content\/uploads\/2021\/11\/legislacion-cannabis-podemos_20-600x450.jpg 600w\" sizes=\"auto, (max-width: 850px) 100vw, 850px\" \/><\/figure><\/li><li class=\"blocks-gallery-item\"><figure><img loading=\"lazy\" decoding=\"async\" width=\"816\" height=\"612\" src=\"https:\/\/www.cannabis.es\/pw\/wp-content\/uploads\/2021\/11\/legislacion-cannabis-podemos_6.jpg\" alt=\"\" data-id=\"7837\" data-full-url=\"https:\/\/www.cannabis.es\/pw\/wp-content\/uploads\/2021\/11\/legislacion-cannabis-podemos_6.jpg\" data-link=\"https:\/\/www.cannabis.es\/pw\/?attachment_id=7837\" class=\"wp-image-7837\" srcset=\"https:\/\/www.cannabis.es\/pw\/wp-content\/uploads\/2021\/11\/legislacion-cannabis-podemos_6.jpg 816w, https:\/\/www.cannabis.es\/pw\/wp-content\/uploads\/2021\/11\/legislacion-cannabis-podemos_6-300x225.jpg 300w, https:\/\/www.cannabis.es\/pw\/wp-content\/uploads\/2021\/11\/legislacion-cannabis-podemos_6-768x576.jpg 768w, https:\/\/www.cannabis.es\/pw\/wp-content\/uploads\/2021\/11\/legislacion-cannabis-podemos_6-600x450.jpg 600w\" sizes=\"auto, (max-width: 816px) 100vw, 816px\" \/><\/figure><\/li><li class=\"blocks-gallery-item\"><figure><img loading=\"lazy\" decoding=\"async\" width=\"816\" height=\"612\" src=\"https:\/\/www.cannabis.es\/pw\/wp-content\/uploads\/2021\/11\/legislacion-cannabis-podemos_7.jpg\" alt=\"\" data-id=\"7838\" data-full-url=\"https:\/\/www.cannabis.es\/pw\/wp-content\/uploads\/2021\/11\/legislacion-cannabis-podemos_7.jpg\" data-link=\"https:\/\/www.cannabis.es\/pw\/?attachment_id=7838\" class=\"wp-image-7838\" srcset=\"https:\/\/www.cannabis.es\/pw\/wp-content\/uploads\/2021\/11\/legislacion-cannabis-podemos_7.jpg 816w, https:\/\/www.cannabis.es\/pw\/wp-content\/uploads\/2021\/11\/legislacion-cannabis-podemos_7-300x225.jpg 300w, https:\/\/www.cannabis.es\/pw\/wp-content\/uploads\/2021\/11\/legislacion-cannabis-podemos_7-768x576.jpg 768w, https:\/\/www.cannabis.es\/pw\/wp-content\/uploads\/2021\/11\/legislacion-cannabis-podemos_7-600x450.jpg 600w\" sizes=\"auto, (max-width: 816px) 100vw, 816px\" \/><\/figure><\/li><li class=\"blocks-gallery-item\"><figure><img loading=\"lazy\" decoding=\"async\" width=\"816\" height=\"612\" src=\"https:\/\/www.cannabis.es\/pw\/wp-content\/uploads\/2021\/11\/legislacion-cannabis-podemos_8.jpg\" alt=\"\" data-id=\"7839\" data-full-url=\"https:\/\/www.cannabis.es\/pw\/wp-content\/uploads\/2021\/11\/legislacion-cannabis-podemos_8.jpg\" data-link=\"https:\/\/www.cannabis.es\/pw\/?attachment_id=7839\" class=\"wp-image-7839\" srcset=\"https:\/\/www.cannabis.es\/pw\/wp-content\/uploads\/2021\/11\/legislacion-cannabis-podemos_8.jpg 816w, https:\/\/www.cannabis.es\/pw\/wp-content\/uploads\/2021\/11\/legislacion-cannabis-podemos_8-300x225.jpg 300w, https:\/\/www.cannabis.es\/pw\/wp-content\/uploads\/2021\/11\/legislacion-cannabis-podemos_8-768x576.jpg 768w, https:\/\/www.cannabis.es\/pw\/wp-content\/uploads\/2021\/11\/legislacion-cannabis-podemos_8-600x450.jpg 600w\" sizes=\"auto, (max-width: 816px) 100vw, 816px\" \/><\/figure><\/li><li class=\"blocks-gallery-item\"><figure><img loading=\"lazy\" decoding=\"async\" width=\"816\" height=\"612\" src=\"https:\/\/www.cannabis.es\/pw\/wp-content\/uploads\/2021\/11\/legislacion-cannabis-podemos_9.jpg\" alt=\"\" data-id=\"7840\" data-full-url=\"https:\/\/www.cannabis.es\/pw\/wp-content\/uploads\/2021\/11\/legislacion-cannabis-podemos_9.jpg\" data-link=\"https:\/\/www.cannabis.es\/pw\/?attachment_id=7840\" class=\"wp-image-7840\" srcset=\"https:\/\/www.cannabis.es\/pw\/wp-content\/uploads\/2021\/11\/legislacion-cannabis-podemos_9.jpg 816w, https:\/\/www.cannabis.es\/pw\/wp-content\/uploads\/2021\/11\/legislacion-cannabis-podemos_9-300x225.jpg 300w, https:\/\/www.cannabis.es\/pw\/wp-content\/uploads\/2021\/11\/legislacion-cannabis-podemos_9-768x576.jpg 768w, https:\/\/www.cannabis.es\/pw\/wp-content\/uploads\/2021\/11\/legislacion-cannabis-podemos_9-600x450.jpg 600w\" sizes=\"auto, (max-width: 816px) 100vw, 816px\" \/><\/figure><\/li><\/ul><\/figure>\n\n\n\n<h2 class=\"wp-block-heading\"><strong>Presentaci\u00f3n<\/strong><\/h2>\n\n\n\n<p>Al comienzo, intervinieron los diputados de las agrupaciones firmantes de la propuesta de ley, a\u00fan pendiente de admisi\u00f3n a tr\u00e1mite y sin fecha para su debate en sede parlamentaria. <em>\u201cComo hemos dicho en otras ocasiones, este debate ya no se refiere a \u201cRegulaci\u00f3n si o regulaci\u00f3n no\u201d, porque sabemos que acabar\u00e1 sucediendo. La pregunta es cu\u00e1ndo lo vamos a hacer, si vamos a permitir que otros pa\u00edses se adelanten y copen los primeros puestos y acabar siendo el furg\u00f3n de cola\u201d, <\/em>inici\u00f3 Pablo <strong>Echenique <\/strong>de Podemos. <em>\u201cPrimero la salud p\u00fablica, se puede llevar a cabo un mejor control sobre una sustancia legal que una ilegal. Se puede controlar mejor la calidad del producto, proteger mejor a los menores y efectuar un tipo de gravamen adecuado, como se hace con el tabaco y el alcohol\u201d<\/em>, expuso el diputado, para enumerar los m\u00e1s de 100.000 empleos y m\u00e1s de 30.000 millones en impuestos que generar\u00eda reflotar este mercado de la econom\u00eda sumergida. El pol\u00edtico se despidi\u00f3 con la petici\u00f3n de ayuda para hacer cambiar la disyuntiva de su socio de gobierno, el PSOE, pues existe una mayor\u00eda de personas que apoya la regulaci\u00f3n del Cannabis de uso adulto que <a href=\"https:\/\/www.cannabis.es\/pw\/2021\/10\/20\/el-psoe-bloquea-con-la-ultraderecha-la-ley-del-cannabis-de-mas-pais\/\">el Partido Socialista deb\u00eda escuchar<\/a>, poniendo en primer plano el inter\u00e9s general<\/p>\n\n\n\n<p>Juan L\u00f3pez de <strong>Uralde<\/strong>, que tras Equo dirige ahora Alianza Verde, expuso la necesidad de regular el Cannabis de forma responsable. <em>\u201cEl mercado del Cannabis es una realidad que factura miles de millones al a\u00f1o, sin control y de forma que los grupos criminales consiguen todos los beneficios. Una regulaci\u00f3n del mercado de cannabis, facilitar\u00e1 minimizar el riesgo, trazabilidad y calidad de su producto. Desarrollar productos para reducir y prevenir los riesgos, bajar la saturaci\u00f3n de cuerpos de seguridad y de tribunales\u201d,<\/em> declar\u00f3 el diputado ecologista. Tras \u00e9l, Laura L\u00f3pez de En Com\u00fa Podem, realiz\u00f3 un llamamiento apelando a la responsabilidad de los legisladores y centrarse en el bien com\u00fan, llevando a cabo una regulaci\u00f3n que sea inclusiva, con atenci\u00f3n a la realidad del momento y dirigida a mejorar la salud de los ciudadanos. <em>\u201cLas personas potenciales consumidoras, deber\u00e1n poder acceder a una informaci\u00f3n fiable y segura. El debate es c\u00f3mo regular y c\u00f3mo maximizar la salud de las personas usuarias, dejando atr\u00e1s modelos farmac\u00e9uticos caducos\u201d <\/em>explic\u00f3 la diputada. Despu\u00e9s, el congresista Miguel Bustamante, que puso de manifiesto el debate social en el congreso que estaba teniendo lugar, la limitaci\u00f3n al m\u00e1ximo de las concesiones a farmac\u00e9uticas privadas, solo para el uso terap\u00e9utico, minimizar cualquier da\u00f1o a la salud p\u00fablica con reducci\u00f3n de riesgos como en el caso del Tabaco, a\u00f1adiendo una serie de mecanismos para ayudar a las v\u00edctimas del narcotr\u00e1fico.<\/p>\n\n\n\n<p>G\u00f3mez \u2013 <strong>Reino Varela<\/strong>, del grupo Galicia en Com\u00fan, coment\u00f3 que este debate es, en muchas ocasiones, ridiculizado en medios de comunicaci\u00f3n, dejando de lado su relevancia en favor de intereses pol\u00edticos y que debe ser entendido como una pluralidad que afecta a miles de personas. Concluy\u00f3 esta ronda la diputada de <a href=\"https:\/\/www.cannabis.es\/pw\/2020\/10\/07\/lucia-munoz-portavoz-de-la-comision-de-adicciones-en-el-congreso-ojala-tengamos-regulacion-integral-al-final-de-la-legislatura\/\">Podemos, Luc\u00eda Mu\u00f1oz<\/a>, diciendo que la realidad ha desbordado el marco jur\u00eddico de nuestro pa\u00eds y que es m\u00e1s necesario que nunca una ley que ordene esta realidad.<\/p>\n\n\n\n<h2 class=\"wp-block-heading\"><strong>Mesa primera: la regulaci\u00f3n del Cannabis es posible<\/strong><\/h2>\n\n\n\n<p>La siguiente conferencia dio la palabra a <a href=\"https:\/\/www.cannabis.es\/pw\/2021\/10\/13\/la-sociedad-civil-va-a-una-con-el-cannabis-en-la-uni-de-podemos\/\">Constanza S\u00e1nchez, representante de ICEERS.<\/a> <em>\u201cDesde el comienzo, hemos pensado que el tema del cannabis deb\u00eda ser incluido en la agenda como otra cuesti\u00f3n de pol\u00edtica p\u00fablica m\u00e1s, desde el punto de vista jur\u00eddico, en el Congreso de los Diputados\u201d,<\/em> coment\u00f3 la doctora en pol\u00edticas y derecho. Resalt\u00f3 que nunca se hab\u00eda ocupado un lugar en los medios de comunicaci\u00f3n como el de este momento, en el que se dan debates en los que se esgrimen argumentos refinados, ya alej\u00e1ndose de otros enfoques menos serios. <em>\u201cNo solo enfrentamos un cambio legislativo, si no un cambio de paradigma. Regular el cannabis es una oportunidad para incrementar la transparencia la participaci\u00f3n social y realidad social\u201d<\/em> sostuvo, mencionando la situaci\u00f3n de muchas comunidades andaluzas relacionadas con el narcotr\u00e1fico. Carlos <strong>Brito <\/strong>Siso, profesor asociado de la Complutense, recalc\u00f3 los discursos prohibicionistas que recorren los estados de la Uni\u00f3n, plagados de acuerdos internacionales que no se ajustan a la realidad actual e inspirados en el prohibicionismo de hace sesenta a\u00f1os. <em>\u201cEstos pactos no han servido para reducir o controlar consumo o tr\u00e1fico de drogas. La v\u00eda penal no es la v\u00eda adecuada. La \u201cGuerra contra las drogas\u201d es un fracaso, el mercado il\u00edcito ha sido evidenciado en la derrota de esta guerra por parte de las autoridades\u201d<\/em> dijo el experto, se\u00f1alando que el autoconsumo no es contrario a esos tratados, como ejemplo de paradoja en la que redundan muchas de estas alianzas.<\/p>\n\n\n\n<h2 class=\"wp-block-heading\"><strong>Mesa segunda: c\u00f3mo se ha regulado donde se ha hecho<\/strong><\/h2>\n\n\n\n<p>Para comenzar esta discusi\u00f3n, tom\u00f3 la palabra <strong>Augusto Leonardo Vitale, anterior presidente del Instituto de Regulaci\u00f3n y Control <a href=\"https:\/\/www.cannabis.es\/pw\/2020\/07\/07\/uruguay-impulsara-la-exportacion-de-cannabis-medicinal-hacia-un-modelo-comercial\/\">del Cannabis de Uruguay<\/a> (IRCCA)<\/strong>. Como conocedor de la realidad del pa\u00eds pionero en la regulaci\u00f3n de la planta a nivel mundial, Vitale aclar\u00f3 varias de las cuestiones necesarias para la consecuci\u00f3n de una legislaci\u00f3n. <em>\u201cQuienes quieren avanzar con voluntad pol\u00edtica no hacen cualquier cosa, sino llevar a cabo un debate con evidencias cient\u00edficas, propuestas iniciales y luego mejoradas, adecuadas a las necesidades de esta sociedad, no solo por organizaciones actuales, si no por reivindicaciones hist\u00f3ricas de grupos pol\u00edticos. <strong>Es m\u00e1s arriesgado no tomar este tema y no debatirlo, ocultarse de ello<\/strong>\u201d,<\/em> afirm\u00f3 Vitale. <em>\u201cHicimos m\u00e1s de 33 debates en el pa\u00eds y Mujica y su equipo no optaron por hacer un tratamiento r\u00e1pido. Tienen que hacer acuerdos, tener gentilezas mutuas, el v\u00ednculo que podemos tener de hace tiempo que el PSOE ha llevado a cabo en otros tiempos, derecho individual y accesos. Uso adulto es buscar cu\u00e1les de las pol\u00edticas p\u00fablicas dieron mejor resultados, posiciones pol\u00edticas seguras o si vamos a poner sobre la mesa a la gente que estudia las din\u00e1micas y los da\u00f1os de las pol\u00edticas p\u00fablicas de drogas. No se cay\u00f3 el mundo en Uruguay\u201d.<\/em><\/p>\n\n\n\n<figure class=\"wp-block-embed is-type-rich is-provider-twitter wp-block-embed-twitter\"><div class=\"wp-block-embed__wrapper\">\n<blockquote class=\"twitter-tweet\" data-width=\"550\" data-dnt=\"true\"><p lang=\"es\" dir=\"ltr\">El presidente del <a href=\"https:\/\/twitter.com\/IRCCAuruguay?ref_src=twsrc%5Etfw\">@IRCCAuruguay<\/a> en el per\u00edodo legalizador acude al <a href=\"https:\/\/twitter.com\/Congreso_Es?ref_src=twsrc%5Etfw\">@Congreso_Es<\/a> a las jornadas de <a href=\"https:\/\/twitter.com\/hashtag\/regulaci%C3%B3n?src=hash&amp;ref_src=twsrc%5Etfw\">#regulaci\u00f3n<\/a> del <a href=\"https:\/\/twitter.com\/hashtag\/cannabis?src=hash&amp;ref_src=twsrc%5Etfw\">#cannabis<\/a> organizadas por Unidas <a href=\"https:\/\/twitter.com\/PODEMOS?ref_src=twsrc%5Etfw\">@PODEMOS<\/a> <a href=\"https:\/\/twitter.com\/hashtag\/legalizacion?src=hash&amp;ref_src=twsrc%5Etfw\">#legalizacion<\/a> <a href=\"https:\/\/twitter.com\/hashtag\/regulacionintegral?src=hash&amp;ref_src=twsrc%5Etfw\">#regulacionintegral<\/a> <a href=\"https:\/\/twitter.com\/hashtag\/cannabis_es?src=hash&amp;ref_src=twsrc%5Etfw\">#cannabis_es<\/a> <a href=\"https:\/\/t.co\/vGixRetIK6\">pic.twitter.com\/vGixRetIK6<\/a><\/p>&mdash; Cannabis.es (@cannabis_es) <a href=\"https:\/\/twitter.com\/cannabis_es\/status\/1465383391528894473?ref_src=twsrc%5Etfw\">November 29, 2021<\/a><\/blockquote><script async src=\"https:\/\/platform.twitter.com\/widgets.js\" charset=\"utf-8\"><\/script>\n<\/div><\/figure>\n\n\n\n<p>Chloe <strong>Grossman<\/strong>, especialista en procesos regulatorios de EEUU, describi\u00f3 las situaciones que se hab\u00edan dado en su pa\u00eds, donde el Cannabis es legal en ciertos estados e ilegal a nivel federal, figurando a\u00fan en la lista I de sustancias controladas, la m\u00e1s restrictiva. <em>\u201cNo sabemos cu\u00e1l va a ser el futuro de la legislaci\u00f3n federal, pero se terminar\u00e1 produciendo en los pr\u00f3ximos a\u00f1os, pues el mercado es maduro y hay muchos factores econ\u00f3micos\u201d, <\/em>expuso Grossman, esperando que lo desarrollado en EEUU pueda servir como informaci\u00f3n para regular aqu\u00ed, dado que hay diversidad de mercados y factores similares en ambos lugares. Cerrando la mesa, Santiago <strong>Ongay <\/strong>narr\u00f3 el caso de Canad\u00e1, con enfoques m\u00e9dico-sociales para proteger en primer lugar la salud a los menores, distribuciones con todas las garant\u00edas, cultivos en forma y extensi\u00f3n, figuras como las del Master Grower, Grower Procesers o Licensed Producers, personas destacadas por el gobierno para comprobar la validez de los procesos o la calidad del producto final. Todo un sistema p\u00fablico para asegurar la viabilidad del Cannabis y certificar su seguridad para el consumo humano, a a\u00f1os luz de lo que puede ofrecer un mercado il\u00edcito.<\/p>\n\n\n\n<h2 class=\"wp-block-heading\"><strong>Mesa tercia: exposici\u00f3n de la propuesta<\/strong><\/h2>\n\n\n\n<p>La exposici\u00f3n detallada de los aspectos de la <a href=\"https:\/\/www.cannabis.es\/pw\/2021\/10\/07\/unidas-podemos-registra-una-ley-integral-del-cannabis-de-80-paginas\/\">ley de Unidos Podemos,<\/a> dio comienzo con la intervenci\u00f3n de la diputada Luc\u00eda Dalda, que agradeci\u00f3 de nuevo a las personas presentes y a aquellas que hab\u00edan participado en la organizaci\u00f3n del evento que llev\u00f3 meses de preparaci\u00f3n, con cari\u00f1o especial para Lourdes Ciria Rosello, a la que calific\u00f3 como \u201cmilitante ejemplar\u201d. A continuaci\u00f3n, Bernardo Soriano, del bufete de Abogados S&amp;F, participante de la elaboraci\u00f3n de la propuesta, explic\u00f3 sus puntos de forma minuciosa. Autocultivo, Clubes sociales cooperativos, Growshops, tiendas de cannabis no-psicoactivos, guarder\u00edas de esquejes, clubes sociales de modelo empresarial e interacciones entre todos estos actores, han dado lugar a un modelo de regulaci\u00f3n conformado a s\u00ed mismo, ante el vac\u00edo legislativo.<\/p>\n\n\n\n<figure class=\"wp-block-embed is-type-rich is-provider-twitter wp-block-embed-twitter\"><div class=\"wp-block-embed__wrapper\">\n<blockquote class=\"twitter-tweet\" data-width=\"550\" data-dnt=\"true\"><p lang=\"es\" dir=\"ltr\"><a href=\"https:\/\/twitter.com\/luciadalda?ref_src=twsrc%5Etfw\">@luciadalda<\/a>: &quot;Una ley sencilla y transparente para la sociedad en su conjunto&quot;, ha querido presentar la portavoz de la Comisi\u00f3n de Adicciones de Unidas <a href=\"https:\/\/twitter.com\/PODEMOS?ref_src=twsrc%5Etfw\">@PODEMOS<\/a> en el <a href=\"https:\/\/twitter.com\/Congreso_Es?ref_src=twsrc%5Etfw\">@Congreso_Es<\/a> en estas segundas jornadas del <a href=\"https:\/\/twitter.com\/hashtag\/cannabis?src=hash&amp;ref_src=twsrc%5Etfw\">#cannabis<\/a> con la <a href=\"https:\/\/twitter.com\/hashtag\/sociedadcivil?src=hash&amp;ref_src=twsrc%5Etfw\">#sociedadcivil<\/a> <a href=\"https:\/\/t.co\/AWN6Yc8tpS\">pic.twitter.com\/AWN6Yc8tpS<\/a><\/p>&mdash; Cannabis.es (@cannabis_es) <a href=\"https:\/\/twitter.com\/cannabis_es\/status\/1465387375706746884?ref_src=twsrc%5Etfw\">November 29, 2021<\/a><\/blockquote><script async src=\"https:\/\/platform.twitter.com\/widgets.js\" charset=\"utf-8\"><\/script>\n<\/div><\/figure>\n\n\n\n<h5 class=\"wp-block-heading\">El PSOE logra acuerdo para su versi\u00f3n de la tenencia que sanciona el cannabis<\/h5>\n\n\n\n<p>Agot\u00f3 el tiempo Juan Moreno Redondo, abogado y colaborador de Izquierda Unida, comentando los <a href=\"https:\/\/www.cannabis.es\/pw\/2021\/11\/15\/fuera-la-tenencia-de-cannabis-de-la-mordaza\/\">cambios en la Ley Mordaza que<\/a> hemos conocido en las \u00faltimas semanas y dando la primicia del acuerdo final para el cambio de relevancia en la sanci\u00f3n por tenencia, que pasar\u00eda de <strong>infracci\u00f3n grave a leve <\/strong>con repercusi\u00f3n en la cuant\u00eda de la sanci\u00f3n administrativa. <em>\u201cSomos el pa\u00eds que tiene la polic\u00eda m\u00e1s dispuesta a sancionar a personas consumidoras, sobre todo juzgando el aspecto f\u00edsico\u201d, <\/em>asegur\u00f3. Esta <strong>era la propuesta para la tenencia del PSOE en solitario<\/strong>, pues Unidas Podemos presentaba por su cuenta que solo incurriese en infracci\u00f3n leve la tenencia de drogas consideradas duras por la jurisprudencia, excluyendo el cannabis, pero Moreno ha anunciado que esta concesi\u00f3n ya ha sido pactada.<\/p>\n\n\n\n<figure class=\"wp-block-embed is-type-rich is-provider-twitter wp-block-embed-twitter\"><div class=\"wp-block-embed__wrapper\">\n<blockquote class=\"twitter-tweet\" data-width=\"550\" data-dnt=\"true\"><p lang=\"es\" dir=\"ltr\">Juan Moreno de <a href=\"https:\/\/twitter.com\/IzquierdaUnida?ref_src=twsrc%5Etfw\">@IzquierdaUnida<\/a> da la primicia de que han llegado a acuerdo con el <a href=\"https:\/\/twitter.com\/PSOE?ref_src=twsrc%5Etfw\">@PSOE<\/a> sobre la modificaci\u00f3n de la <a href=\"https:\/\/twitter.com\/hashtag\/leymordaza?src=hash&amp;ref_src=twsrc%5Etfw\">#leymordaza<\/a> en cuanto a tenencia, pues la propuesta se llevaba por separado, explicamos acuerdo en mano en <a href=\"https:\/\/twitter.com\/hashtag\/cannabis_es?src=hash&amp;ref_src=twsrc%5Etfw\">#cannabis_es<\/a><br><br>Curiosamente, sin acuerdo no se tipificaba <a href=\"https:\/\/t.co\/WOy17kV7KR\">pic.twitter.com\/WOy17kV7KR<\/a><\/p>&mdash; Cannabis.es (@cannabis_es) <a href=\"https:\/\/twitter.com\/cannabis_es\/status\/1465390984129351683?ref_src=twsrc%5Etfw\">November 29, 2021<\/a><\/blockquote><script async src=\"https:\/\/platform.twitter.com\/widgets.js\" charset=\"utf-8\"><\/script>\n<\/div><\/figure>\n\n\n\n<h2 class=\"wp-block-heading\"><strong>Mesa de Grupos de la Sociedad Civil<\/strong><\/h2>\n\n\n\n<p>Abri\u00f3 el turno de palabra Ignacio Latorre, representante del C\u00edrculo Cann\u00e1bico de Podemos, reclamando un debate constructivo, derecho al cultivo personal y colectivo, respeto a las personas que se autoabastecen y justicia social. Destac\u00f3 que la presente es una propuesta muy elaborada y que en su grupo est\u00e1n \u201cansiosos de que se admita tr\u00e1mite y sea debatida\u201d. Concluy\u00f3 se\u00f1alando la corrupci\u00f3n policial derivada de la situaci\u00f3n de prohibici\u00f3n, con casos aparecidos en prensa. Urge la necesidad de regular.<\/p>\n\n\n\n<p><strong>\u201c<em>Desde CONFAC, no nos sentimos del todo incluidas en esta propuesta. UP y el resto de actores pol\u00edticos deben velar por incluir a los colectivos sociales m\u00e1s vulnerables; as\u00ed, reclamamos que cese la persecuci\u00f3n sobre las personas consumidoras mientras dure el proceso y que se amnist\u00ede a las personas que est\u00e1n en la c\u00e1rcel acusadas de estos delitos que se quieren <\/em><\/strong><em><strong>desterrar<\/strong>. Pedimos que os atrev\u00e1is a hacer lo que leg\u00edtimamente nos hemos ganado despu\u00e9s de una lucha ardua. <\/em><strong><em>Aunque no nos sintamos reconocidas en este texto, vamos a seguir apoyando estas medidas hasta que se haya materializado el modelo\u201d<\/em>, <\/strong>declar\u00f3 Patty Amiguet. Ferm\u00edn Les Acosta, del partido Luz Verde, exigi\u00f3 que los partidos fueran valientes y presentasen iniciativas como la suya o la de UP, <em>\u201cpara que no tengamos que ser los ciudadanos los que lo hagan mediante partidos como el nuestro, destinado a desaparecer una vez cumplido su cometido\u201d.<\/em> Tuvo un momento de recuerdo <a href=\"https:\/\/www.cannabis.es\/pw\/2021\/10\/08\/albert-tio-si-el-movimiento-cannabico-no-se-une-jamas-conseguiremos-nuestros-objetivos\/\">para Albert Ti\u00f3 y V\u00edctor Segu\u00e9s<\/a>, presos por cultivar en su asociaci\u00f3n, o la represaliada \u201cAbuela Marihuana\u201d, <a href=\"https:\/\/www.cannabis.es\/pw\/2019\/05\/24\/conoce-a-nuestra-veterana-activista-enjuiciada-la-feminista-cannabica-fernanda-de-la-figuera\/\">Fernanda de la Figuera,<\/a> condenada a una multa de 10.000 euros y nueve meses de prisi\u00f3n, a sus 80 a\u00f1os. Fernanda, que asisti\u00f3 a la mayor parte del evento, recibi\u00f3 abrazos y cari\u00f1o por parte del activismo, como ella misma nos dijo. Ferm\u00edn Les \u201cMintxo\u201d, ley\u00f3 una carta de los presos, donde se preguntaban si la clase pol\u00edtica es tan democr\u00e1tica, por qu\u00e9 no dejan que sean los ciudadanos los que elijan, despu\u00e9s de haber recibido toda la informaci\u00f3n. <em>\u201cHay una esperanza y esta esperanza siempre es verde. Frente al fascismo, Cannabis democr\u00e1tico\u201d<\/em> concluy\u00f3.<\/p>\n\n\n\n<p>Noem\u00ed S\u00e1nchez N\u00e1cher, del OECCC, expuso la trayectoria activista de su grupo de expertos sobre el Cannabis, recordando la lucha antiprohibicionista llevada a cabo por Izquierda Unida de forma hist\u00f3rica. Celebraron la ley y que \u00e9sta contemple el autocultivo pues, <em>\u201c<a href=\"https:\/\/www.cannabis.es\/pw\/2021\/04\/21\/documental-sobre-juanma-marihuana-para-vivir-el-autocultivo-me-da-la-dignidad\/\">somos ac\u00e9rrimas defensoras del autocultivo<\/a> y tenemos una queja para transmitir, nos gustar\u00eda saber qu\u00e9 garant\u00edas tenemos de que se lleve a cabo un debate que contemplen los dos usos del cannabis, el medicinal y el de uso adulto\u201d.<\/em> Lamentaron que no se hubiera tenido en cuenta la amplia experiencia de sus integrantes en la elaboraci\u00f3n del proceso y reclam\u00f3 que en el futuro se tuviera m\u00e1s en cuenta estas voces diversas. Apur\u00f3 la mesa Joseba del Valle, de Regulaci\u00f3n Responsable, que destac\u00f3 que hace algunos a\u00f1os aquel debate ser\u00eda impensable.<\/p>\n\n\n\n<figure class=\"wp-block-embed is-type-rich is-provider-twitter wp-block-embed-twitter\"><div class=\"wp-block-embed__wrapper\">\n<blockquote class=\"twitter-tweet\" data-width=\"550\" data-dnt=\"true\"><p lang=\"es\" dir=\"ltr\">Desde <a href=\"https:\/\/twitter.com\/mujerescannabis?ref_src=twsrc%5Etfw\">@mujerescannabis<\/a> reivindican una <a href=\"https:\/\/twitter.com\/hashtag\/regulaci%C3%B3n?src=hash&amp;ref_src=twsrc%5Etfw\">#regulaci\u00f3n<\/a> del <a href=\"https:\/\/twitter.com\/hashtag\/cannabis?src=hash&amp;ref_src=twsrc%5Etfw\">#cannabis<\/a> feminista que recoja datos e investigue con visi\u00f3n de g\u00e9nero, impida la cosificaci\u00f3n de la mujer en la publicidad y cree cooperativas agrofeministas en el campo<br><br>Tom\u00f3 la palabra <a href=\"https:\/\/twitter.com\/MaitePaillet?ref_src=twsrc%5Etfw\">@MaitePaillet<\/a> de la <a href=\"https:\/\/twitter.com\/laovaclub?ref_src=twsrc%5Etfw\">@laovaclub<\/a> <a href=\"https:\/\/t.co\/73lrVSnw19\">pic.twitter.com\/73lrVSnw19<\/a><\/p>&mdash; Cannabis.es (@cannabis_es) <a href=\"https:\/\/twitter.com\/cannabis_es\/status\/1465598952414326788?ref_src=twsrc%5Etfw\">November 30, 2021<\/a><\/blockquote><script async src=\"https:\/\/platform.twitter.com\/widgets.js\" charset=\"utf-8\"><\/script>\n<\/div><\/figure>\n\n\n\n<p>La reuni\u00f3n dio paso, para finalizar, a las intervenciones de grupos invitados, tales como <a href=\"https:\/\/www.mujerescannabicas.org\/\">la Red de Mujeres Antiprohibicionistas,<\/a> por mano de su representante Maite Paillet Zurdo, que exigi\u00f3 una regulaci\u00f3n feminista del Cannabis y expulsar planteamientos de cosificaci\u00f3n publicitaria de los cuerpos de las mujeres en la industria del Cannabis. Tambi\u00e9n intervinieron Ana Afuera, representando a ENCOD, que pidi\u00f3 procesos transparentes y que se de voz a las personas que m\u00e1s han sufrido las pol\u00edticas de drogas. Tambi\u00e9n intervinieron delegados tales como David Saolina, impulsor del Gremio de la industria del Cannabis, Carola P\u00e9rez de Dosemociones, Itziar Obreg\u00f3n de la federaci\u00f3n vasca de asociaciones, Gabriela Sierra, de la Federaci\u00f3n de Asociaciones Autoreguladas de Catalunya, o Iker Val, de Fundaci\u00f3n Renovatio, entre otros.<\/p>\n\n\n\n<figure class=\"wp-block-embed is-type-rich is-provider-twitter wp-block-embed-twitter\"><div class=\"wp-block-embed__wrapper\">\n<blockquote class=\"twitter-tweet\" data-width=\"550\" data-dnt=\"true\"><p lang=\"es\" dir=\"ltr\"><a href=\"https:\/\/twitter.com\/AnaAfuera?ref_src=twsrc%5Etfw\">@AnaAfuera<\/a> de <a href=\"https:\/\/twitter.com\/encod?ref_src=twsrc%5Etfw\">@encod<\/a> advierti\u00f3 ayer de c\u00f3mo una mala <a href=\"https:\/\/twitter.com\/hashtag\/regulaci%C3%B3n?src=hash&amp;ref_src=twsrc%5Etfw\">#regulaci\u00f3n<\/a> puede permitir fallos del mercado regulado y reivindica el modelo de <a href=\"https:\/\/twitter.com\/hashtag\/asociaci%C3%B3n?src=hash&amp;ref_src=twsrc%5Etfw\">#asociaci\u00f3n<\/a> o <a href=\"https:\/\/twitter.com\/hashtag\/CSC?src=hash&amp;ref_src=twsrc%5Etfw\">#CSC<\/a> como el que se ajusta a todas las demandas civiles sin las pegas del circuito comercial<a href=\"https:\/\/twitter.com\/hashtag\/Cannabis?src=hash&amp;ref_src=twsrc%5Etfw\">#Cannabis<\/a> <a href=\"https:\/\/twitter.com\/hashtag\/asociacionescannabicas?src=hash&amp;ref_src=twsrc%5Etfw\">#asociacionescannabicas<\/a> <a href=\"https:\/\/t.co\/dfOu0ZoVxW\">pic.twitter.com\/dfOu0ZoVxW<\/a><\/p>&mdash; Cannabis.es (@cannabis_es) <a href=\"https:\/\/twitter.com\/cannabis_es\/status\/1465601288415105024?ref_src=twsrc%5Etfw\">November 30, 2021<\/a><\/blockquote><script async src=\"https:\/\/platform.twitter.com\/widgets.js\" charset=\"utf-8\"><\/script>\n<\/div><\/figure>\n","protected":false},"excerpt":{"rendered":"<span class=\"span-reading-time rt-reading-time\" style=\"display: block;\"><span class=\"rt-label rt-prefix\">Tiempo de lectura:<\/span> <span class=\"rt-time\"> 8<\/span> <span class=\"rt-label rt-postfix\">minutos<\/span><\/span>Benito D\u00edaz Los principales argumentos de la ley que presenta el grupo Unidas Podemos en conjunci\u00f3n con En Com\u00fan Podem, Galicia en Com\u00fan y Alianza Verde, se dejaron o\u00edr el pasado d\u00eda 29 en la sala Ernest Lluch del Congreso de los Diputados. Las distintas ponencias se ocuparon de explicar tanto el modo de regular, [&hellip;]","protected":false},"author":3,"featured_media":7822,"comment_status":"closed","ping_status":"closed","sticky":false,"template":"","format":"standard","meta":{"loftocean-featured-post":"","loftocean_post_format_gallery":"","loftocean_post_format_gallery_ids":"","loftocean_post_format_gallery_urls":"","loftocean_post_format_video_id":"","loftocean_post_format_video_url":"","loftocean_post_format_video_type":"","loftocean_post_format_video":"","loftocean_post_format_audio_type":"","loftocean_post_format_audio_url":"","loftocean_post_format_audio_id":"","loftocean_post_format_audio":"","loftocean_post_format_quote_text":"","loftocean_post_format_quote_byline":"","loftocean_post_format_link_text":"","loftocean_post_format_link_url":"","ceramag_post_header_style":"","ceramag_enable_background_video":"","ceramag_show_in_top_slider":"","ceramag_post_background_video_start":"","ceramag_post_background_video_end":"","loftocean_page_background_video_id":"","loftocean_page_background_video_url":"","loftocean_page_background_video_type":"","loftocean_page_background_video":"","ceramag_background_video_start":"","ceramag_background_video_end":"","ceramag_single_page_hide_header":"","footnotes":""},"categories":[35],"tags":[],"class_list":["post-7821","post","type-post","status-publish","format-standard","has-post-thumbnail","hentry","category-politica-y-sociedad"],"yoast_head":"<!-- This site is optimized with the Yoast SEO plugin v24.9 - https:\/\/yoast.com\/wordpress\/plugins\/seo\/ -->\n<title>UP lidera la regulaci\u00f3n con la sociedad civil pero sin el PSOE<\/title>\n<meta name=\"description\" content=\"Entrada &#8226; Portal multimedia sobre cannabis y otras sustancias &#8226; 30 noviembre, 2021\" \/>\n<meta name=\"robots\" content=\"index, follow, max-snippet:-1, max-image-preview:large, max-video-preview:-1\" \/>\n<link rel=\"canonical\" href=\"https:\/\/www.cannabis.es\/pw\/2021\/11\/30\/up-lidera-la-regulacion-con-la-sociedad-civil-pero-sin-el-psoe\/\" \/>\n<meta name=\"twitter:card\" content=\"summary_large_image\" \/>\n<meta name=\"twitter:title\" content=\"UP lidera la regulaci\u00f3n con la sociedad civil pero sin el PSOE\" \/>\n<meta name=\"twitter:description\" content=\"Entrada &#8226; Portal multimedia sobre cannabis y otras sustancias &#8226; 30 noviembre, 2021\" \/>\n<meta name=\"twitter:image\" content=\"https:\/\/www.cannabis.es\/pw\/wp-content\/uploads\/2021\/11\/legislacion-cannabis-podemos_portada.jpg\" \/>\n<meta name=\"twitter:creator\" content=\"@cannabis_es\" \/>\n<meta name=\"twitter:site\" content=\"@cannabis_es\" \/>\n<meta name=\"twitter:label1\" content=\"Escrito por\" \/>\n\t<meta name=\"twitter:data1\" content=\"Cannabis.es\" \/>\n\t<meta name=\"twitter:label2\" content=\"Tiempo de lectura\" \/>\n\t<meta name=\"twitter:data2\" content=\"14 minutos\" \/>\n<script type=\"application\/ld+json\" class=\"yoast-schema-graph\">{\"@context\":\"https:\/\/schema.org\",\"@graph\":[{\"@type\":\"Article\",\"@id\":\"https:\/\/www.cannabis.es\/pw\/2021\/11\/30\/up-lidera-la-regulacion-con-la-sociedad-civil-pero-sin-el-psoe\/#article\",\"isPartOf\":{\"@id\":\"https:\/\/www.cannabis.es\/pw\/2021\/11\/30\/up-lidera-la-regulacion-con-la-sociedad-civil-pero-sin-el-psoe\/\"},\"author\":{\"name\":\"Cannabis.es\",\"@id\":\"https:\/\/www.cannabis.es\/pw\/#\/schema\/person\/ec770c03f3e99d770687f537f4ba1e89\"},\"headline\":\"UP lidera la regulaci\u00f3n con la sociedad civil pero sin el PSOE\",\"datePublished\":\"2021-11-30T17:09:58+00:00\",\"dateModified\":\"2021-12-10T16:46:20+00:00\",\"mainEntityOfPage\":{\"@id\":\"https:\/\/www.cannabis.es\/pw\/2021\/11\/30\/up-lidera-la-regulacion-con-la-sociedad-civil-pero-sin-el-psoe\/\"},\"wordCount\":2418,\"publisher\":{\"@id\":\"https:\/\/www.cannabis.es\/pw\/#organization\"},\"image\":{\"@id\":\"https:\/\/www.cannabis.es\/pw\/2021\/11\/30\/up-lidera-la-regulacion-con-la-sociedad-civil-pero-sin-el-psoe\/#primaryimage\"},\"thumbnailUrl\":\"https:\/\/www.cannabis.es\/pw\/wp-content\/uploads\/2021\/11\/legislacion-cannabis-podemos_portada.jpg\",\"articleSection\":[\"Pol\u00edtica y Sociedad\"],\"inLanguage\":\"es\"},{\"@type\":\"WebPage\",\"@id\":\"https:\/\/www.cannabis.es\/pw\/2021\/11\/30\/up-lidera-la-regulacion-con-la-sociedad-civil-pero-sin-el-psoe\/\",\"url\":\"https:\/\/www.cannabis.es\/pw\/2021\/11\/30\/up-lidera-la-regulacion-con-la-sociedad-civil-pero-sin-el-psoe\/\",\"name\":\"UP lidera la regulaci\u00f3n con la sociedad civil pero sin el PSOE\",\"isPartOf\":{\"@id\":\"https:\/\/www.cannabis.es\/pw\/#website\"},\"primaryImageOfPage\":{\"@id\":\"https:\/\/www.cannabis.es\/pw\/2021\/11\/30\/up-lidera-la-regulacion-con-la-sociedad-civil-pero-sin-el-psoe\/#primaryimage\"},\"image\":{\"@id\":\"https:\/\/www.cannabis.es\/pw\/2021\/11\/30\/up-lidera-la-regulacion-con-la-sociedad-civil-pero-sin-el-psoe\/#primaryimage\"},\"thumbnailUrl\":\"https:\/\/www.cannabis.es\/pw\/wp-content\/uploads\/2021\/11\/legislacion-cannabis-podemos_portada.jpg\",\"datePublished\":\"2021-11-30T17:09:58+00:00\",\"dateModified\":\"2021-12-10T16:46:20+00:00\",\"description\":\"Entrada &#8226; Portal multimedia sobre cannabis y otras sustancias &#8226; 30 noviembre, 2021\",\"breadcrumb\":{\"@id\":\"https:\/\/www.cannabis.es\/pw\/2021\/11\/30\/up-lidera-la-regulacion-con-la-sociedad-civil-pero-sin-el-psoe\/#breadcrumb\"},\"inLanguage\":\"es\",\"potentialAction\":[{\"@type\":\"ReadAction\",\"target\":[\"https:\/\/www.cannabis.es\/pw\/2021\/11\/30\/up-lidera-la-regulacion-con-la-sociedad-civil-pero-sin-el-psoe\/\"]}]},{\"@type\":\"ImageObject\",\"inLanguage\":\"es\",\"@id\":\"https:\/\/www.cannabis.es\/pw\/2021\/11\/30\/up-lidera-la-regulacion-con-la-sociedad-civil-pero-sin-el-psoe\/#primaryimage\",\"url\":\"https:\/\/www.cannabis.es\/pw\/wp-content\/uploads\/2021\/11\/legislacion-cannabis-podemos_portada.jpg\",\"contentUrl\":\"https:\/\/www.cannabis.es\/pw\/wp-content\/uploads\/2021\/11\/legislacion-cannabis-podemos_portada.jpg\",\"width\":804,\"height\":532},{\"@type\":\"BreadcrumbList\",\"@id\":\"https:\/\/www.cannabis.es\/pw\/2021\/11\/30\/up-lidera-la-regulacion-con-la-sociedad-civil-pero-sin-el-psoe\/#breadcrumb\",\"itemListElement\":[{\"@type\":\"ListItem\",\"position\":1,\"name\":\"Portada\",\"item\":\"http:\/\/www.cannabis.es\/pw\/\"},{\"@type\":\"ListItem\",\"position\":2,\"name\":\"UP lidera la regulaci\u00f3n con la sociedad civil pero sin el PSOE\"}]},{\"@type\":\"WebSite\",\"@id\":\"https:\/\/www.cannabis.es\/pw\/#website\",\"url\":\"https:\/\/www.cannabis.es\/pw\/\",\"name\":\"Cannabis\",\"description\":\"Portal multimedia sobre cannabis y otras sustancias\",\"publisher\":{\"@id\":\"https:\/\/www.cannabis.es\/pw\/#organization\"},\"potentialAction\":[{\"@type\":\"SearchAction\",\"target\":{\"@type\":\"EntryPoint\",\"urlTemplate\":\"https:\/\/www.cannabis.es\/pw\/?s={search_term_string}\"},\"query-input\":{\"@type\":\"PropertyValueSpecification\",\"valueRequired\":true,\"valueName\":\"search_term_string\"}}],\"inLanguage\":\"es\"},{\"@type\":\"Organization\",\"@id\":\"https:\/\/www.cannabis.es\/pw\/#organization\",\"name\":\"Cannabis.es\",\"url\":\"https:\/\/www.cannabis.es\/pw\/\",\"logo\":{\"@type\":\"ImageObject\",\"inLanguage\":\"es\",\"@id\":\"https:\/\/www.cannabis.es\/pw\/#\/schema\/logo\/image\/\",\"url\":\"https:\/\/www.cannabis.es\/pw\/wp-content\/uploads\/2019\/04\/cropped-logo_cannabis.png\",\"contentUrl\":\"https:\/\/www.cannabis.es\/pw\/wp-content\/uploads\/2019\/04\/cropped-logo_cannabis.png\",\"width\":361,\"height\":120,\"caption\":\"Cannabis.es\"},\"image\":{\"@id\":\"https:\/\/www.cannabis.es\/pw\/#\/schema\/logo\/image\/\"},\"sameAs\":[\"https:\/\/x.com\/cannabis_es\"]},{\"@type\":\"Person\",\"@id\":\"https:\/\/www.cannabis.es\/pw\/#\/schema\/person\/ec770c03f3e99d770687f537f4ba1e89\",\"name\":\"Cannabis.es\",\"image\":{\"@type\":\"ImageObject\",\"inLanguage\":\"es\",\"@id\":\"https:\/\/www.cannabis.es\/pw\/#\/schema\/person\/image\/\",\"url\":\"https:\/\/secure.gravatar.com\/avatar\/810c93a3d6fadc3d9c2665b1d919a4aedea8ed4dd63689d001e985a804e90d83?s=96&d=mm&r=g\",\"contentUrl\":\"https:\/\/secure.gravatar.com\/avatar\/810c93a3d6fadc3d9c2665b1d919a4aedea8ed4dd63689d001e985a804e90d83?s=96&d=mm&r=g\",\"caption\":\"Cannabis.es\"},\"url\":\"https:\/\/www.cannabis.es\/pw\/author\/arnau\/\"}]}<\/script>\n<!-- \/ Yoast SEO plugin. -->","yoast_head_json":{"title":"UP lidera la regulaci\u00f3n con la sociedad civil pero sin el PSOE","description":"Entrada &#8226; Portal multimedia sobre cannabis y otras sustancias &#8226; 30 noviembre, 2021","robots":{"index":"index","follow":"follow","max-snippet":"max-snippet:-1","max-image-preview":"max-image-preview:large","max-video-preview":"max-video-preview:-1"},"canonical":"https:\/\/www.cannabis.es\/pw\/2021\/11\/30\/up-lidera-la-regulacion-con-la-sociedad-civil-pero-sin-el-psoe\/","twitter_card":"summary_large_image","twitter_title":"UP lidera la regulaci\u00f3n con la sociedad civil pero sin el PSOE","twitter_description":"Entrada &#8226; Portal multimedia sobre cannabis y otras sustancias &#8226; 30 noviembre, 2021","twitter_image":"https:\/\/www.cannabis.es\/pw\/wp-content\/uploads\/2021\/11\/legislacion-cannabis-podemos_portada.jpg","twitter_creator":"@cannabis_es","twitter_site":"@cannabis_es","twitter_misc":{"Escrito por":"Cannabis.es","Tiempo de lectura":"14 minutos"},"schema":{"@context":"https:\/\/schema.org","@graph":[{"@type":"Article","@id":"https:\/\/www.cannabis.es\/pw\/2021\/11\/30\/up-lidera-la-regulacion-con-la-sociedad-civil-pero-sin-el-psoe\/#article","isPartOf":{"@id":"https:\/\/www.cannabis.es\/pw\/2021\/11\/30\/up-lidera-la-regulacion-con-la-sociedad-civil-pero-sin-el-psoe\/"},"author":{"name":"Cannabis.es","@id":"https:\/\/www.cannabis.es\/pw\/#\/schema\/person\/ec770c03f3e99d770687f537f4ba1e89"},"headline":"UP lidera la regulaci\u00f3n con la sociedad civil pero sin el PSOE","datePublished":"2021-11-30T17:09:58+00:00","dateModified":"2021-12-10T16:46:20+00:00","mainEntityOfPage":{"@id":"https:\/\/www.cannabis.es\/pw\/2021\/11\/30\/up-lidera-la-regulacion-con-la-sociedad-civil-pero-sin-el-psoe\/"},"wordCount":2418,"publisher":{"@id":"https:\/\/www.cannabis.es\/pw\/#organization"},"image":{"@id":"https:\/\/www.cannabis.es\/pw\/2021\/11\/30\/up-lidera-la-regulacion-con-la-sociedad-civil-pero-sin-el-psoe\/#primaryimage"},"thumbnailUrl":"https:\/\/www.cannabis.es\/pw\/wp-content\/uploads\/2021\/11\/legislacion-cannabis-podemos_portada.jpg","articleSection":["Pol\u00edtica y Sociedad"],"inLanguage":"es"},{"@type":"WebPage","@id":"https:\/\/www.cannabis.es\/pw\/2021\/11\/30\/up-lidera-la-regulacion-con-la-sociedad-civil-pero-sin-el-psoe\/","url":"https:\/\/www.cannabis.es\/pw\/2021\/11\/30\/up-lidera-la-regulacion-con-la-sociedad-civil-pero-sin-el-psoe\/","name":"UP lidera la regulaci\u00f3n con la sociedad civil pero sin el PSOE","isPartOf":{"@id":"https:\/\/www.cannabis.es\/pw\/#website"},"primaryImageOfPage":{"@id":"https:\/\/www.cannabis.es\/pw\/2021\/11\/30\/up-lidera-la-regulacion-con-la-sociedad-civil-pero-sin-el-psoe\/#primaryimage"},"image":{"@id":"https:\/\/www.cannabis.es\/pw\/2021\/11\/30\/up-lidera-la-regulacion-con-la-sociedad-civil-pero-sin-el-psoe\/#primaryimage"},"thumbnailUrl":"https:\/\/www.cannabis.es\/pw\/wp-content\/uploads\/2021\/11\/legislacion-cannabis-podemos_portada.jpg","datePublished":"2021-11-30T17:09:58+00:00","dateModified":"2021-12-10T16:46:20+00:00","description":"Entrada &#8226; Portal multimedia sobre cannabis y otras sustancias &#8226; 30 noviembre, 2021","breadcrumb":{"@id":"https:\/\/www.cannabis.es\/pw\/2021\/11\/30\/up-lidera-la-regulacion-con-la-sociedad-civil-pero-sin-el-psoe\/#breadcrumb"},"inLanguage":"es","potentialAction":[{"@type":"ReadAction","target":["https:\/\/www.cannabis.es\/pw\/2021\/11\/30\/up-lidera-la-regulacion-con-la-sociedad-civil-pero-sin-el-psoe\/"]}]},{"@type":"ImageObject","inLanguage":"es","@id":"https:\/\/www.cannabis.es\/pw\/2021\/11\/30\/up-lidera-la-regulacion-con-la-sociedad-civil-pero-sin-el-psoe\/#primaryimage","url":"https:\/\/www.cannabis.es\/pw\/wp-content\/uploads\/2021\/11\/legislacion-cannabis-podemos_portada.jpg","contentUrl":"https:\/\/www.cannabis.es\/pw\/wp-content\/uploads\/2021\/11\/legislacion-cannabis-podemos_portada.jpg","width":804,"height":532},{"@type":"BreadcrumbList","@id":"https:\/\/www.cannabis.es\/pw\/2021\/11\/30\/up-lidera-la-regulacion-con-la-sociedad-civil-pero-sin-el-psoe\/#breadcrumb","itemListElement":[{"@type":"ListItem","position":1,"name":"Portada","item":"http:\/\/www.cannabis.es\/pw\/"},{"@type":"ListItem","position":2,"name":"UP lidera la regulaci\u00f3n con la sociedad civil pero sin el PSOE"}]},{"@type":"WebSite","@id":"https:\/\/www.cannabis.es\/pw\/#website","url":"https:\/\/www.cannabis.es\/pw\/","name":"Cannabis","description":"Portal multimedia sobre cannabis y otras sustancias","publisher":{"@id":"https:\/\/www.cannabis.es\/pw\/#organization"},"potentialAction":[{"@type":"SearchAction","target":{"@type":"EntryPoint","urlTemplate":"https:\/\/www.cannabis.es\/pw\/?s={search_term_string}"},"query-input":{"@type":"PropertyValueSpecification","valueRequired":true,"valueName":"search_term_string"}}],"inLanguage":"es"},{"@type":"Organization","@id":"https:\/\/www.cannabis.es\/pw\/#organization","name":"Cannabis.es","url":"https:\/\/www.cannabis.es\/pw\/","logo":{"@type":"ImageObject","inLanguage":"es","@id":"https:\/\/www.cannabis.es\/pw\/#\/schema\/logo\/image\/","url":"https:\/\/www.cannabis.es\/pw\/wp-content\/uploads\/2019\/04\/cropped-logo_cannabis.png","contentUrl":"https:\/\/www.cannabis.es\/pw\/wp-content\/uploads\/2019\/04\/cropped-logo_cannabis.png","width":361,"height":120,"caption":"Cannabis.es"},"image":{"@id":"https:\/\/www.cannabis.es\/pw\/#\/schema\/logo\/image\/"},"sameAs":["https:\/\/x.com\/cannabis_es"]},{"@type":"Person","@id":"https:\/\/www.cannabis.es\/pw\/#\/schema\/person\/ec770c03f3e99d770687f537f4ba1e89","name":"Cannabis.es","image":{"@type":"ImageObject","inLanguage":"es","@id":"https:\/\/www.cannabis.es\/pw\/#\/schema\/person\/image\/","url":"https:\/\/secure.gravatar.com\/avatar\/810c93a3d6fadc3d9c2665b1d919a4aedea8ed4dd63689d001e985a804e90d83?s=96&d=mm&r=g","contentUrl":"https:\/\/secure.gravatar.com\/avatar\/810c93a3d6fadc3d9c2665b1d919a4aedea8ed4dd63689d001e985a804e90d83?s=96&d=mm&r=g","caption":"Cannabis.es"},"url":"https:\/\/www.cannabis.es\/pw\/author\/arnau\/"}]}},"_links":{"self":[{"href":"https:\/\/www.cannabis.es\/pw\/wp-json\/wp\/v2\/posts\/7821","targetHints":{"allow":["GET"]}}],"collection":[{"href":"https:\/\/www.cannabis.es\/pw\/wp-json\/wp\/v2\/posts"}],"about":[{"href":"https:\/\/www.cannabis.es\/pw\/wp-json\/wp\/v2\/types\/post"}],"author":[{"embeddable":true,"href":"https:\/\/www.cannabis.es\/pw\/wp-json\/wp\/v2\/users\/3"}],"replies":[{"embeddable":true,"href":"https:\/\/www.cannabis.es\/pw\/wp-json\/wp\/v2\/comments?post=7821"}],"version-history":[{"count":2,"href":"https:\/\/www.cannabis.es\/pw\/wp-json\/wp\/v2\/posts\/7821\/revisions"}],"predecessor-version":[{"id":7842,"href":"https:\/\/www.cannabis.es\/pw\/wp-json\/wp\/v2\/posts\/7821\/revisions\/7842"}],"wp:featuredmedia":[{"embeddable":true,"href":"https:\/\/www.cannabis.es\/pw\/wp-json\/wp\/v2\/media\/7822"}],"wp:attachment":[{"href":"https:\/\/www.cannabis.es\/pw\/wp-json\/wp\/v2\/media?parent=7821"}],"wp:term":[{"taxonomy":"category","embeddable":true,"href":"https:\/\/www.cannabis.es\/pw\/wp-json\/wp\/v2\/categories?post=7821"},{"taxonomy":"post_tag","embeddable":true,"href":"https:\/\/www.cannabis.es\/pw\/wp-json\/wp\/v2\/tags?post=7821"}],"curies":[{"name":"wp","href":"https:\/\/api.w.org\/{rel}","templated":true}]}}