{"id":8113,"date":"2022-02-17T13:04:28","date_gmt":"2022-02-17T12:04:28","guid":{"rendered":"https:\/\/www.cannabis.es\/pw\/?p=8113"},"modified":"2022-02-17T13:04:29","modified_gmt":"2022-02-17T12:04:29","slug":"el-tribunal-constitucional-de-italia-tumba-el-referendum-del-cannabis","status":"publish","type":"post","link":"https:\/\/www.cannabis.es\/pw\/2022\/02\/17\/el-tribunal-constitucional-de-italia-tumba-el-referendum-del-cannabis\/","title":{"rendered":"El Tribunal Constitucional de Italia tumba el refer\u00e9ndum del cannabis"},"content":{"rendered":"\n<p>Arnau Alcaide<br><br>El Tribunal Constitucional de Italia tumba el refer\u00e9ndum vinculante del cannabis, en lugar de validarlo para votaci\u00f3n, alegando que invade <a href=\"https:\/\/www.cannabis.es\/pw\/2021\/03\/26\/estupefacientes-de-la-onu-recuerda-a-los-paises-que-no-se-puede-legalizar\/\">la ley internacional <\/a>en cuanto que \u00abdespenalizar\u00bb el uso personal de sustancias no est\u00e1 permitido. Esto ha sido r\u00e1pidamente replicado por la asociaci\u00f3n cann\u00e1bica promotora Luca Coscioni, tachado de \u00abfalso\u00bb, y es que los tratados, como la ONU ha se\u00f1alado cuando pide proporcionalidad con las libertades y derechos individuales en la aplicaci\u00f3n de la ley, no obligan a penar el consumo personal y los actos que de este se derivan, como la compra para uso propio, el cultivo o su tenencia.<\/p>\n\n\n\n<p><em>\u00ab<a href=\"https:\/\/www.cannabis.es\/pw\/2021\/11\/02\/el-referendum-italiano-solo-regulara-autocultivo-para-pasar-el-filtro-constitucional\/\">La pregunta<\/a>\u00a0<strong>no viola ninguna convenci\u00f3n internacional,<\/strong> en\u00a0tanto que <strong>el cultivo ha sido despenalizado por muchos pa\u00edses<\/strong>, el \u00faltimo de los cuales es <a href=\"https:\/\/www.cannabis.es\/pw\/2021\/10\/25\/malta-primer-pais-de-la-ue-en-regular-las-asociaciones-cannabicas\/\">Malta<\/a>\u00ab<\/em>, ha dicho la asociaci\u00f3n en un <a href=\"https:\/\/www.associazionelucacoscioni.it\/notizie\/comunicati\/referendum-cannabis-inammissibile\">comunicado<\/a>. Otros ser\u00edan Espa\u00f1a, donde est\u00e1 despenalizado durante todo el per\u00edodo democr\u00e1tico, pese a que <a href=\"https:\/\/www.cannabis.es\/pw\/2022\/02\/14\/organizaciones-cannabicas-marchan-contra-la-ley-mordaza-junto-a-no-somos-delito\/\">se sancione administrativamente<\/a>, u Holanda.<\/p>\n\n\n\n<p>El refer\u00e9ndum regulaba el cultivo del cannabis para autoconsumo y eliminaba los delitos de posesi\u00f3n y cultivo, y la pregunta estaba pensada expresamente para no poder ser desestimada por inconstitucionalidad. El Tribunal ha reforzado su argumento de que invade la ley internacional diciendo adem\u00e1s que la pregunta del refer\u00e9ndum estaba equivocada y regulaba la planta de coca o la amapola, diciendo que se refer\u00eda a otras sustancias al hacer referencia a las categor\u00edas de peligrosidad en la ley de drogas, pero la asociaci\u00f3n ha dicho que la del presidente del Constitucional es una afirmaci\u00f3n \u00abf\u00e1cticamente incorrecta\u00bb, al haberse equivocado \u00e9l y no la pregunta.<\/p>\n\n\n\n<p>El presidente del Constitucional, Giuliano Amato, argument\u00f3 precisamente en rueda de prensa: <em>\u201cDesaparecen del art\u00edculo 73 numeral 1 de la ley de drogas (1990) el cultivo de las sustancias estupefacientes a que se refieren las tablas 1 y 3, las que incluyen amapola y coca, las llamadas drogas duras; desaparecen de las actividades penalmente sancionadas, mientras que el cannabis est\u00e1 en la tabla 2. Esto ya es suficiente para hacernos violar m\u00faltiples obligaciones internacionales que tenemos y que son una limitaci\u00f3n indiscutible de los refer\u00e9ndums. Y nos llevan a constatar la inadecuaci\u00f3n del fin perseguido\u201d<\/em>, concluy\u00f3.<\/p>\n\n\n\n<p><em>\u00abLa referencia del Presidente a las tablas es\u00a0<strong>f\u00e1cticamente incorrecta<\/strong>\u00a0: desde el a\u00f1o del rechazo de la Ley Fini Giovanardi (2014), el apartado 4 ha vuelto a referirse a la conducta del apartado 1, incluyendo as\u00ed el cannabis\u00bb<\/em>, explica el comunicado, desmontando todos y cada uno de los argumentos dados por el portavoz del Constitucional. Se trata de una confusi\u00f3n motivada porque intentaron penar el cannabis con la m\u00e1xima dureza en 2014 pero la ley fue tachada de inconstitucional y derogada. Precisamente como si a\u00fan se penara as\u00ed ha hablado el Constitucional cuando ellos mismos la descartaron.<\/p>\n\n\n\n<p>El Tribunal Supremo italiano ya dictamin\u00f3 en 2019, preguntado por varios casos de jurisprudencia generada a favor, que el autocultivo en peque\u00f1a escala y dentro del domicilio no era un delito, pero no delimit\u00f3 los m\u00e1rgenes de seguridad para evitar la represi\u00f3n de las personas usuarias. Este refer\u00e9ndum por el autocultivo y la eliminaci\u00f3n de las penas al autoconsumo deb\u00eda delimitar pues el ejercicio de derechos, que ahora mismo no est\u00e1 garantizado para las personas usuarias.<\/p>\n\n\n\n<figure class=\"wp-block-image size-full\"><img loading=\"lazy\" decoding=\"async\" width=\"804\" height=\"532\" src=\"https:\/\/www.cannabis.es\/pw\/wp-content\/uploads\/2022\/02\/referendum-italia-Cosntitucional.jpg\" alt=\"\" class=\"wp-image-8119\" srcset=\"https:\/\/www.cannabis.es\/pw\/wp-content\/uploads\/2022\/02\/referendum-italia-Cosntitucional.jpg 804w, https:\/\/www.cannabis.es\/pw\/wp-content\/uploads\/2022\/02\/referendum-italia-Cosntitucional-300x199.jpg 300w, https:\/\/www.cannabis.es\/pw\/wp-content\/uploads\/2022\/02\/referendum-italia-Cosntitucional-768x508.jpg 768w, https:\/\/www.cannabis.es\/pw\/wp-content\/uploads\/2022\/02\/referendum-italia-Cosntitucional-600x397.jpg 600w\" sizes=\"auto, (max-width: 804px) 100vw, 804px\" \/><\/figure>\n\n\n\n\n","protected":false},"excerpt":{"rendered":"<span class=\"span-reading-time rt-reading-time\" style=\"display: block;\"><span class=\"rt-label rt-prefix\">Tiempo de lectura:<\/span> <span class=\"rt-time\"> 2<\/span> <span class=\"rt-label rt-postfix\">minutos<\/span><\/span>Arnau AlcaideEl Tribunal Constitucional de Italia tumba el refer\u00e9ndum vinculante del cannabis, en lugar de validarlo para votaci\u00f3n, alegando que invade la ley internacional en cuanto que \u00abdespenalizar\u00bb el uso personal de sustancias no est\u00e1 permitido. Esto ha sido r\u00e1pidamente replicado por la asociaci\u00f3n cann\u00e1bica promotora Luca Coscioni, tachado de \u00abfalso\u00bb, y es que los [&hellip;]","protected":false},"author":3,"featured_media":8119,"comment_status":"closed","ping_status":"closed","sticky":false,"template":"","format":"standard","meta":{"loftocean-featured-post":"","loftocean_post_format_gallery":"","loftocean_post_format_gallery_ids":"","loftocean_post_format_gallery_urls":"","loftocean_post_format_video_id":"","loftocean_post_format_video_url":"","loftocean_post_format_video_type":"","loftocean_post_format_video":"","loftocean_post_format_audio_type":"","loftocean_post_format_audio_url":"","loftocean_post_format_audio_id":"","loftocean_post_format_audio":"","loftocean_post_format_quote_text":"","loftocean_post_format_quote_byline":"","loftocean_post_format_link_text":"","loftocean_post_format_link_url":"","ceramag_post_header_style":"","ceramag_enable_background_video":"","ceramag_show_in_top_slider":"","ceramag_post_background_video_start":"","ceramag_post_background_video_end":"","loftocean_page_background_video_id":"","loftocean_page_background_video_url":"","loftocean_page_background_video_type":"","loftocean_page_background_video":"","ceramag_background_video_start":"","ceramag_background_video_end":"","ceramag_single_page_hide_header":"","footnotes":""},"categories":[35],"tags":[540,66,42,59],"class_list":["post-8113","post","type-post","status-publish","format-standard","has-post-thumbnail","hentry","category-politica-y-sociedad","tag-arnau-alcaide","tag-autocultivo","tag-politica","tag-prohibicionismo"],"yoast_head":"<!-- This site is optimized with the Yoast SEO plugin v24.9 - https:\/\/yoast.com\/wordpress\/plugins\/seo\/ -->\n<title>El Tribunal Constitucional de Italia tumba el refer\u00e9ndum del cannabis<\/title>\n<meta name=\"description\" content=\"Entrada &#8226; Portal multimedia sobre cannabis y otras sustancias &#8226; 17 febrero, 2022\" \/>\n<meta name=\"robots\" content=\"index, follow, max-snippet:-1, max-image-preview:large, max-video-preview:-1\" \/>\n<link rel=\"canonical\" href=\"https:\/\/www.cannabis.es\/pw\/2022\/02\/17\/el-tribunal-constitucional-de-italia-tumba-el-referendum-del-cannabis\/\" \/>\n<meta name=\"twitter:card\" content=\"summary_large_image\" \/>\n<meta name=\"twitter:title\" content=\"El Tribunal Constitucional de Italia tumba el refer\u00e9ndum del cannabis\" \/>\n<meta name=\"twitter:description\" content=\"Entrada &#8226; Portal multimedia sobre cannabis y otras sustancias &#8226; 17 febrero, 2022\" \/>\n<meta name=\"twitter:image\" content=\"https:\/\/www.cannabis.es\/pw\/wp-content\/uploads\/2022\/02\/referendum-italia-Cosntitucional.jpg\" \/>\n<meta name=\"twitter:creator\" content=\"@cannabis_es\" \/>\n<meta name=\"twitter:site\" content=\"@cannabis_es\" \/>\n<meta name=\"twitter:label1\" content=\"Escrito por\" \/>\n\t<meta name=\"twitter:data1\" content=\"Cannabis.es\" \/>\n\t<meta name=\"twitter:label2\" content=\"Tiempo de lectura\" \/>\n\t<meta name=\"twitter:data2\" content=\"3 minutos\" \/>\n<script type=\"application\/ld+json\" class=\"yoast-schema-graph\">{\"@context\":\"https:\/\/schema.org\",\"@graph\":[{\"@type\":\"Article\",\"@id\":\"https:\/\/www.cannabis.es\/pw\/2022\/02\/17\/el-tribunal-constitucional-de-italia-tumba-el-referendum-del-cannabis\/#article\",\"isPartOf\":{\"@id\":\"https:\/\/www.cannabis.es\/pw\/2022\/02\/17\/el-tribunal-constitucional-de-italia-tumba-el-referendum-del-cannabis\/\"},\"author\":{\"name\":\"Cannabis.es\",\"@id\":\"https:\/\/www.cannabis.es\/pw\/#\/schema\/person\/ec770c03f3e99d770687f537f4ba1e89\"},\"headline\":\"El Tribunal Constitucional de Italia tumba el refer\u00e9ndum del cannabis\",\"datePublished\":\"2022-02-17T12:04:28+00:00\",\"dateModified\":\"2022-02-17T12:04:29+00:00\",\"mainEntityOfPage\":{\"@id\":\"https:\/\/www.cannabis.es\/pw\/2022\/02\/17\/el-tribunal-constitucional-de-italia-tumba-el-referendum-del-cannabis\/\"},\"wordCount\":566,\"publisher\":{\"@id\":\"https:\/\/www.cannabis.es\/pw\/#organization\"},\"image\":{\"@id\":\"https:\/\/www.cannabis.es\/pw\/2022\/02\/17\/el-tribunal-constitucional-de-italia-tumba-el-referendum-del-cannabis\/#primaryimage\"},\"thumbnailUrl\":\"https:\/\/www.cannabis.es\/pw\/wp-content\/uploads\/2022\/02\/referendum-italia-Cosntitucional.jpg\",\"keywords\":[\"Arnau Alcaide\",\"autocultivo\",\"pol\u00edtica\",\"prohibicionismo\"],\"articleSection\":[\"Pol\u00edtica y Sociedad\"],\"inLanguage\":\"es\"},{\"@type\":\"WebPage\",\"@id\":\"https:\/\/www.cannabis.es\/pw\/2022\/02\/17\/el-tribunal-constitucional-de-italia-tumba-el-referendum-del-cannabis\/\",\"url\":\"https:\/\/www.cannabis.es\/pw\/2022\/02\/17\/el-tribunal-constitucional-de-italia-tumba-el-referendum-del-cannabis\/\",\"name\":\"El Tribunal Constitucional de Italia tumba el refer\u00e9ndum del cannabis\",\"isPartOf\":{\"@id\":\"https:\/\/www.cannabis.es\/pw\/#website\"},\"primaryImageOfPage\":{\"@id\":\"https:\/\/www.cannabis.es\/pw\/2022\/02\/17\/el-tribunal-constitucional-de-italia-tumba-el-referendum-del-cannabis\/#primaryimage\"},\"image\":{\"@id\":\"https:\/\/www.cannabis.es\/pw\/2022\/02\/17\/el-tribunal-constitucional-de-italia-tumba-el-referendum-del-cannabis\/#primaryimage\"},\"thumbnailUrl\":\"https:\/\/www.cannabis.es\/pw\/wp-content\/uploads\/2022\/02\/referendum-italia-Cosntitucional.jpg\",\"datePublished\":\"2022-02-17T12:04:28+00:00\",\"dateModified\":\"2022-02-17T12:04:29+00:00\",\"description\":\"Entrada &#8226; Portal multimedia sobre cannabis y otras sustancias &#8226; 17 febrero, 2022\",\"breadcrumb\":{\"@id\":\"https:\/\/www.cannabis.es\/pw\/2022\/02\/17\/el-tribunal-constitucional-de-italia-tumba-el-referendum-del-cannabis\/#breadcrumb\"},\"inLanguage\":\"es\",\"potentialAction\":[{\"@type\":\"ReadAction\",\"target\":[\"https:\/\/www.cannabis.es\/pw\/2022\/02\/17\/el-tribunal-constitucional-de-italia-tumba-el-referendum-del-cannabis\/\"]}]},{\"@type\":\"ImageObject\",\"inLanguage\":\"es\",\"@id\":\"https:\/\/www.cannabis.es\/pw\/2022\/02\/17\/el-tribunal-constitucional-de-italia-tumba-el-referendum-del-cannabis\/#primaryimage\",\"url\":\"https:\/\/www.cannabis.es\/pw\/wp-content\/uploads\/2022\/02\/referendum-italia-Cosntitucional.jpg\",\"contentUrl\":\"https:\/\/www.cannabis.es\/pw\/wp-content\/uploads\/2022\/02\/referendum-italia-Cosntitucional.jpg\",\"width\":804,\"height\":532},{\"@type\":\"BreadcrumbList\",\"@id\":\"https:\/\/www.cannabis.es\/pw\/2022\/02\/17\/el-tribunal-constitucional-de-italia-tumba-el-referendum-del-cannabis\/#breadcrumb\",\"itemListElement\":[{\"@type\":\"ListItem\",\"position\":1,\"name\":\"Portada\",\"item\":\"http:\/\/www.cannabis.es\/pw\/\"},{\"@type\":\"ListItem\",\"position\":2,\"name\":\"El Tribunal Constitucional de Italia tumba el refer\u00e9ndum del cannabis\"}]},{\"@type\":\"WebSite\",\"@id\":\"https:\/\/www.cannabis.es\/pw\/#website\",\"url\":\"https:\/\/www.cannabis.es\/pw\/\",\"name\":\"Cannabis\",\"description\":\"Portal multimedia sobre cannabis y otras sustancias\",\"publisher\":{\"@id\":\"https:\/\/www.cannabis.es\/pw\/#organization\"},\"potentialAction\":[{\"@type\":\"SearchAction\",\"target\":{\"@type\":\"EntryPoint\",\"urlTemplate\":\"https:\/\/www.cannabis.es\/pw\/?s={search_term_string}\"},\"query-input\":{\"@type\":\"PropertyValueSpecification\",\"valueRequired\":true,\"valueName\":\"search_term_string\"}}],\"inLanguage\":\"es\"},{\"@type\":\"Organization\",\"@id\":\"https:\/\/www.cannabis.es\/pw\/#organization\",\"name\":\"Cannabis.es\",\"url\":\"https:\/\/www.cannabis.es\/pw\/\",\"logo\":{\"@type\":\"ImageObject\",\"inLanguage\":\"es\",\"@id\":\"https:\/\/www.cannabis.es\/pw\/#\/schema\/logo\/image\/\",\"url\":\"https:\/\/www.cannabis.es\/pw\/wp-content\/uploads\/2019\/04\/cropped-logo_cannabis.png\",\"contentUrl\":\"https:\/\/www.cannabis.es\/pw\/wp-content\/uploads\/2019\/04\/cropped-logo_cannabis.png\",\"width\":361,\"height\":120,\"caption\":\"Cannabis.es\"},\"image\":{\"@id\":\"https:\/\/www.cannabis.es\/pw\/#\/schema\/logo\/image\/\"},\"sameAs\":[\"https:\/\/x.com\/cannabis_es\"]},{\"@type\":\"Person\",\"@id\":\"https:\/\/www.cannabis.es\/pw\/#\/schema\/person\/ec770c03f3e99d770687f537f4ba1e89\",\"name\":\"Cannabis.es\",\"image\":{\"@type\":\"ImageObject\",\"inLanguage\":\"es\",\"@id\":\"https:\/\/www.cannabis.es\/pw\/#\/schema\/person\/image\/\",\"url\":\"https:\/\/secure.gravatar.com\/avatar\/810c93a3d6fadc3d9c2665b1d919a4aedea8ed4dd63689d001e985a804e90d83?s=96&d=mm&r=g\",\"contentUrl\":\"https:\/\/secure.gravatar.com\/avatar\/810c93a3d6fadc3d9c2665b1d919a4aedea8ed4dd63689d001e985a804e90d83?s=96&d=mm&r=g\",\"caption\":\"Cannabis.es\"},\"url\":\"https:\/\/www.cannabis.es\/pw\/author\/arnau\/\"}]}<\/script>\n<!-- \/ Yoast SEO plugin. -->","yoast_head_json":{"title":"El Tribunal Constitucional de Italia tumba el refer\u00e9ndum del cannabis","description":"Entrada &#8226; Portal multimedia sobre cannabis y otras sustancias &#8226; 17 febrero, 2022","robots":{"index":"index","follow":"follow","max-snippet":"max-snippet:-1","max-image-preview":"max-image-preview:large","max-video-preview":"max-video-preview:-1"},"canonical":"https:\/\/www.cannabis.es\/pw\/2022\/02\/17\/el-tribunal-constitucional-de-italia-tumba-el-referendum-del-cannabis\/","twitter_card":"summary_large_image","twitter_title":"El Tribunal Constitucional de Italia tumba el refer\u00e9ndum del cannabis","twitter_description":"Entrada &#8226; Portal multimedia sobre cannabis y otras sustancias &#8226; 17 febrero, 2022","twitter_image":"https:\/\/www.cannabis.es\/pw\/wp-content\/uploads\/2022\/02\/referendum-italia-Cosntitucional.jpg","twitter_creator":"@cannabis_es","twitter_site":"@cannabis_es","twitter_misc":{"Escrito por":"Cannabis.es","Tiempo de lectura":"3 minutos"},"schema":{"@context":"https:\/\/schema.org","@graph":[{"@type":"Article","@id":"https:\/\/www.cannabis.es\/pw\/2022\/02\/17\/el-tribunal-constitucional-de-italia-tumba-el-referendum-del-cannabis\/#article","isPartOf":{"@id":"https:\/\/www.cannabis.es\/pw\/2022\/02\/17\/el-tribunal-constitucional-de-italia-tumba-el-referendum-del-cannabis\/"},"author":{"name":"Cannabis.es","@id":"https:\/\/www.cannabis.es\/pw\/#\/schema\/person\/ec770c03f3e99d770687f537f4ba1e89"},"headline":"El Tribunal Constitucional de Italia tumba el refer\u00e9ndum del cannabis","datePublished":"2022-02-17T12:04:28+00:00","dateModified":"2022-02-17T12:04:29+00:00","mainEntityOfPage":{"@id":"https:\/\/www.cannabis.es\/pw\/2022\/02\/17\/el-tribunal-constitucional-de-italia-tumba-el-referendum-del-cannabis\/"},"wordCount":566,"publisher":{"@id":"https:\/\/www.cannabis.es\/pw\/#organization"},"image":{"@id":"https:\/\/www.cannabis.es\/pw\/2022\/02\/17\/el-tribunal-constitucional-de-italia-tumba-el-referendum-del-cannabis\/#primaryimage"},"thumbnailUrl":"https:\/\/www.cannabis.es\/pw\/wp-content\/uploads\/2022\/02\/referendum-italia-Cosntitucional.jpg","keywords":["Arnau Alcaide","autocultivo","pol\u00edtica","prohibicionismo"],"articleSection":["Pol\u00edtica y Sociedad"],"inLanguage":"es"},{"@type":"WebPage","@id":"https:\/\/www.cannabis.es\/pw\/2022\/02\/17\/el-tribunal-constitucional-de-italia-tumba-el-referendum-del-cannabis\/","url":"https:\/\/www.cannabis.es\/pw\/2022\/02\/17\/el-tribunal-constitucional-de-italia-tumba-el-referendum-del-cannabis\/","name":"El Tribunal Constitucional de Italia tumba el refer\u00e9ndum del cannabis","isPartOf":{"@id":"https:\/\/www.cannabis.es\/pw\/#website"},"primaryImageOfPage":{"@id":"https:\/\/www.cannabis.es\/pw\/2022\/02\/17\/el-tribunal-constitucional-de-italia-tumba-el-referendum-del-cannabis\/#primaryimage"},"image":{"@id":"https:\/\/www.cannabis.es\/pw\/2022\/02\/17\/el-tribunal-constitucional-de-italia-tumba-el-referendum-del-cannabis\/#primaryimage"},"thumbnailUrl":"https:\/\/www.cannabis.es\/pw\/wp-content\/uploads\/2022\/02\/referendum-italia-Cosntitucional.jpg","datePublished":"2022-02-17T12:04:28+00:00","dateModified":"2022-02-17T12:04:29+00:00","description":"Entrada &#8226; Portal multimedia sobre cannabis y otras sustancias &#8226; 17 febrero, 2022","breadcrumb":{"@id":"https:\/\/www.cannabis.es\/pw\/2022\/02\/17\/el-tribunal-constitucional-de-italia-tumba-el-referendum-del-cannabis\/#breadcrumb"},"inLanguage":"es","potentialAction":[{"@type":"ReadAction","target":["https:\/\/www.cannabis.es\/pw\/2022\/02\/17\/el-tribunal-constitucional-de-italia-tumba-el-referendum-del-cannabis\/"]}]},{"@type":"ImageObject","inLanguage":"es","@id":"https:\/\/www.cannabis.es\/pw\/2022\/02\/17\/el-tribunal-constitucional-de-italia-tumba-el-referendum-del-cannabis\/#primaryimage","url":"https:\/\/www.cannabis.es\/pw\/wp-content\/uploads\/2022\/02\/referendum-italia-Cosntitucional.jpg","contentUrl":"https:\/\/www.cannabis.es\/pw\/wp-content\/uploads\/2022\/02\/referendum-italia-Cosntitucional.jpg","width":804,"height":532},{"@type":"BreadcrumbList","@id":"https:\/\/www.cannabis.es\/pw\/2022\/02\/17\/el-tribunal-constitucional-de-italia-tumba-el-referendum-del-cannabis\/#breadcrumb","itemListElement":[{"@type":"ListItem","position":1,"name":"Portada","item":"http:\/\/www.cannabis.es\/pw\/"},{"@type":"ListItem","position":2,"name":"El Tribunal Constitucional de Italia tumba el refer\u00e9ndum del cannabis"}]},{"@type":"WebSite","@id":"https:\/\/www.cannabis.es\/pw\/#website","url":"https:\/\/www.cannabis.es\/pw\/","name":"Cannabis","description":"Portal multimedia sobre cannabis y otras sustancias","publisher":{"@id":"https:\/\/www.cannabis.es\/pw\/#organization"},"potentialAction":[{"@type":"SearchAction","target":{"@type":"EntryPoint","urlTemplate":"https:\/\/www.cannabis.es\/pw\/?s={search_term_string}"},"query-input":{"@type":"PropertyValueSpecification","valueRequired":true,"valueName":"search_term_string"}}],"inLanguage":"es"},{"@type":"Organization","@id":"https:\/\/www.cannabis.es\/pw\/#organization","name":"Cannabis.es","url":"https:\/\/www.cannabis.es\/pw\/","logo":{"@type":"ImageObject","inLanguage":"es","@id":"https:\/\/www.cannabis.es\/pw\/#\/schema\/logo\/image\/","url":"https:\/\/www.cannabis.es\/pw\/wp-content\/uploads\/2019\/04\/cropped-logo_cannabis.png","contentUrl":"https:\/\/www.cannabis.es\/pw\/wp-content\/uploads\/2019\/04\/cropped-logo_cannabis.png","width":361,"height":120,"caption":"Cannabis.es"},"image":{"@id":"https:\/\/www.cannabis.es\/pw\/#\/schema\/logo\/image\/"},"sameAs":["https:\/\/x.com\/cannabis_es"]},{"@type":"Person","@id":"https:\/\/www.cannabis.es\/pw\/#\/schema\/person\/ec770c03f3e99d770687f537f4ba1e89","name":"Cannabis.es","image":{"@type":"ImageObject","inLanguage":"es","@id":"https:\/\/www.cannabis.es\/pw\/#\/schema\/person\/image\/","url":"https:\/\/secure.gravatar.com\/avatar\/810c93a3d6fadc3d9c2665b1d919a4aedea8ed4dd63689d001e985a804e90d83?s=96&d=mm&r=g","contentUrl":"https:\/\/secure.gravatar.com\/avatar\/810c93a3d6fadc3d9c2665b1d919a4aedea8ed4dd63689d001e985a804e90d83?s=96&d=mm&r=g","caption":"Cannabis.es"},"url":"https:\/\/www.cannabis.es\/pw\/author\/arnau\/"}]}},"_links":{"self":[{"href":"https:\/\/www.cannabis.es\/pw\/wp-json\/wp\/v2\/posts\/8113","targetHints":{"allow":["GET"]}}],"collection":[{"href":"https:\/\/www.cannabis.es\/pw\/wp-json\/wp\/v2\/posts"}],"about":[{"href":"https:\/\/www.cannabis.es\/pw\/wp-json\/wp\/v2\/types\/post"}],"author":[{"embeddable":true,"href":"https:\/\/www.cannabis.es\/pw\/wp-json\/wp\/v2\/users\/3"}],"replies":[{"embeddable":true,"href":"https:\/\/www.cannabis.es\/pw\/wp-json\/wp\/v2\/comments?post=8113"}],"version-history":[{"count":6,"href":"https:\/\/www.cannabis.es\/pw\/wp-json\/wp\/v2\/posts\/8113\/revisions"}],"predecessor-version":[{"id":8120,"href":"https:\/\/www.cannabis.es\/pw\/wp-json\/wp\/v2\/posts\/8113\/revisions\/8120"}],"wp:featuredmedia":[{"embeddable":true,"href":"https:\/\/www.cannabis.es\/pw\/wp-json\/wp\/v2\/media\/8119"}],"wp:attachment":[{"href":"https:\/\/www.cannabis.es\/pw\/wp-json\/wp\/v2\/media?parent=8113"}],"wp:term":[{"taxonomy":"category","embeddable":true,"href":"https:\/\/www.cannabis.es\/pw\/wp-json\/wp\/v2\/categories?post=8113"},{"taxonomy":"post_tag","embeddable":true,"href":"https:\/\/www.cannabis.es\/pw\/wp-json\/wp\/v2\/tags?post=8113"}],"curies":[{"name":"wp","href":"https:\/\/api.w.org\/{rel}","templated":true}]}}