{"id":8151,"date":"2022-03-01T19:28:43","date_gmt":"2022-03-01T18:28:43","guid":{"rendered":"https:\/\/www.cannabis.es\/pw\/?p=8151"},"modified":"2022-03-01T19:28:44","modified_gmt":"2022-03-01T18:28:44","slug":"especialistas-de-adicciones-copan-la-subcomision-del-cannabis-medicinal","status":"publish","type":"post","link":"https:\/\/www.cannabis.es\/pw\/2022\/03\/01\/especialistas-de-adicciones-copan-la-subcomision-del-cannabis-medicinal\/","title":{"rendered":"Especialistas de adicciones copan la subcomisi\u00f3n del cannabis medicinal"},"content":{"rendered":"\n<p>Arnau Alcaide<br><br>El centro internacional de estudios etnobot\u00e1nicos, ICEERS, <a href=\"https:\/\/www.iceers.org\/es\/iceers-participa-subcomision-congreso-cannabis\/\">comunica <\/a>su participaci\u00f3n en la subcomisi\u00f3n del cannabis medicinal y aqueja la falta de personal con experiencia cl\u00ednica, el tratamiento de pacientes, frente a especialistas en adicciones que copan las plazas de ponentes. <\/p>\n\n\n\n<p>De las 15 personas expertas invitadas, 5 pertenecen a la vista de sus organismos al mundo de las adicciones, sin experiencia en el uso medicinal, pero incluso 3 personas m\u00e1s, del Cl\u00ednic de Barcelona, del departamento de Salud de Nueva York y un farmac\u00e9utico catedr\u00e1tico practican investigaci\u00f3n en el <a href=\"https:\/\/www.clinicbarcelona.org\/profesionales\/hugo-lopez-pelayo\">mundo de las adicciones<\/a> y cuando lo han hecho del cannabis medicinal ha sido con dicho <a href=\"https:\/\/journals.lww.com\/pain\/Abstract\/2022\/02000\/Pain,_cannabis_use,_and_physical_and_mental_health.4.aspx\">enfoque<\/a> y han descartado sus efectos.<\/p>\n\n\n\n<p><em>\u00abAunque valoramos la participaci\u00f3n del Dr. <a href=\"https:\/\/www.cannabis.es\/pw\/2019\/11\/25\/un-unico-paciente-de-los-358-000-no-tratados-con-cannabis-pierde-de-media-en-calidad-de-vida-el-coste-de-una-investigacion\/\">Bouso <\/a>en la subcomisi\u00f3n muy positivamente, tambi\u00e9n coincidimos con la&nbsp;<a href=\"https:\/\/twitter.com\/carolaperez\/status\/1496760409805959168\" target=\"_blank\" rel=\"noreferrer noopener\">cr\u00edtica realizada por otras organizaciones<\/a>&nbsp;y mostramos nuestra escasa satisfacci\u00f3n con la selecci\u00f3n de expertos, claramente sesgada hacia una visi\u00f3n centrada en el abuso de cannabis m\u00e1s que en su potencial terap\u00e9utico\u00bb, <\/em>dice el comunicado. <\/p>\n\n\n\n<p>Jos\u00e9 Carlos Bouso es autor del libro divulgativo Cannabis Medicinal y ha realizado investigaciones sobre la calidad de vida ante el uso de cannabis medicinal, aunque la mayor\u00eda de su investigaci\u00f3n se centra en la psicoactividad y sus efectos psicol\u00f3gicos y comunitarios beneficiosos desde un enfoque antropol\u00f3gico multicultural. Ha publicado varias revisiones sistem\u00e1ticas de ensayos cl\u00ednicos de estos efectos qu\u00edmicos beneficiosos sobre, por ejemplo, ansiedad o depresi\u00f3n; se tratan del grado de evidencia m\u00e1s alto seg\u00fan la mayor\u00eda de est\u00e1ndares de la evidencia.<\/p>\n\n\n\n<figure class=\"wp-block-embed is-type-rich is-provider-twitter wp-block-embed-twitter\"><div class=\"wp-block-embed__wrapper\">\n<blockquote class=\"twitter-tweet\" data-width=\"550\" data-dnt=\"true\"><p lang=\"es\" dir=\"ltr\">\u201cNos hubiera gustado encontrar m\u00e1s profesionales especializados en el uso y manejo de cannabis medicinal y m\u00e1s investigadores con experiencia a nivel cient\u00edfico&quot;<br><br>\u00bfRegulamos? \ud83c\udf31 <a href=\"https:\/\/t.co\/5s8IS6k8au\">https:\/\/t.co\/5s8IS6k8au<\/a><\/p>&mdash; Carola P\u00e9rez \ud83e\udda6 (@carolaperez) <a href=\"https:\/\/twitter.com\/carolaperez\/status\/1496760409805959168?ref_src=twsrc%5Etfw\">February 24, 2022<\/a><\/blockquote><script async src=\"https:\/\/platform.twitter.com\/widgets.js\" charset=\"utf-8\"><\/script>\n<\/div><figcaption>Comparte la queja la presidenta del Observatorio Espa\u00f1ol de Cannabis Medicinal.<\/figcaption><\/figure>\n\n\n\n<h2 class=\"wp-block-heading\">Un \u00fanico especialista cl\u00ednico: el m\u00e9dico del dolor Jordi P\u00e9rez<\/h2>\n\n\n\n<p>Adem\u00e1s de las 8 personas descontadas y el Dr. Bouso, cabe a\u00f1adir a los presidentes de las asociaciones de colegios m\u00e9dicos concernidos. Sumando que s\u00ed est\u00e1n la presidenta del observatorio espa\u00f1ol, Carola P\u00e9rez, su <a href=\"https:\/\/www.cannabis.es\/pw\/2021\/02\/01\/carla-dias-presidenta-del-opcm-la-cannabis-no-es-una-droga-sino-una-planta-medicinal\/\">hom\u00f3loga portuguesa<\/a> y la investigadora y paciente, Noem\u00ed S\u00e1nchez, responsable de la <a href=\"https:\/\/www.cannabis.es\/pw\/2019\/10\/21\/primera-encuesta-para-conocer-la-mejor-regulacion-para-espana\/\">encuesta <\/a>cannabis, queda solo la experiencia cl\u00ednica del cannabis medicinal para Jordi P\u00e9rez, que la practica en Canad\u00e1, y que defender\u00e1, junto a las \u00faltimas ponentes mencionadas, la evidencia disponible que <a href=\"https:\/\/www.researchgate.net\/scientific-contributions\/Jordi-Perez-2173861908\">\u00e9l mismo tiene publicada<\/a>.<\/p>\n\n\n\n<figure class=\"wp-block-image size-full\"><img loading=\"lazy\" decoding=\"async\" width=\"804\" height=\"532\" src=\"https:\/\/www.cannabis.es\/pw\/wp-content\/uploads\/2022\/03\/ICEERS-portada.jpg\" alt=\"\" class=\"wp-image-8155\" srcset=\"https:\/\/www.cannabis.es\/pw\/wp-content\/uploads\/2022\/03\/ICEERS-portada.jpg 804w, https:\/\/www.cannabis.es\/pw\/wp-content\/uploads\/2022\/03\/ICEERS-portada-300x199.jpg 300w, https:\/\/www.cannabis.es\/pw\/wp-content\/uploads\/2022\/03\/ICEERS-portada-768x508.jpg 768w, https:\/\/www.cannabis.es\/pw\/wp-content\/uploads\/2022\/03\/ICEERS-portada-600x397.jpg 600w\" sizes=\"auto, (max-width: 804px) 100vw, 804px\" \/><\/figure>\n\n\n\n<h2 class=\"wp-block-heading\">Valoran que se est\u00e1 construyendo la subcomisi\u00f3n contra la evidencia<\/h2>\n\n\n\n<p><em>\u00abA pesar de que esta subcomisi\u00f3n llega tarde y sesgada, valoramos positivamente que finalmente se produzca y que se haya incluido a Jos\u00e9 Carlos y alg\u00fan otro representante de la sociedad civil, como Noem\u00ed y Carola P\u00e9rez, pero vemos que se arrastran prejuicios de entrada\u00bb<\/em>, comenta&nbsp;<a href=\"https:\/\/www.cannabis.es\/pw\/2020\/08\/03\/mapeando-asociaciones-cannabicas-y-sus-caracteristicas-comunes-por-europa\/\">\u00d2scar Par\u00e9s<\/a>, director adjunto de ICEERS. <em>\u00abDe entrada, en la parte de organismos internacionales, no hay representaci\u00f3n de pa\u00edses con una trayectoria m\u00e1s consolidada, como Uruguay, Canad\u00e1 o Colombia. Es una pena, porque ah\u00ed habr\u00eda mucha evidencia acumulada, que es de lo que va la subcomisi\u00f3n, de recoger experiencias y evidencias de otros pa\u00edses\u00bb<\/em>, a\u00f1ade.<\/p>\n\n\n\n<p>La doctora&nbsp;<a href=\"https:\/\/www.iceers.org\/es\/member\/constanza-sanchez\/\" target=\"_blank\" rel=\"noreferrer noopener\">Constanza S\u00e1nchez<\/a>, directora de Ley, Pol\u00edtica y Derechos Humanos en ICEERS, se\u00f1ala el evidente sesgo de confirmaci\u00f3n en la lista definitiva: <em>\u00abYo lo que creo es que si invitas a hablar a personas que no tienen mucha experiencia o b\u00e1sicamente est\u00e1n en contra de cualquier tipo de acceso diferente al cannabis, la conclusi\u00f3n a la que se quiere llegar es que el cannabis medicinal no debe ser regulado porque no hay suficiente evidencia. <strong>Si lo \u00fanico que se financia son investigaciones y personas que est\u00e1n diciendo que la prohibici\u00f3n es lo correcto porque el cannabis es peligroso, pues al final la evidencia que va a salir es esa.<\/strong> Habr\u00eda que poner el acento en que se financiaran otro tipo de estudios, y no s\u00f3lo los que confirman la pol\u00edtica actual\u00bb.<\/em><\/p>\n\n\n\n<p>Por otra parte, <strong>no se ha convocado a ning\u00fan m\u00e9dico con experiencia cl\u00ednica en cannabis medicinal en nuestro pa\u00eds<\/strong>, como podr\u00eda ser Mariano Garc\u00eda de Palau, de Kalapa Clinics, que atiende en Catalunya a los pacientes que se abastecen a trav\u00e9s de las asociaciones cann\u00e1bicas y tiene 20 a\u00f1os de experiencia. <\/p>\n\n\n\n<p><em>\u00abEn la parte de expertos apreciamos tambi\u00e9n <strong>un sesgo en el sentido de que hay pocos profesionales de Espa\u00f1a que tengan experiencia cl\u00ednica con cannabis<\/strong>. S\u00ed que hay investigadores con amplia experiencia en investigaci\u00f3n animal, y m\u00e9dicos y psiquiatras con larga experiencia en la atenci\u00f3n a personas que han desarrollado problemas como consecuencia del consumo de cannabis, pero la mayor\u00eda son<strong> profesionales sin vinculaci\u00f3n alguna con los pacientes<\/strong>. Luego la balanza se encuentra claramente desequilibrada hacia el lado de expertos que no tienen contacto con la realidad, sino que la ven a trav\u00e9s de un laboratorio o de revistas, y que se han posicionado previamente en contra de la regulaci\u00f3n\u00bb, <\/em>asegura \u00d2scar.<\/p>\n\n\n\n<p>Seg\u00fan el propio Jos\u00e9 Carlos Bouso,<em> \u00ab<strong>a esto le veo poco recorrido, pues el listado de expertos deriva claramente hacia la formulaci\u00f3n de los problemas que produce el cannabis<\/strong>, no hacia las soluciones terap\u00e9uticas que aporta. En Espa\u00f1a tenemos algunos de los mejores cient\u00edficos sobre cannabis medicinal que no han sido convocados y algunos de los m\u00e9dicos con m\u00e1s experiencia. Hay un agujero negro inmenso de ausencia de conocimiento sobre cannabis medicinal en esta comisi\u00f3n\u00bb.<\/em><\/p>\n\n\n\n<p>En definitiva, como apunta Par\u00e9s, <em>\u00abvemos que hay sesgos hacia perspectivas conservadoras, que no hay una conexi\u00f3n con la realidad cl\u00ednica de los pacientes, que est\u00e1n<strong> infrarrepresentadas la perspectiva m\u00e9dica y cl\u00ednica, la de los propios pacientes y la de la sociedad civil organizada. Tambi\u00e9n se deja fuera a representantes de los clubes sociales de cannabis, que son sin duda la principal puerta de acceso al cannabis para los pacientes<\/strong> a causa de la falta de regulaci\u00f3n por parte de la Administraci\u00f3n\u00bb.<\/em><\/p>\n\n\n\n<h2 class=\"wp-block-heading\">Echan de menos pa\u00edses invitados con regulaciones m\u00e1s amplias<\/h2>\n\n\n\n<p>El organismo pide protagonismo para pa\u00edses como Holanda, Israel o Malta, que no se cuentan entre los invitados pese a tratarse de pa\u00edses con algunos de los accesos m\u00e1s democratizados al cannabis medicinal, y recuerda la campa\u00f1a en redes sociales&nbsp;<a href=\"https:\/\/www.cannabis-legal.es\/\" target=\"_blank\" rel=\"noreferrer noopener\">#cannabisLEGAL<\/a>, con la que est\u00e1 visibilizando a pacientes y especialistas desde su secci\u00f3n especializada en cannabis medicinal, Cannabmed. Los invitados han sido <a href=\"https:\/\/www.cannabis.es\/pw\/2021\/09\/21\/francia-empieza-a-tratar-a-3000-pacientes-como-prueba\/\">Francia<\/a>, <a href=\"https:\/\/www.cannabis.es\/pw\/2020\/11\/13\/madres-por-el-cannabis-en-grecia-mamaka\/\">Grecia<\/a>, <a href=\"https:\/\/www.cannabis.es\/pw\/2018\/12\/03\/i-jornadas-cannabicas-en-valencia-primer-dia\/\">Dinamarca<\/a>, <a href=\"https:\/\/www.cannabis.es\/pw\/2016\/05\/05\/alemania-dispensara-cannabis-medicinal\/\">Alemania<\/a>, <a href=\"https:\/\/www.cannabis.es\/pw\/2021\/05\/31\/portugal-ya-vende-cannabis-terapeutico-en-farmacias\/\">Portugal <\/a>y Finlandia.<\/p>\n\n\n\n<figure class=\"wp-block-image\"><img decoding=\"async\" src=\"https:\/\/www.iceers.org\/wp-content\/uploads\/2022\/02\/lista-expertos.jpg\" alt=\"ICEERS subcomisi\u00f3n cannabis Congreso\"\/><\/figure>\n\n\n\n<figure class=\"wp-block-image\"><img decoding=\"async\" src=\"https:\/\/www.iceers.org\/wp-content\/uploads\/2022\/02\/lista-expertos-2.jpg\" alt=\"ICEERS subcomisi\u00f3n Congreso cannabis Jos\u00e9 Carlos Bouso\"\/><\/figure>\n\n\n\n<figure class=\"wp-block-image\"><img decoding=\"async\" src=\"https:\/\/www.iceers.org\/wp-content\/uploads\/2022\/02\/lista-expertos-3.jpg\" alt=\"\"\/><\/figure>\n","protected":false},"excerpt":{"rendered":"<span class=\"span-reading-time rt-reading-time\" style=\"display: block;\"><span class=\"rt-label rt-prefix\">Tiempo de lectura:<\/span> <span class=\"rt-time\"> 4<\/span> <span class=\"rt-label rt-postfix\">minutos<\/span><\/span>Arnau AlcaideEl centro internacional de estudios etnobot\u00e1nicos, ICEERS, comunica su participaci\u00f3n en la subcomisi\u00f3n del cannabis medicinal y aqueja la falta de personal con experiencia cl\u00ednica, el tratamiento de pacientes, frente a especialistas en adicciones que copan las plazas de ponentes. De las 15 personas expertas invitadas, 5 pertenecen a la vista de sus organismos [&hellip;]","protected":false},"author":3,"featured_media":8155,"comment_status":"closed","ping_status":"closed","sticky":false,"template":"","format":"standard","meta":{"loftocean-featured-post":"","loftocean_post_format_gallery":"","loftocean_post_format_gallery_ids":"","loftocean_post_format_gallery_urls":"","loftocean_post_format_video_id":"","loftocean_post_format_video_url":"","loftocean_post_format_video_type":"","loftocean_post_format_video":"","loftocean_post_format_audio_type":"","loftocean_post_format_audio_url":"","loftocean_post_format_audio_id":"","loftocean_post_format_audio":"","loftocean_post_format_quote_text":"","loftocean_post_format_quote_byline":"","loftocean_post_format_link_text":"","loftocean_post_format_link_url":"","ceramag_post_header_style":"","ceramag_enable_background_video":"","ceramag_show_in_top_slider":"","ceramag_post_background_video_start":"","ceramag_post_background_video_end":"","loftocean_page_background_video_id":"","loftocean_page_background_video_url":"","loftocean_page_background_video_type":"","loftocean_page_background_video":"","ceramag_background_video_start":"","ceramag_background_video_end":"","ceramag_single_page_hide_header":"","footnotes":""},"categories":[35],"tags":[540,41,52,54,42,51],"class_list":["post-8151","post","type-post","status-publish","format-standard","has-post-thumbnail","hentry","category-politica-y-sociedad","tag-arnau-alcaide","tag-cannabis","tag-cannabis-medicinal","tag-legalizacion","tag-politica","tag-salud"],"yoast_head":"<!-- This site is optimized with the Yoast SEO plugin v24.9 - https:\/\/yoast.com\/wordpress\/plugins\/seo\/ -->\n<title>Especialistas de adicciones copan la subcomisi\u00f3n del cannabis medicinal<\/title>\n<meta name=\"description\" content=\"Entrada &#8226; Portal multimedia sobre cannabis y otras sustancias &#8226; 1 marzo, 2022\" \/>\n<meta name=\"robots\" content=\"index, follow, max-snippet:-1, max-image-preview:large, max-video-preview:-1\" \/>\n<link rel=\"canonical\" href=\"https:\/\/www.cannabis.es\/pw\/2022\/03\/01\/especialistas-de-adicciones-copan-la-subcomision-del-cannabis-medicinal\/\" \/>\n<meta name=\"twitter:card\" content=\"summary_large_image\" \/>\n<meta name=\"twitter:title\" content=\"Especialistas de adicciones copan la subcomisi\u00f3n del cannabis medicinal\" \/>\n<meta name=\"twitter:description\" content=\"Entrada &#8226; Portal multimedia sobre cannabis y otras sustancias &#8226; 1 marzo, 2022\" \/>\n<meta name=\"twitter:image\" content=\"https:\/\/www.cannabis.es\/pw\/wp-content\/uploads\/2022\/03\/ICEERS-portada.jpg\" \/>\n<meta name=\"twitter:creator\" content=\"@cannabis_es\" \/>\n<meta name=\"twitter:site\" content=\"@cannabis_es\" \/>\n<meta name=\"twitter:label1\" content=\"Escrito por\" \/>\n\t<meta name=\"twitter:data1\" content=\"Cannabis.es\" \/>\n\t<meta name=\"twitter:label2\" content=\"Tiempo de lectura\" \/>\n\t<meta name=\"twitter:data2\" content=\"6 minutos\" \/>\n<script type=\"application\/ld+json\" class=\"yoast-schema-graph\">{\"@context\":\"https:\/\/schema.org\",\"@graph\":[{\"@type\":\"Article\",\"@id\":\"https:\/\/www.cannabis.es\/pw\/2022\/03\/01\/especialistas-de-adicciones-copan-la-subcomision-del-cannabis-medicinal\/#article\",\"isPartOf\":{\"@id\":\"https:\/\/www.cannabis.es\/pw\/2022\/03\/01\/especialistas-de-adicciones-copan-la-subcomision-del-cannabis-medicinal\/\"},\"author\":{\"name\":\"Cannabis.es\",\"@id\":\"https:\/\/www.cannabis.es\/pw\/#\/schema\/person\/ec770c03f3e99d770687f537f4ba1e89\"},\"headline\":\"Especialistas de adicciones copan la subcomisi\u00f3n del cannabis medicinal\",\"datePublished\":\"2022-03-01T18:28:43+00:00\",\"dateModified\":\"2022-03-01T18:28:44+00:00\",\"mainEntityOfPage\":{\"@id\":\"https:\/\/www.cannabis.es\/pw\/2022\/03\/01\/especialistas-de-adicciones-copan-la-subcomision-del-cannabis-medicinal\/\"},\"wordCount\":1116,\"publisher\":{\"@id\":\"https:\/\/www.cannabis.es\/pw\/#organization\"},\"image\":{\"@id\":\"https:\/\/www.cannabis.es\/pw\/2022\/03\/01\/especialistas-de-adicciones-copan-la-subcomision-del-cannabis-medicinal\/#primaryimage\"},\"thumbnailUrl\":\"https:\/\/www.cannabis.es\/pw\/wp-content\/uploads\/2022\/03\/ICEERS-portada.jpg\",\"keywords\":[\"Arnau Alcaide\",\"cannabis\",\"cannabis medicinal\",\"legalizaci\u00f3n\",\"pol\u00edtica\",\"salud\"],\"articleSection\":[\"Pol\u00edtica y Sociedad\"],\"inLanguage\":\"es\"},{\"@type\":\"WebPage\",\"@id\":\"https:\/\/www.cannabis.es\/pw\/2022\/03\/01\/especialistas-de-adicciones-copan-la-subcomision-del-cannabis-medicinal\/\",\"url\":\"https:\/\/www.cannabis.es\/pw\/2022\/03\/01\/especialistas-de-adicciones-copan-la-subcomision-del-cannabis-medicinal\/\",\"name\":\"Especialistas de adicciones copan la subcomisi\u00f3n del cannabis medicinal\",\"isPartOf\":{\"@id\":\"https:\/\/www.cannabis.es\/pw\/#website\"},\"primaryImageOfPage\":{\"@id\":\"https:\/\/www.cannabis.es\/pw\/2022\/03\/01\/especialistas-de-adicciones-copan-la-subcomision-del-cannabis-medicinal\/#primaryimage\"},\"image\":{\"@id\":\"https:\/\/www.cannabis.es\/pw\/2022\/03\/01\/especialistas-de-adicciones-copan-la-subcomision-del-cannabis-medicinal\/#primaryimage\"},\"thumbnailUrl\":\"https:\/\/www.cannabis.es\/pw\/wp-content\/uploads\/2022\/03\/ICEERS-portada.jpg\",\"datePublished\":\"2022-03-01T18:28:43+00:00\",\"dateModified\":\"2022-03-01T18:28:44+00:00\",\"description\":\"Entrada &#8226; Portal multimedia sobre cannabis y otras sustancias &#8226; 1 marzo, 2022\",\"breadcrumb\":{\"@id\":\"https:\/\/www.cannabis.es\/pw\/2022\/03\/01\/especialistas-de-adicciones-copan-la-subcomision-del-cannabis-medicinal\/#breadcrumb\"},\"inLanguage\":\"es\",\"potentialAction\":[{\"@type\":\"ReadAction\",\"target\":[\"https:\/\/www.cannabis.es\/pw\/2022\/03\/01\/especialistas-de-adicciones-copan-la-subcomision-del-cannabis-medicinal\/\"]}]},{\"@type\":\"ImageObject\",\"inLanguage\":\"es\",\"@id\":\"https:\/\/www.cannabis.es\/pw\/2022\/03\/01\/especialistas-de-adicciones-copan-la-subcomision-del-cannabis-medicinal\/#primaryimage\",\"url\":\"https:\/\/www.cannabis.es\/pw\/wp-content\/uploads\/2022\/03\/ICEERS-portada.jpg\",\"contentUrl\":\"https:\/\/www.cannabis.es\/pw\/wp-content\/uploads\/2022\/03\/ICEERS-portada.jpg\",\"width\":804,\"height\":532},{\"@type\":\"BreadcrumbList\",\"@id\":\"https:\/\/www.cannabis.es\/pw\/2022\/03\/01\/especialistas-de-adicciones-copan-la-subcomision-del-cannabis-medicinal\/#breadcrumb\",\"itemListElement\":[{\"@type\":\"ListItem\",\"position\":1,\"name\":\"Portada\",\"item\":\"http:\/\/www.cannabis.es\/pw\/\"},{\"@type\":\"ListItem\",\"position\":2,\"name\":\"Especialistas de adicciones copan la subcomisi\u00f3n del cannabis medicinal\"}]},{\"@type\":\"WebSite\",\"@id\":\"https:\/\/www.cannabis.es\/pw\/#website\",\"url\":\"https:\/\/www.cannabis.es\/pw\/\",\"name\":\"Cannabis\",\"description\":\"Portal multimedia sobre cannabis y otras sustancias\",\"publisher\":{\"@id\":\"https:\/\/www.cannabis.es\/pw\/#organization\"},\"potentialAction\":[{\"@type\":\"SearchAction\",\"target\":{\"@type\":\"EntryPoint\",\"urlTemplate\":\"https:\/\/www.cannabis.es\/pw\/?s={search_term_string}\"},\"query-input\":{\"@type\":\"PropertyValueSpecification\",\"valueRequired\":true,\"valueName\":\"search_term_string\"}}],\"inLanguage\":\"es\"},{\"@type\":\"Organization\",\"@id\":\"https:\/\/www.cannabis.es\/pw\/#organization\",\"name\":\"Cannabis.es\",\"url\":\"https:\/\/www.cannabis.es\/pw\/\",\"logo\":{\"@type\":\"ImageObject\",\"inLanguage\":\"es\",\"@id\":\"https:\/\/www.cannabis.es\/pw\/#\/schema\/logo\/image\/\",\"url\":\"https:\/\/www.cannabis.es\/pw\/wp-content\/uploads\/2019\/04\/cropped-logo_cannabis.png\",\"contentUrl\":\"https:\/\/www.cannabis.es\/pw\/wp-content\/uploads\/2019\/04\/cropped-logo_cannabis.png\",\"width\":361,\"height\":120,\"caption\":\"Cannabis.es\"},\"image\":{\"@id\":\"https:\/\/www.cannabis.es\/pw\/#\/schema\/logo\/image\/\"},\"sameAs\":[\"https:\/\/x.com\/cannabis_es\"]},{\"@type\":\"Person\",\"@id\":\"https:\/\/www.cannabis.es\/pw\/#\/schema\/person\/ec770c03f3e99d770687f537f4ba1e89\",\"name\":\"Cannabis.es\",\"image\":{\"@type\":\"ImageObject\",\"inLanguage\":\"es\",\"@id\":\"https:\/\/www.cannabis.es\/pw\/#\/schema\/person\/image\/\",\"url\":\"https:\/\/secure.gravatar.com\/avatar\/810c93a3d6fadc3d9c2665b1d919a4aedea8ed4dd63689d001e985a804e90d83?s=96&d=mm&r=g\",\"contentUrl\":\"https:\/\/secure.gravatar.com\/avatar\/810c93a3d6fadc3d9c2665b1d919a4aedea8ed4dd63689d001e985a804e90d83?s=96&d=mm&r=g\",\"caption\":\"Cannabis.es\"},\"url\":\"https:\/\/www.cannabis.es\/pw\/author\/arnau\/\"}]}<\/script>\n<!-- \/ Yoast SEO plugin. -->","yoast_head_json":{"title":"Especialistas de adicciones copan la subcomisi\u00f3n del cannabis medicinal","description":"Entrada &#8226; Portal multimedia sobre cannabis y otras sustancias &#8226; 1 marzo, 2022","robots":{"index":"index","follow":"follow","max-snippet":"max-snippet:-1","max-image-preview":"max-image-preview:large","max-video-preview":"max-video-preview:-1"},"canonical":"https:\/\/www.cannabis.es\/pw\/2022\/03\/01\/especialistas-de-adicciones-copan-la-subcomision-del-cannabis-medicinal\/","twitter_card":"summary_large_image","twitter_title":"Especialistas de adicciones copan la subcomisi\u00f3n del cannabis medicinal","twitter_description":"Entrada &#8226; Portal multimedia sobre cannabis y otras sustancias &#8226; 1 marzo, 2022","twitter_image":"https:\/\/www.cannabis.es\/pw\/wp-content\/uploads\/2022\/03\/ICEERS-portada.jpg","twitter_creator":"@cannabis_es","twitter_site":"@cannabis_es","twitter_misc":{"Escrito por":"Cannabis.es","Tiempo de lectura":"6 minutos"},"schema":{"@context":"https:\/\/schema.org","@graph":[{"@type":"Article","@id":"https:\/\/www.cannabis.es\/pw\/2022\/03\/01\/especialistas-de-adicciones-copan-la-subcomision-del-cannabis-medicinal\/#article","isPartOf":{"@id":"https:\/\/www.cannabis.es\/pw\/2022\/03\/01\/especialistas-de-adicciones-copan-la-subcomision-del-cannabis-medicinal\/"},"author":{"name":"Cannabis.es","@id":"https:\/\/www.cannabis.es\/pw\/#\/schema\/person\/ec770c03f3e99d770687f537f4ba1e89"},"headline":"Especialistas de adicciones copan la subcomisi\u00f3n del cannabis medicinal","datePublished":"2022-03-01T18:28:43+00:00","dateModified":"2022-03-01T18:28:44+00:00","mainEntityOfPage":{"@id":"https:\/\/www.cannabis.es\/pw\/2022\/03\/01\/especialistas-de-adicciones-copan-la-subcomision-del-cannabis-medicinal\/"},"wordCount":1116,"publisher":{"@id":"https:\/\/www.cannabis.es\/pw\/#organization"},"image":{"@id":"https:\/\/www.cannabis.es\/pw\/2022\/03\/01\/especialistas-de-adicciones-copan-la-subcomision-del-cannabis-medicinal\/#primaryimage"},"thumbnailUrl":"https:\/\/www.cannabis.es\/pw\/wp-content\/uploads\/2022\/03\/ICEERS-portada.jpg","keywords":["Arnau Alcaide","cannabis","cannabis medicinal","legalizaci\u00f3n","pol\u00edtica","salud"],"articleSection":["Pol\u00edtica y Sociedad"],"inLanguage":"es"},{"@type":"WebPage","@id":"https:\/\/www.cannabis.es\/pw\/2022\/03\/01\/especialistas-de-adicciones-copan-la-subcomision-del-cannabis-medicinal\/","url":"https:\/\/www.cannabis.es\/pw\/2022\/03\/01\/especialistas-de-adicciones-copan-la-subcomision-del-cannabis-medicinal\/","name":"Especialistas de adicciones copan la subcomisi\u00f3n del cannabis medicinal","isPartOf":{"@id":"https:\/\/www.cannabis.es\/pw\/#website"},"primaryImageOfPage":{"@id":"https:\/\/www.cannabis.es\/pw\/2022\/03\/01\/especialistas-de-adicciones-copan-la-subcomision-del-cannabis-medicinal\/#primaryimage"},"image":{"@id":"https:\/\/www.cannabis.es\/pw\/2022\/03\/01\/especialistas-de-adicciones-copan-la-subcomision-del-cannabis-medicinal\/#primaryimage"},"thumbnailUrl":"https:\/\/www.cannabis.es\/pw\/wp-content\/uploads\/2022\/03\/ICEERS-portada.jpg","datePublished":"2022-03-01T18:28:43+00:00","dateModified":"2022-03-01T18:28:44+00:00","description":"Entrada &#8226; Portal multimedia sobre cannabis y otras sustancias &#8226; 1 marzo, 2022","breadcrumb":{"@id":"https:\/\/www.cannabis.es\/pw\/2022\/03\/01\/especialistas-de-adicciones-copan-la-subcomision-del-cannabis-medicinal\/#breadcrumb"},"inLanguage":"es","potentialAction":[{"@type":"ReadAction","target":["https:\/\/www.cannabis.es\/pw\/2022\/03\/01\/especialistas-de-adicciones-copan-la-subcomision-del-cannabis-medicinal\/"]}]},{"@type":"ImageObject","inLanguage":"es","@id":"https:\/\/www.cannabis.es\/pw\/2022\/03\/01\/especialistas-de-adicciones-copan-la-subcomision-del-cannabis-medicinal\/#primaryimage","url":"https:\/\/www.cannabis.es\/pw\/wp-content\/uploads\/2022\/03\/ICEERS-portada.jpg","contentUrl":"https:\/\/www.cannabis.es\/pw\/wp-content\/uploads\/2022\/03\/ICEERS-portada.jpg","width":804,"height":532},{"@type":"BreadcrumbList","@id":"https:\/\/www.cannabis.es\/pw\/2022\/03\/01\/especialistas-de-adicciones-copan-la-subcomision-del-cannabis-medicinal\/#breadcrumb","itemListElement":[{"@type":"ListItem","position":1,"name":"Portada","item":"http:\/\/www.cannabis.es\/pw\/"},{"@type":"ListItem","position":2,"name":"Especialistas de adicciones copan la subcomisi\u00f3n del cannabis medicinal"}]},{"@type":"WebSite","@id":"https:\/\/www.cannabis.es\/pw\/#website","url":"https:\/\/www.cannabis.es\/pw\/","name":"Cannabis","description":"Portal multimedia sobre cannabis y otras sustancias","publisher":{"@id":"https:\/\/www.cannabis.es\/pw\/#organization"},"potentialAction":[{"@type":"SearchAction","target":{"@type":"EntryPoint","urlTemplate":"https:\/\/www.cannabis.es\/pw\/?s={search_term_string}"},"query-input":{"@type":"PropertyValueSpecification","valueRequired":true,"valueName":"search_term_string"}}],"inLanguage":"es"},{"@type":"Organization","@id":"https:\/\/www.cannabis.es\/pw\/#organization","name":"Cannabis.es","url":"https:\/\/www.cannabis.es\/pw\/","logo":{"@type":"ImageObject","inLanguage":"es","@id":"https:\/\/www.cannabis.es\/pw\/#\/schema\/logo\/image\/","url":"https:\/\/www.cannabis.es\/pw\/wp-content\/uploads\/2019\/04\/cropped-logo_cannabis.png","contentUrl":"https:\/\/www.cannabis.es\/pw\/wp-content\/uploads\/2019\/04\/cropped-logo_cannabis.png","width":361,"height":120,"caption":"Cannabis.es"},"image":{"@id":"https:\/\/www.cannabis.es\/pw\/#\/schema\/logo\/image\/"},"sameAs":["https:\/\/x.com\/cannabis_es"]},{"@type":"Person","@id":"https:\/\/www.cannabis.es\/pw\/#\/schema\/person\/ec770c03f3e99d770687f537f4ba1e89","name":"Cannabis.es","image":{"@type":"ImageObject","inLanguage":"es","@id":"https:\/\/www.cannabis.es\/pw\/#\/schema\/person\/image\/","url":"https:\/\/secure.gravatar.com\/avatar\/810c93a3d6fadc3d9c2665b1d919a4aedea8ed4dd63689d001e985a804e90d83?s=96&d=mm&r=g","contentUrl":"https:\/\/secure.gravatar.com\/avatar\/810c93a3d6fadc3d9c2665b1d919a4aedea8ed4dd63689d001e985a804e90d83?s=96&d=mm&r=g","caption":"Cannabis.es"},"url":"https:\/\/www.cannabis.es\/pw\/author\/arnau\/"}]}},"_links":{"self":[{"href":"https:\/\/www.cannabis.es\/pw\/wp-json\/wp\/v2\/posts\/8151","targetHints":{"allow":["GET"]}}],"collection":[{"href":"https:\/\/www.cannabis.es\/pw\/wp-json\/wp\/v2\/posts"}],"about":[{"href":"https:\/\/www.cannabis.es\/pw\/wp-json\/wp\/v2\/types\/post"}],"author":[{"embeddable":true,"href":"https:\/\/www.cannabis.es\/pw\/wp-json\/wp\/v2\/users\/3"}],"replies":[{"embeddable":true,"href":"https:\/\/www.cannabis.es\/pw\/wp-json\/wp\/v2\/comments?post=8151"}],"version-history":[{"count":4,"href":"https:\/\/www.cannabis.es\/pw\/wp-json\/wp\/v2\/posts\/8151\/revisions"}],"predecessor-version":[{"id":8156,"href":"https:\/\/www.cannabis.es\/pw\/wp-json\/wp\/v2\/posts\/8151\/revisions\/8156"}],"wp:featuredmedia":[{"embeddable":true,"href":"https:\/\/www.cannabis.es\/pw\/wp-json\/wp\/v2\/media\/8155"}],"wp:attachment":[{"href":"https:\/\/www.cannabis.es\/pw\/wp-json\/wp\/v2\/media?parent=8151"}],"wp:term":[{"taxonomy":"category","embeddable":true,"href":"https:\/\/www.cannabis.es\/pw\/wp-json\/wp\/v2\/categories?post=8151"},{"taxonomy":"post_tag","embeddable":true,"href":"https:\/\/www.cannabis.es\/pw\/wp-json\/wp\/v2\/tags?post=8151"}],"curies":[{"name":"wp","href":"https:\/\/api.w.org\/{rel}","templated":true}]}}