{"id":8212,"date":"2022-03-21T13:28:33","date_gmt":"2022-03-21T12:28:33","guid":{"rendered":"https:\/\/www.cannabis.es\/pw\/?p=8212"},"modified":"2022-03-21T13:28:34","modified_gmt":"2022-03-21T12:28:34","slug":"primeras-impresiones-de-la-subcomision-del-congreso-para-el-cannabis-medicinal","status":"publish","type":"post","link":"https:\/\/www.cannabis.es\/pw\/2022\/03\/21\/primeras-impresiones-de-la-subcomision-del-congreso-para-el-cannabis-medicinal\/","title":{"rendered":"Primeras impresiones de la subcomisi\u00f3n del Congreso para el cannabis medicinal"},"content":{"rendered":"\n<p>Benito D\u00edaz<\/p>\n\n\n\n<p>El pasado ocho de marzo, comenzaban las ponencias p\u00fablicas en la subcomisi\u00f3n del Congreso de los Diputados que analiza las posibilidades del cannabis en su aplicaci\u00f3n terap\u00e9utica. Para ello, representantes pol\u00edticos escucharon distintas intervenciones de personal experto en la materia, dirigentes de organizaciones como la AEMPS, farmac\u00f3logos, psic\u00f3logas y m\u00e9dicas. Conversamos con algunas de estas personas para conocer sus primeras impresiones al respecto de la marcha de la subcomisi\u00f3n.<\/p>\n\n\n\n<p>Las ponencias del pasado martes ocho de marzo, consistieron en la exposici\u00f3n del farmac\u00f3logo Jos\u00e9 Carlos Bouso, Francisco Pascual de la organizaci\u00f3n Socidrogalcohol; Rosa Calvo, directora de psiquiatr\u00eda y psicolog\u00eda infantil del Cl\u00ednico de Barcelona y Manuel Ibarra, portavoz de la Agencia Espa\u00f1ola del Medicamento.<\/p>\n\n\n\n<p>En las mesas de los partidos pol\u00edticos se re\u00fanen varias personas dependiendo de la sesi\u00f3n, por ejemplo, Josune Gorospe, en representaci\u00f3n de EAJ-PNV; Luc\u00eda Mu\u00f1oz, por Unidas Podemos; Carmen Andr\u00e9s A\u00f1\u00f3n, Josefa Andr\u00e9s Barea y <a href=\"https:\/\/www.cannabis.es\/pw\/2021\/06\/01\/daniel-viondi-psoe-vamos-a-ver-quien-es-paciente-y-quien-dice-serlo-para-fumar\/\">Daniel Viondi por el grupo Socialista<\/a>; Marta Rosique por <a href=\"https:\/\/www.cannabis.es\/pw\/2021\/09\/28\/esquerra-republicana-presenta-su-regulacion-del-cannabis-en-el-congreso\/\">Esquerra Republicana de Catalunya<\/a>; I\u00f1aki Ruiz por Bildu; Rosa Mar\u00eda Romero, Elvira Velasco y Elena Castillo por el Partido Popular; Concepci\u00f3n Ca\u00f1adell por el Grupo Plural (PdeCAT); Sergio Sayas por el Grupo Mixto (UPN); Juan Luis Steegmann y Tom\u00e1s Fern\u00e1ndez R\u00edos por el partido VoX.<\/p>\n\n\n\n<figure class=\"wp-block-image size-full\"><img loading=\"lazy\" decoding=\"async\" width=\"804\" height=\"532\" src=\"https:\/\/www.cannabis.es\/pw\/wp-content\/uploads\/2022\/03\/valoracion-subcomision-portada.jpg\" alt=\"\" class=\"wp-image-8214\" srcset=\"https:\/\/www.cannabis.es\/pw\/wp-content\/uploads\/2022\/03\/valoracion-subcomision-portada.jpg 804w, https:\/\/www.cannabis.es\/pw\/wp-content\/uploads\/2022\/03\/valoracion-subcomision-portada-300x199.jpg 300w, https:\/\/www.cannabis.es\/pw\/wp-content\/uploads\/2022\/03\/valoracion-subcomision-portada-768x508.jpg 768w, https:\/\/www.cannabis.es\/pw\/wp-content\/uploads\/2022\/03\/valoracion-subcomision-portada-600x397.jpg 600w\" sizes=\"auto, (max-width: 804px) 100vw, 804px\" \/><\/figure>\n\n\n\n<h2 class=\"wp-block-heading\"><strong>Jos\u00e9 Carlos Bouso<\/strong><\/h2>\n\n\n\n<p>El farmac\u00f3logo y director de la asociaci\u00f3n NGO_ICEERS manifest\u00f3 ante nuestros micr\u00f3fonos su preocupaci\u00f3n por el desequilibrio mostrado en la selecci\u00f3n de expertos y representantes de pa\u00edses con regulaciones sobre el Cannabis Medicinal. <em><mark style=\"background-color:rgba(0, 0, 0, 0)\" class=\"has-inline-color has-luminous-vivid-orange-color\">\u201cHay pa\u00edses que tienen regulaciones m\u00e1s consolidadas, que llevan mucho m\u00e1s tiempo. No est\u00e1 invitado Israel, que una de las naciones que m\u00e1s han avanzado en Cannabis Medicinal. Uruguay, Colombia\u2026 est\u00e1 bien haber invitado a pa\u00edses vecinos, pero se ha dejado fuera a Holanda, con una legislaci\u00f3n f\u00e9rrea desde hace d\u00e9cadas\u201d<\/mark>, <\/em>opina Bouso. <em>\u201c<strong>Es que es el sector m\u00e1s prohibicionista<\/strong>, que dice que los que abogan por la regulaci\u00f3n del cannabis siempre mezclan los argumentos del medicinal con el de Uso Adulto,<strong> el que ha venido con toda su artiller\u00eda argumental sobre el cannabis de uso adulto para mezclarlo con el medicinal\u201d<\/strong>.<\/em> Bouso critica que no hubiera ning\u00fan experto que hablase sobre los riesgos de utilizar Cannabis en condiciones m\u00e9dicas, <a href=\"https:\/\/www.cannabis.es\/pw\/2021\/09\/29\/terapias-cannabicas-el-coste-de-los-farmacos\/\">como en el caso del Sativex<\/a>. <em>\u201cNo se ha invitado a nadie de GW Pharmaceuticals, que puedan explicar si han encontrado riesgos a largo plazo al consumir sus productos\u201d, <\/em>qued\u00e1ndose fuera la posibilidad de atender a un escenario con tratamientos con cannabis que ya existe en nuestro pa\u00eds.<\/p>\n\n\n\n<p>La Sociedad Espa\u00f1ola de Investigaci\u00f3n sobre Cannabinoides (SEIC) es otra de las grandes ausentes, a juicio del experto. <em>\u201cTiene m\u00e1s de 20 a\u00f1os de recorrido y aglutina a decenas de investigadores sobre cannabis medicinal\u201d,<\/em> asegura Bouso, se\u00f1alando de igual forma a la Sociedad Cl\u00ednica de Endocannabinolog\u00eda. <strong>El farmac\u00f3logo explica que echa de menos la presencia de m\u00e9dicos formados<\/strong> en estas cuestiones, m\u00e1s all\u00e1 de psic\u00f3logos, psiquiatras versados en los problemas del consumo recreativo pero que no tendr\u00edan experiencia en <a href=\"https:\/\/www.cannabis.es\/pw\/2020\/03\/03\/miles-de-pacientes-tienen-dificultades-para-acceder-a-terapias-cannabicas\/\">los casos de Cannabis Medicinal<\/a>. <em>\u201cHubiera sido mejor no hacer nada que hacer lo que se ha hecho. Ha desilusionado a muchos compa\u00f1eros, algo a lo que ha costado tanto llegar y que se ocupen de esto personas que no son los que m\u00e1s controlan sobre el tema\u2026 es un poco decepcionante\u201d, <\/em>confiesa Bouso. <em>\u201cA la hora de regular un medicamento, los criterios no son de exclusividad m\u00e9dica. Se tienen en cuenta criterios econ\u00f3micos apabullantes, pero esto no lo cuentan\u201d, <\/em>resuelve Bouso al respecto de las exigencias de la AEMPS. <em><strong>\u201cMi expectativa m\u00e1s pesimista es que, a la vista del panel de expertos, se termine con un informe muy duro sobre los efectos del cannabis, <a href=\"https:\/\/www.cannabis.es\/pw\/2022\/03\/09\/bouso-defiende-el-cannabis-medicinal-en-la-subcomision-ademas-del-medicamento\/\">como el presentado por Socidrogalcohol<\/a>: no solo va a bloquear cualquier iniciativa medicinal si no cualquier iniciativa integral. Ning\u00fan pol\u00edtico, con un informe as\u00ed, va a regular el cannabis para ninguna vertiente de uso\u201d<\/strong><\/em>, concluye Bouso.<\/p>\n\n\n\n<h2 class=\"wp-block-heading\"><strong>Luc\u00eda Mu\u00f1oz Dalda (UP)<\/strong><\/h2>\n\n\n\n<p>La portavoz del grupo Unidas Podemos, por el contrario, muestra serenidad al respecto de la marcha de la subcomisi\u00f3n. <em><mark style=\"background-color:rgba(0, 0, 0, 0)\" class=\"has-inline-color has-luminous-vivid-orange-color\">\u201cHemos empezado negociando la metodolog\u00eda de trabajo, acordando una lista de ponentes. En la primera sesi\u00f3n vimos que hab\u00eda cuatro ponentes, donde solo uno mostr\u00f3 evidencias y el resto, tan solo dudas. Veremos c\u00f3mo se va desarrollando, aunque estoy bastante tranquila pues creo que las evidencias est\u00e1n presentes, adem\u00e1s, la mayor\u00eda de las naciones invitadas tienen gobiernos con proyectos de regulaci\u00f3n bien consolidados. En ese sentido, seguimos alerta, pero con cierta tranquilidad\u201d<\/mark>,<\/em> explica Mu\u00f1oz Dalda.<\/p>\n\n\n\n<p>Sobre la falta de expertos en medicina aplicada al cannabis y otras voces que se echan de menos en la tribuna de esta subcomisi\u00f3n, la diputada concuerda con que se han quedado fuera algunas opiniones que podr\u00edan aportar m\u00e1s contenido a las explicaciones. Sin embargo, en la negociaci\u00f3n de la lista de ponentes, todo el mundo ha de ceder, seg\u00fan nos relata Mu\u00f1oz Dalda. <em><strong>\u201cLos partidos m\u00e1s grandes tienen m\u00e1s cuota al final, mayor poder de negociaci\u00f3n. Hemos hecho lo que hemos podido, intentando incluir a las personas que consideramos de mayor relevancia, como Jos\u00e9 Carlos Bouso, y ya eso no nos ha sido f\u00e1cil\u201d. <\/strong><\/em>Mu\u00f1oz se refiere en similares t\u00e9rminos al respecto de la escasez de <a href=\"https:\/\/www.cannabis.es\/pw\/2022\/02\/11\/grupos-de-la-sociedad-civil-apoyan-la-regulacion-del-cannabis-frente-a-la-ley-mordaza\/\">representantes de la sociedad civil<\/a> en la mesa del cannabis medicinal. <strong>\u201c<em>Me reitero en lo dicho, la mitad de las personas en representaci\u00f3n de pa\u00edses, son gente que ya ha regulado. Por lo tanto, por poco que haya expertos que est\u00e9n a favor, resultar\u00e1 en una conclusi\u00f3n propicia\u201d.<\/em><\/strong><\/p>\n\n\n\n<p>\u201c<em>Las empresas contactan y hay grupos que son sensibles a ese tipo de presiones. Pero hay que tener en cuenta que en la lista de oradores no hay ninguna empresa y esto se ha dicho poco. Podr\u00edan haber estado, pero se fren\u00f3. Pero por supuesto que hay presiones\u201d<\/em>, explica la diputada en referencia a la cuesti\u00f3n sobre intereses de terceras personas que busquen influenciar el proceso.<\/p>\n\n\n\n<p>La diputada de <strong>Unidas Podemos no entiende que alguien pueda sentir traici\u00f3n al respecto de los pasos que se est\u00e1n dando hacia una regulaci\u00f3n del cannabis medicinal, ni por las propuestas de regulaci\u00f3n integral del cannabis<\/strong> que se est\u00e1n lanzando desde su partido. <mark style=\"background-color:rgba(0, 0, 0, 0)\" class=\"has-inline-color has-luminous-vivid-orange-color\"><em>\u201cHemos tenido reuniones con todos los miembros de la sociedad civil, hemos incluido sus propuestas en nuestros documentos, hicimos unas <a href=\"https:\/\/www.cannabis.es\/pw\/2021\/11\/30\/up-lidera-la-regulacion-con-la-sociedad-civil-pero-sin-el-psoe\/\">jornadas en el congreso con todas las organizaciones<\/a> para que nos pudieran trasladar sus inquietudes cara a cara y hemos emplazado a que nos env\u00eden nuevas propuestas o enmendar el texto por escrito\u201d<\/em>,<\/mark> resuelve Mu\u00f1oz Dalda. <em>\u201cLas conclusiones de la subcomisi\u00f3n pienso que van a ser favorables a la regulaci\u00f3n. Lo que no s\u00e9 es c\u00f3mo va a ser ese modelo de regulaci\u00f3n. He defendido siempre que la dimensi\u00f3n medicinal sea compatible con la ley que hemos propuesto, ya que esta subcomisi\u00f3n solo se ocupa del cannabis medicinal y se van a dejar muchas cosas fueras que se contemplan en nuestra propuesta de legislaci\u00f3n integral\u201d,<\/em> concluye.<\/p>\n\n\n\n<h2 class=\"wp-block-heading\"><strong>Josune Gorospe (EAJ-PNV)<\/strong><\/h2>\n\n\n\n<p>La diputada no pudo adelantarnos las personas que participar\u00e1n en la pr\u00f3xima sesi\u00f3n, puesto que, por cuestiones de agenda, a\u00fan no se ha contactado con ellas. <em>\u201cDurante la elecci\u00f3n de la lista, lo que pretendimos fue hacer una lista que contara con el acuerdo de todos los grupos parlamentarios, pero aportando nuestro criterio al respecto\u201d<\/em>, resume Gorospe, confirmando las palabras de Mu\u00f1oz Dalda sobre el sistema de elecci\u00f3n.<\/p>\n\n\n\n<p>Gorospe afirma que se va a atender a criterios persona que tienen experiencias en gesti\u00f3n gubernamental y que se aportar\u00e1n datos con base cient\u00edfica. <em><mark style=\"background-color:rgba(0, 0, 0, 0)\" class=\"has-inline-color has-luminous-vivid-orange-color\">\u201cNo creo que haya nadie que critique que esos programas estatales se hayan puesto en marcha sin evidencia cient\u00edfica. Se trataba de eso, que estas personas invitadas traigan sus pruebas periciales y cient\u00edficas, d\u00e1ndonos un ejemplo de c\u00f3mo est\u00e1n funcionando, los resultados que esperaban contra los que han obtenido y, sobre todo, esta base cient\u00edfica en la que se sostienen\u201d<\/mark>. <\/em>La diputada a\u00f1ade que, si alguien echase de menos m\u00e1s representaci\u00f3n, es que <a href=\"https:\/\/www.cannabis.es\/pw\/2022\/02\/14\/organizaciones-cannabicas-marchan-contra-la-ley-mordaza-junto-a-no-somos-delito\/\">quiz\u00e1s no hayan tenido m\u00e1s soporte<\/a> por parte de alg\u00fan grupo representante.<\/p>\n\n\n\n<p>Gorospe no cree que haya presiones por parte de grupos para conseguir una regulaci\u00f3n al gusto. <em>\u201cEs indudable que a los grupos parlamentarios se les llama, se les aporta documentaci\u00f3n, informes desde distintos observatorios, \u00e1mbitos, nos llega la informaci\u00f3n&#8230; Pero <strong>quien va a tomar la decisi\u00f3n en este caso no va a ser el Congreso. Se resolver\u00e1n algunas conclusiones, seg\u00fan lo que se exponga, pero luego se remitir\u00e1n a la sede de Gobierno para que, quiz\u00e1s desde la AEMPS u otra organizaci\u00f3n similar, estudien, valoren y prueben si pueden hacer algo<\/strong>. No creo que haya una propuesta de regulaci\u00f3n concreta, pero la informaci\u00f3n llega y la gente nos env\u00eda esos documentos que menciono\u201d.<\/em> Josune Gorospe valora mucho que se haya llegado a este punto de conversaci\u00f3n en \u201ctono respetuoso\u201d, contribuyendo a la aproximaci\u00f3n a un debate sobre un tema controvertido con posiciones polarizadas. <em>\u201cEntiendo el escepticismo, pero hago una lectura al respecto de cada paso que se est\u00e1 dando, a pesar que, para las personas activistas que tienen largas trayectorias y trabajo, les pueda parecer poco. <strong>Mi lectura es que estamos dando pasos positivos<\/strong> de afrontar el debate con serenidad, que <a href=\"https:\/\/www.cannabis.es\/pw\/2021\/04\/23\/josune-gorospe-eaj-pnv-nuestros-discursos-defendieron-la-regulacion-integral-del-cannabis\/\">es lo que estamos defendiendo desde el principio<\/a>\u201d.<\/em> La diputada pide a las personas m\u00e1s esc\u00e9pticas y pesimistas, que miren hacia atr\u00e1s y se den cuenta de la cantidad de a\u00f1os que han pasado, durante los que ha sido imposible que se diera una subcomisi\u00f3n como la actual. <em><strong>\u201cNunca ha sido posible. Estamos en ello\u201d.<\/strong><\/em><\/p>\n\n\n\n<p>La siguiente sesi\u00f3n est\u00e1 prevista para el d\u00eda 28 de marzo y dar\u00e1 la oportunidad de escuchar a ocho ponentes, en horario de ma\u00f1ana y tarde. La siguiente, el 19 de Abril.<\/p>\n","protected":false},"excerpt":{"rendered":"<span class=\"span-reading-time rt-reading-time\" style=\"display: block;\"><span class=\"rt-label rt-prefix\">Tiempo de lectura:<\/span> <span class=\"rt-time\"> 6<\/span> <span class=\"rt-label rt-postfix\">minutos<\/span><\/span>Benito D\u00edaz El pasado ocho de marzo, comenzaban las ponencias p\u00fablicas en la subcomisi\u00f3n del Congreso de los Diputados que analiza las posibilidades del cannabis en su aplicaci\u00f3n terap\u00e9utica. Para ello, representantes pol\u00edticos escucharon distintas intervenciones de personal experto en la materia, dirigentes de organizaciones como la AEMPS, farmac\u00f3logos, psic\u00f3logas y m\u00e9dicas. Conversamos con algunas [&hellip;]","protected":false},"author":3,"featured_media":8214,"comment_status":"closed","ping_status":"closed","sticky":false,"template":"","format":"standard","meta":{"loftocean-featured-post":"","loftocean_post_format_gallery":"","loftocean_post_format_gallery_ids":"","loftocean_post_format_gallery_urls":"","loftocean_post_format_video_id":"","loftocean_post_format_video_url":"","loftocean_post_format_video_type":"","loftocean_post_format_video":"","loftocean_post_format_audio_type":"","loftocean_post_format_audio_url":"","loftocean_post_format_audio_id":"","loftocean_post_format_audio":"","loftocean_post_format_quote_text":"","loftocean_post_format_quote_byline":"","loftocean_post_format_link_text":"","loftocean_post_format_link_url":"","ceramag_post_header_style":"","ceramag_enable_background_video":"","ceramag_show_in_top_slider":"","ceramag_post_background_video_start":"","ceramag_post_background_video_end":"","loftocean_page_background_video_id":"","loftocean_page_background_video_url":"","loftocean_page_background_video_type":"","loftocean_page_background_video":"","ceramag_background_video_start":"","ceramag_background_video_end":"","ceramag_single_page_hide_header":"","footnotes":""},"categories":[35],"tags":[43,52,42],"class_list":["post-8212","post","type-post","status-publish","format-standard","has-post-thumbnail","hentry","category-politica-y-sociedad","tag-benito-diaz","tag-cannabis-medicinal","tag-politica"],"yoast_head":"<!-- This site is optimized with the Yoast SEO plugin v24.9 - https:\/\/yoast.com\/wordpress\/plugins\/seo\/ -->\n<title>Primeras impresiones de la subcomisi\u00f3n del Congreso para el cannabis medicinal<\/title>\n<meta name=\"description\" content=\"Entrada &#8226; Portal multimedia sobre cannabis y otras sustancias &#8226; 21 marzo, 2022\" \/>\n<meta name=\"robots\" content=\"index, follow, max-snippet:-1, max-image-preview:large, max-video-preview:-1\" \/>\n<link rel=\"canonical\" href=\"https:\/\/www.cannabis.es\/pw\/2022\/03\/21\/primeras-impresiones-de-la-subcomision-del-congreso-para-el-cannabis-medicinal\/\" \/>\n<meta name=\"twitter:card\" content=\"summary_large_image\" \/>\n<meta name=\"twitter:title\" content=\"Primeras impresiones de la subcomisi\u00f3n del Congreso para el cannabis medicinal\" \/>\n<meta name=\"twitter:description\" content=\"Entrada &#8226; Portal multimedia sobre cannabis y otras sustancias &#8226; 21 marzo, 2022\" \/>\n<meta name=\"twitter:image\" content=\"https:\/\/www.cannabis.es\/pw\/wp-content\/uploads\/2022\/03\/valoracion-subcomision-portada.jpg\" \/>\n<meta name=\"twitter:creator\" content=\"@cannabis_es\" \/>\n<meta name=\"twitter:site\" content=\"@cannabis_es\" \/>\n<meta name=\"twitter:label1\" content=\"Escrito por\" \/>\n\t<meta name=\"twitter:data1\" content=\"Cannabis.es\" \/>\n\t<meta name=\"twitter:label2\" content=\"Tiempo de lectura\" \/>\n\t<meta name=\"twitter:data2\" content=\"8 minutos\" \/>\n<script type=\"application\/ld+json\" class=\"yoast-schema-graph\">{\"@context\":\"https:\/\/schema.org\",\"@graph\":[{\"@type\":\"Article\",\"@id\":\"https:\/\/www.cannabis.es\/pw\/2022\/03\/21\/primeras-impresiones-de-la-subcomision-del-congreso-para-el-cannabis-medicinal\/#article\",\"isPartOf\":{\"@id\":\"https:\/\/www.cannabis.es\/pw\/2022\/03\/21\/primeras-impresiones-de-la-subcomision-del-congreso-para-el-cannabis-medicinal\/\"},\"author\":{\"name\":\"Cannabis.es\",\"@id\":\"https:\/\/www.cannabis.es\/pw\/#\/schema\/person\/ec770c03f3e99d770687f537f4ba1e89\"},\"headline\":\"Primeras impresiones de la subcomisi\u00f3n del Congreso para el cannabis medicinal\",\"datePublished\":\"2022-03-21T12:28:33+00:00\",\"dateModified\":\"2022-03-21T12:28:34+00:00\",\"mainEntityOfPage\":{\"@id\":\"https:\/\/www.cannabis.es\/pw\/2022\/03\/21\/primeras-impresiones-de-la-subcomision-del-congreso-para-el-cannabis-medicinal\/\"},\"wordCount\":1766,\"publisher\":{\"@id\":\"https:\/\/www.cannabis.es\/pw\/#organization\"},\"image\":{\"@id\":\"https:\/\/www.cannabis.es\/pw\/2022\/03\/21\/primeras-impresiones-de-la-subcomision-del-congreso-para-el-cannabis-medicinal\/#primaryimage\"},\"thumbnailUrl\":\"https:\/\/www.cannabis.es\/pw\/wp-content\/uploads\/2022\/03\/valoracion-subcomision-portada.jpg\",\"keywords\":[\"Benito D\u00edaz\",\"cannabis medicinal\",\"pol\u00edtica\"],\"articleSection\":[\"Pol\u00edtica y Sociedad\"],\"inLanguage\":\"es\"},{\"@type\":\"WebPage\",\"@id\":\"https:\/\/www.cannabis.es\/pw\/2022\/03\/21\/primeras-impresiones-de-la-subcomision-del-congreso-para-el-cannabis-medicinal\/\",\"url\":\"https:\/\/www.cannabis.es\/pw\/2022\/03\/21\/primeras-impresiones-de-la-subcomision-del-congreso-para-el-cannabis-medicinal\/\",\"name\":\"Primeras impresiones de la subcomisi\u00f3n del Congreso para el cannabis medicinal\",\"isPartOf\":{\"@id\":\"https:\/\/www.cannabis.es\/pw\/#website\"},\"primaryImageOfPage\":{\"@id\":\"https:\/\/www.cannabis.es\/pw\/2022\/03\/21\/primeras-impresiones-de-la-subcomision-del-congreso-para-el-cannabis-medicinal\/#primaryimage\"},\"image\":{\"@id\":\"https:\/\/www.cannabis.es\/pw\/2022\/03\/21\/primeras-impresiones-de-la-subcomision-del-congreso-para-el-cannabis-medicinal\/#primaryimage\"},\"thumbnailUrl\":\"https:\/\/www.cannabis.es\/pw\/wp-content\/uploads\/2022\/03\/valoracion-subcomision-portada.jpg\",\"datePublished\":\"2022-03-21T12:28:33+00:00\",\"dateModified\":\"2022-03-21T12:28:34+00:00\",\"description\":\"Entrada &#8226; Portal multimedia sobre cannabis y otras sustancias &#8226; 21 marzo, 2022\",\"breadcrumb\":{\"@id\":\"https:\/\/www.cannabis.es\/pw\/2022\/03\/21\/primeras-impresiones-de-la-subcomision-del-congreso-para-el-cannabis-medicinal\/#breadcrumb\"},\"inLanguage\":\"es\",\"potentialAction\":[{\"@type\":\"ReadAction\",\"target\":[\"https:\/\/www.cannabis.es\/pw\/2022\/03\/21\/primeras-impresiones-de-la-subcomision-del-congreso-para-el-cannabis-medicinal\/\"]}]},{\"@type\":\"ImageObject\",\"inLanguage\":\"es\",\"@id\":\"https:\/\/www.cannabis.es\/pw\/2022\/03\/21\/primeras-impresiones-de-la-subcomision-del-congreso-para-el-cannabis-medicinal\/#primaryimage\",\"url\":\"https:\/\/www.cannabis.es\/pw\/wp-content\/uploads\/2022\/03\/valoracion-subcomision-portada.jpg\",\"contentUrl\":\"https:\/\/www.cannabis.es\/pw\/wp-content\/uploads\/2022\/03\/valoracion-subcomision-portada.jpg\",\"width\":804,\"height\":532},{\"@type\":\"BreadcrumbList\",\"@id\":\"https:\/\/www.cannabis.es\/pw\/2022\/03\/21\/primeras-impresiones-de-la-subcomision-del-congreso-para-el-cannabis-medicinal\/#breadcrumb\",\"itemListElement\":[{\"@type\":\"ListItem\",\"position\":1,\"name\":\"Portada\",\"item\":\"http:\/\/www.cannabis.es\/pw\/\"},{\"@type\":\"ListItem\",\"position\":2,\"name\":\"Primeras impresiones de la subcomisi\u00f3n del Congreso para el cannabis medicinal\"}]},{\"@type\":\"WebSite\",\"@id\":\"https:\/\/www.cannabis.es\/pw\/#website\",\"url\":\"https:\/\/www.cannabis.es\/pw\/\",\"name\":\"Cannabis\",\"description\":\"Portal multimedia sobre cannabis y otras sustancias\",\"publisher\":{\"@id\":\"https:\/\/www.cannabis.es\/pw\/#organization\"},\"potentialAction\":[{\"@type\":\"SearchAction\",\"target\":{\"@type\":\"EntryPoint\",\"urlTemplate\":\"https:\/\/www.cannabis.es\/pw\/?s={search_term_string}\"},\"query-input\":{\"@type\":\"PropertyValueSpecification\",\"valueRequired\":true,\"valueName\":\"search_term_string\"}}],\"inLanguage\":\"es\"},{\"@type\":\"Organization\",\"@id\":\"https:\/\/www.cannabis.es\/pw\/#organization\",\"name\":\"Cannabis.es\",\"url\":\"https:\/\/www.cannabis.es\/pw\/\",\"logo\":{\"@type\":\"ImageObject\",\"inLanguage\":\"es\",\"@id\":\"https:\/\/www.cannabis.es\/pw\/#\/schema\/logo\/image\/\",\"url\":\"https:\/\/www.cannabis.es\/pw\/wp-content\/uploads\/2019\/04\/cropped-logo_cannabis.png\",\"contentUrl\":\"https:\/\/www.cannabis.es\/pw\/wp-content\/uploads\/2019\/04\/cropped-logo_cannabis.png\",\"width\":361,\"height\":120,\"caption\":\"Cannabis.es\"},\"image\":{\"@id\":\"https:\/\/www.cannabis.es\/pw\/#\/schema\/logo\/image\/\"},\"sameAs\":[\"https:\/\/x.com\/cannabis_es\"]},{\"@type\":\"Person\",\"@id\":\"https:\/\/www.cannabis.es\/pw\/#\/schema\/person\/ec770c03f3e99d770687f537f4ba1e89\",\"name\":\"Cannabis.es\",\"image\":{\"@type\":\"ImageObject\",\"inLanguage\":\"es\",\"@id\":\"https:\/\/www.cannabis.es\/pw\/#\/schema\/person\/image\/\",\"url\":\"https:\/\/secure.gravatar.com\/avatar\/810c93a3d6fadc3d9c2665b1d919a4aedea8ed4dd63689d001e985a804e90d83?s=96&d=mm&r=g\",\"contentUrl\":\"https:\/\/secure.gravatar.com\/avatar\/810c93a3d6fadc3d9c2665b1d919a4aedea8ed4dd63689d001e985a804e90d83?s=96&d=mm&r=g\",\"caption\":\"Cannabis.es\"},\"url\":\"https:\/\/www.cannabis.es\/pw\/author\/arnau\/\"}]}<\/script>\n<!-- \/ Yoast SEO plugin. -->","yoast_head_json":{"title":"Primeras impresiones de la subcomisi\u00f3n del Congreso para el cannabis medicinal","description":"Entrada &#8226; Portal multimedia sobre cannabis y otras sustancias &#8226; 21 marzo, 2022","robots":{"index":"index","follow":"follow","max-snippet":"max-snippet:-1","max-image-preview":"max-image-preview:large","max-video-preview":"max-video-preview:-1"},"canonical":"https:\/\/www.cannabis.es\/pw\/2022\/03\/21\/primeras-impresiones-de-la-subcomision-del-congreso-para-el-cannabis-medicinal\/","twitter_card":"summary_large_image","twitter_title":"Primeras impresiones de la subcomisi\u00f3n del Congreso para el cannabis medicinal","twitter_description":"Entrada &#8226; Portal multimedia sobre cannabis y otras sustancias &#8226; 21 marzo, 2022","twitter_image":"https:\/\/www.cannabis.es\/pw\/wp-content\/uploads\/2022\/03\/valoracion-subcomision-portada.jpg","twitter_creator":"@cannabis_es","twitter_site":"@cannabis_es","twitter_misc":{"Escrito por":"Cannabis.es","Tiempo de lectura":"8 minutos"},"schema":{"@context":"https:\/\/schema.org","@graph":[{"@type":"Article","@id":"https:\/\/www.cannabis.es\/pw\/2022\/03\/21\/primeras-impresiones-de-la-subcomision-del-congreso-para-el-cannabis-medicinal\/#article","isPartOf":{"@id":"https:\/\/www.cannabis.es\/pw\/2022\/03\/21\/primeras-impresiones-de-la-subcomision-del-congreso-para-el-cannabis-medicinal\/"},"author":{"name":"Cannabis.es","@id":"https:\/\/www.cannabis.es\/pw\/#\/schema\/person\/ec770c03f3e99d770687f537f4ba1e89"},"headline":"Primeras impresiones de la subcomisi\u00f3n del Congreso para el cannabis medicinal","datePublished":"2022-03-21T12:28:33+00:00","dateModified":"2022-03-21T12:28:34+00:00","mainEntityOfPage":{"@id":"https:\/\/www.cannabis.es\/pw\/2022\/03\/21\/primeras-impresiones-de-la-subcomision-del-congreso-para-el-cannabis-medicinal\/"},"wordCount":1766,"publisher":{"@id":"https:\/\/www.cannabis.es\/pw\/#organization"},"image":{"@id":"https:\/\/www.cannabis.es\/pw\/2022\/03\/21\/primeras-impresiones-de-la-subcomision-del-congreso-para-el-cannabis-medicinal\/#primaryimage"},"thumbnailUrl":"https:\/\/www.cannabis.es\/pw\/wp-content\/uploads\/2022\/03\/valoracion-subcomision-portada.jpg","keywords":["Benito D\u00edaz","cannabis medicinal","pol\u00edtica"],"articleSection":["Pol\u00edtica y Sociedad"],"inLanguage":"es"},{"@type":"WebPage","@id":"https:\/\/www.cannabis.es\/pw\/2022\/03\/21\/primeras-impresiones-de-la-subcomision-del-congreso-para-el-cannabis-medicinal\/","url":"https:\/\/www.cannabis.es\/pw\/2022\/03\/21\/primeras-impresiones-de-la-subcomision-del-congreso-para-el-cannabis-medicinal\/","name":"Primeras impresiones de la subcomisi\u00f3n del Congreso para el cannabis medicinal","isPartOf":{"@id":"https:\/\/www.cannabis.es\/pw\/#website"},"primaryImageOfPage":{"@id":"https:\/\/www.cannabis.es\/pw\/2022\/03\/21\/primeras-impresiones-de-la-subcomision-del-congreso-para-el-cannabis-medicinal\/#primaryimage"},"image":{"@id":"https:\/\/www.cannabis.es\/pw\/2022\/03\/21\/primeras-impresiones-de-la-subcomision-del-congreso-para-el-cannabis-medicinal\/#primaryimage"},"thumbnailUrl":"https:\/\/www.cannabis.es\/pw\/wp-content\/uploads\/2022\/03\/valoracion-subcomision-portada.jpg","datePublished":"2022-03-21T12:28:33+00:00","dateModified":"2022-03-21T12:28:34+00:00","description":"Entrada &#8226; Portal multimedia sobre cannabis y otras sustancias &#8226; 21 marzo, 2022","breadcrumb":{"@id":"https:\/\/www.cannabis.es\/pw\/2022\/03\/21\/primeras-impresiones-de-la-subcomision-del-congreso-para-el-cannabis-medicinal\/#breadcrumb"},"inLanguage":"es","potentialAction":[{"@type":"ReadAction","target":["https:\/\/www.cannabis.es\/pw\/2022\/03\/21\/primeras-impresiones-de-la-subcomision-del-congreso-para-el-cannabis-medicinal\/"]}]},{"@type":"ImageObject","inLanguage":"es","@id":"https:\/\/www.cannabis.es\/pw\/2022\/03\/21\/primeras-impresiones-de-la-subcomision-del-congreso-para-el-cannabis-medicinal\/#primaryimage","url":"https:\/\/www.cannabis.es\/pw\/wp-content\/uploads\/2022\/03\/valoracion-subcomision-portada.jpg","contentUrl":"https:\/\/www.cannabis.es\/pw\/wp-content\/uploads\/2022\/03\/valoracion-subcomision-portada.jpg","width":804,"height":532},{"@type":"BreadcrumbList","@id":"https:\/\/www.cannabis.es\/pw\/2022\/03\/21\/primeras-impresiones-de-la-subcomision-del-congreso-para-el-cannabis-medicinal\/#breadcrumb","itemListElement":[{"@type":"ListItem","position":1,"name":"Portada","item":"http:\/\/www.cannabis.es\/pw\/"},{"@type":"ListItem","position":2,"name":"Primeras impresiones de la subcomisi\u00f3n del Congreso para el cannabis medicinal"}]},{"@type":"WebSite","@id":"https:\/\/www.cannabis.es\/pw\/#website","url":"https:\/\/www.cannabis.es\/pw\/","name":"Cannabis","description":"Portal multimedia sobre cannabis y otras sustancias","publisher":{"@id":"https:\/\/www.cannabis.es\/pw\/#organization"},"potentialAction":[{"@type":"SearchAction","target":{"@type":"EntryPoint","urlTemplate":"https:\/\/www.cannabis.es\/pw\/?s={search_term_string}"},"query-input":{"@type":"PropertyValueSpecification","valueRequired":true,"valueName":"search_term_string"}}],"inLanguage":"es"},{"@type":"Organization","@id":"https:\/\/www.cannabis.es\/pw\/#organization","name":"Cannabis.es","url":"https:\/\/www.cannabis.es\/pw\/","logo":{"@type":"ImageObject","inLanguage":"es","@id":"https:\/\/www.cannabis.es\/pw\/#\/schema\/logo\/image\/","url":"https:\/\/www.cannabis.es\/pw\/wp-content\/uploads\/2019\/04\/cropped-logo_cannabis.png","contentUrl":"https:\/\/www.cannabis.es\/pw\/wp-content\/uploads\/2019\/04\/cropped-logo_cannabis.png","width":361,"height":120,"caption":"Cannabis.es"},"image":{"@id":"https:\/\/www.cannabis.es\/pw\/#\/schema\/logo\/image\/"},"sameAs":["https:\/\/x.com\/cannabis_es"]},{"@type":"Person","@id":"https:\/\/www.cannabis.es\/pw\/#\/schema\/person\/ec770c03f3e99d770687f537f4ba1e89","name":"Cannabis.es","image":{"@type":"ImageObject","inLanguage":"es","@id":"https:\/\/www.cannabis.es\/pw\/#\/schema\/person\/image\/","url":"https:\/\/secure.gravatar.com\/avatar\/810c93a3d6fadc3d9c2665b1d919a4aedea8ed4dd63689d001e985a804e90d83?s=96&d=mm&r=g","contentUrl":"https:\/\/secure.gravatar.com\/avatar\/810c93a3d6fadc3d9c2665b1d919a4aedea8ed4dd63689d001e985a804e90d83?s=96&d=mm&r=g","caption":"Cannabis.es"},"url":"https:\/\/www.cannabis.es\/pw\/author\/arnau\/"}]}},"_links":{"self":[{"href":"https:\/\/www.cannabis.es\/pw\/wp-json\/wp\/v2\/posts\/8212","targetHints":{"allow":["GET"]}}],"collection":[{"href":"https:\/\/www.cannabis.es\/pw\/wp-json\/wp\/v2\/posts"}],"about":[{"href":"https:\/\/www.cannabis.es\/pw\/wp-json\/wp\/v2\/types\/post"}],"author":[{"embeddable":true,"href":"https:\/\/www.cannabis.es\/pw\/wp-json\/wp\/v2\/users\/3"}],"replies":[{"embeddable":true,"href":"https:\/\/www.cannabis.es\/pw\/wp-json\/wp\/v2\/comments?post=8212"}],"version-history":[{"count":2,"href":"https:\/\/www.cannabis.es\/pw\/wp-json\/wp\/v2\/posts\/8212\/revisions"}],"predecessor-version":[{"id":8215,"href":"https:\/\/www.cannabis.es\/pw\/wp-json\/wp\/v2\/posts\/8212\/revisions\/8215"}],"wp:featuredmedia":[{"embeddable":true,"href":"https:\/\/www.cannabis.es\/pw\/wp-json\/wp\/v2\/media\/8214"}],"wp:attachment":[{"href":"https:\/\/www.cannabis.es\/pw\/wp-json\/wp\/v2\/media?parent=8212"}],"wp:term":[{"taxonomy":"category","embeddable":true,"href":"https:\/\/www.cannabis.es\/pw\/wp-json\/wp\/v2\/categories?post=8212"},{"taxonomy":"post_tag","embeddable":true,"href":"https:\/\/www.cannabis.es\/pw\/wp-json\/wp\/v2\/tags?post=8212"}],"curies":[{"name":"wp","href":"https:\/\/api.w.org\/{rel}","templated":true}]}}