{"id":8217,"date":"2022-03-22T12:28:37","date_gmt":"2022-03-22T11:28:37","guid":{"rendered":"https:\/\/www.cannabis.es\/pw\/?p=8217"},"modified":"2022-03-22T12:28:38","modified_gmt":"2022-03-22T11:28:38","slug":"grupos-civiles-del-mundo-piden-a-la-onu-el-fin-de-la-prohibicion-de-la-cannabis","status":"publish","type":"post","link":"https:\/\/www.cannabis.es\/pw\/2022\/03\/22\/grupos-civiles-del-mundo-piden-a-la-onu-el-fin-de-la-prohibicion-de-la-cannabis\/","title":{"rendered":"Grupos civiles del mundo piden a la ONU el fin de la prohibici\u00f3n de la cannabis"},"content":{"rendered":"\n<p>Comunicado OECCC\/ Arnau Alcaide<\/p>\n\n\n\n<p>Grupos de activistas de la sociedad civil de Canad\u00e1, Argentina, Chile, Espa\u00f1a, Uruguay y Viena, defensores de los Derechos Humanos, ponen su voz a una en una intervenci\u00f3n contra la prohibici\u00f3n de la cannabis en la 65 edici\u00f3n de la Comisi\u00f3n de Estupefacientes de las Naciones Unidas.<\/p>\n\n\n\n<p>Colectivos como el Grupo de Mujeres de la Argentina (GMAF) o el Observatorio Europeo de Consumo y Cultivo de Cannabis (OECCC) han sido representados por la portavoc\u00eda del abogado H\u00e9ctor Brotons una vez m\u00e1s ante los Gobiernos de la ONU durante la CND 65 para denunciar ineficacia pol\u00edtica de prohibir el cultivo y consumo de cannabis. Estas organizaciones ya hablaron en el plenario de la <a href=\"https:\/\/www.cannabis.es\/pw\/2020\/04\/22\/el-oeccc-defiende-el-cannabis-en-la-comision-de-estupefacientes-de-la-onu\/\">CND 63<\/a> sobre la regulaci\u00f3n del cannabis, as\u00ed como en la <a href=\"https:\/\/www.cannabis.es\/pw\/2021\/04\/19\/carl-hart-en-el-evento-complementario-del-cnd2021-las-personas-deben-tener-derecho-a-buscar-el-placer-o-la-felicidad-con-el-cannabis-o-cualquier-otra-sustancia\/\">CND 64.<\/a><\/p>\n\n\n\n<figure class=\"wp-block-embed is-type-rich is-provider-twitter wp-block-embed-twitter\"><div class=\"wp-block-embed__wrapper\">\n<blockquote class=\"twitter-tweet\" data-width=\"550\" data-dnt=\"true\"><p lang=\"en\" dir=\"ltr\"><a href=\"https:\/\/twitter.com\/hashtag\/CND65?src=hash&amp;ref_src=twsrc%5Etfw\">#CND65<\/a> was held in a hybrid format from 14-18 March 2022. <br>1350 participants discussed how to strengthen multi-stakeholder cooperation to build back better and address the world drug problem \ud83c\udf9e\ufe0f \u2935\ufe0f <a href=\"https:\/\/t.co\/3lvEZliMrX\">pic.twitter.com\/3lvEZliMrX<\/a><\/p>&mdash; UN Office on Drugs &amp; Crime (@UNODC) <a href=\"https:\/\/twitter.com\/UNODC\/status\/1505967572008767497?ref_src=twsrc%5Etfw\">March 21, 2022<\/a><\/blockquote><script async src=\"https:\/\/platform.twitter.com\/widgets.js\" charset=\"utf-8\"><\/script>\n<\/div><\/figure>\n\n\n\n<p>La reclasificaci\u00f3n del cannabis en los Convenios fue una de las recomendaciones realizadas por en la CND 63. As\u00ed, la intervenci\u00f3n de Brotons se\u00f1al\u00f3 la <strong>mejora en programas de cannabis medicinal e investigacione<\/strong>s que han aumentado las evidencias cient\u00edficas. Por otro lado contin\u00faan en muchos pa\u00edses los <strong>castigos, detenciones arbitrarias y discriminaciones a personas por la tenencia y autocultivo de su medicina<\/strong>. Al mismo tiempo, se usan <strong>criterios no cient\u00edficos en la definici\u00f3n de cannabis<\/strong>, ya que se consideran su flor como droga, sin usar el \u00edndice de psicoactividad, tal y como recomienda la ONU.<\/p>\n\n\n\n<p>Un punto clave de la intervenci\u00f3n fue el autocultivo medicinal. Brotons detall\u00f3 que: <em><mark style=\"background-color:rgba(0, 0, 0, 0)\" class=\"has-inline-color has-luminous-vivid-orange-color\">\u201cEl orden eminentemente prohibicionista tambi\u00e9n genera problemas legales y de salud a usuarios medicinales del cannabis, sobre todo en el caso de aquellos que optan por autocultivar. Cuando el autocultivo, con seguimiento m\u00e9dico, ha sido regulado en distintos pa\u00edses, no tiene porqu\u00e9 ser inseguro y deber ser respetado como elecci\u00f3n personal\u201d.<\/mark><\/em><\/p>\n\n\n\n<p>Tambi\u00e9n destac\u00f3 que es necesario <a href=\"https:\/\/www.cannabis.es\/pw\/2020\/09\/16\/como-regular-el-cannabis-para-desarrollar-la-agenda-2030\/\">alinear las pol\u00edticas p\u00fablicas de Cannabis con la Agenda 2030<\/a>, tal y como se detalla en el informe publicado realizado por estas organizaciones. Por estos motivos denuncian la ineficacia de prohibir el cultivo y consumo de cannabis y hacen 3 recomendaciones:<\/p>\n\n\n\n<ul class=\"wp-block-list\"><li>Que se <strong>anule la fiscalizaci\u00f3n<\/strong> internacional del cannabis, profundizando en las <strong>recomendaciones de la OMS enfocadas a garantizar el acceso al cannabis<\/strong> para quienes lo necesitan, y proteger el derecho a la salud.<\/li><li>Que, desde las autoridades de fiscalizaci\u00f3n, <strong>cese inminentemente la represi\u00f3n, la criminalizaci\u00f3n y la estigmatizaci\u00f3n de las personas que usan cannabis<\/strong>, o que lo cultivan para s\u00ed (individual o colectivamente) amparados por sus derechos.<\/li><li>Que se incluyan, en el programa de trabajo 2019- 2029, objetivos sobre las pol\u00edticas de cannabis desde la perspectiva de los derechos fundamentales y del desarrollo sostenible: \u201cPongamos a las personas en el centro\u00bb.<\/li><\/ul>\n\n\n\n<figure class=\"wp-block-image size-full\"><img loading=\"lazy\" decoding=\"async\" width=\"804\" height=\"532\" src=\"https:\/\/www.cannabis.es\/pw\/wp-content\/uploads\/2022\/03\/conferencia-onu-brotons-portada.jpg\" alt=\"\" class=\"wp-image-8220\" srcset=\"https:\/\/www.cannabis.es\/pw\/wp-content\/uploads\/2022\/03\/conferencia-onu-brotons-portada.jpg 804w, https:\/\/www.cannabis.es\/pw\/wp-content\/uploads\/2022\/03\/conferencia-onu-brotons-portada-300x199.jpg 300w, https:\/\/www.cannabis.es\/pw\/wp-content\/uploads\/2022\/03\/conferencia-onu-brotons-portada-768x508.jpg 768w, https:\/\/www.cannabis.es\/pw\/wp-content\/uploads\/2022\/03\/conferencia-onu-brotons-portada-600x397.jpg 600w\" sizes=\"auto, (max-width: 804px) 100vw, 804px\" \/><\/figure>\n\n\n\n<h2 class=\"wp-block-heading\">La intervenci\u00f3n de H\u00e9ctor Brotons<\/h2>\n\n\n\n<p><em>En primer lugar, agradecer la posibilidad de hablar en este plenario, al igual que hicimos en la 63 sesi\u00f3n de la CND.<\/em><\/p>\n\n\n\n<p><em>Desde entonces, <strong>se ha producido el cambio de clasificaci\u00f3n<\/strong> del cannabis en las listas anexas a los Convenios de fiscalizaci\u00f3n de drogas. Siendo este uno los tres reclamos que solicit\u00e1bamos desde 2 de las actuales organizaciones firmantes.<\/em><\/p>\n\n\n\n<p><em>Igualmente, <strong>han aumentado los programas de cannabis <\/strong>medicinal en diferentes estados. <strong>Se ha mejorado las investigaciones y han confirmado la evidencia cient\u00edfica<\/strong> del uso de cannabis para tratar trastornos, enfermedades e incluso para mejorar la calidad de vida.<\/em><\/p>\n\n\n\n<p><em>Por el contrario, <strong>las leyes represivas sobre el cannabis<\/strong>, despu\u00e9s de casi un siglo de fiscalizaci\u00f3n,<strong> siguen sin apoyarse en estudio cient\u00edfico<\/strong> espec\u00edfico, que respalde su supuesta peligrosidad, <strong>y producen criminalidad <\/strong>de estado que afecta a los niveles democr\u00e1ticos de estos. <strong>La fiscalizaci\u00f3n no ha reducido los problemas ni cualitativos ni cuantitativos <\/strong>en cuanto al tr\u00e1fico de drogas y a su consumo.<\/em><\/p>\n\n\n\n<p><em>Al respecto podemos decir que hay pa\u00edses que han realizado normas internas, registrando a personas para tener su medicina natural y tradicional, pero se ha visto que muchas personas han vivido <strong>detenciones arbitrarias<\/strong> o se les ha cuestionado su documentaci\u00f3n, como as\u00ed tambi\u00e9n han vivido <strong>persecuci\u00f3n defensores y defensoras de Derechos Humanos<\/strong>, por eso reclamamos el acompa\u00f1amiento de los organismos internacionales para vigilar las recomendaciones de las Naciones Unidas referente al uso de cannabis. Siendo los que aqu\u00ed exponemos, profesionales e investigadores para dar nuestro aporte a la ciencia y a la comunidad internacional, se han de respetar nuestros espacios conformados para dicho fin (organizaciones, asociaciones de usuarios de cannabis, cooperativas, Federaciones, etc.).<\/em><\/p>\n\n\n\n<p><em>As\u00ed mismo, siguen habiendo criterios no cient\u00edficos en la definici\u00f3n del concepto de cannabis. Por ejemplo, se sigue considerando la flor de cannabis como estupefaciente independientemente de su toxicidad: es el caso del c\u00e1\u00f1amo industrial. Por ello, es necesario avanzar en las recomendaciones de la OMS y<strong> descartar del concepto de cannabis fiscalizado plantas con el % de THC m\u00ednimo.<\/strong><\/em><\/p>\n\n\n\n<p><em>En este sentido, el orden preminentemente <strong>prohibicionista tambi\u00e9n genera problemas legales y de salud a usuarios medicinales del cannabis<\/strong>, sobre todo en el caso de aquellos que optan por cultivar su propio cannabis. Cuando el autocultivo, con seguimiento m\u00e9dico ha sido regulado en distintos pa\u00edses, no tiene porque ser inseguro y deber ser respetado como elecci\u00f3n personal.<\/em><\/p>\n\n\n\n<blockquote class=\"wp-block-quote is-layout-flow wp-block-quote-is-layout-flow\"><p><em><strong>Es evidente la afectaci\u00f3n a derechos humanos como la dignidad, el libre desarrollo de la personalidad, a la informaci\u00f3n, a la salud y al derecho de asociaci\u00f3n por parte de las pol\u00edticas represivas sobre drogas.<\/strong><\/em><\/p><cite>H\u00e9ctor Brotons, abogado del OECCC y portavoz de la sociedad civil con el cannabis ante la ONU<\/cite><\/blockquote>\n\n\n\n<p><em>La agenda 2030 orienta a todas las autoridades de todos los \u00e1mbitos a alinear su actuaci\u00f3n con sus objetivos. El OECCC ha publicado un manual de pol\u00edticas p\u00fablicas titulado Cannabis sostenible, como gu\u00eda para alinear las pol\u00edticas de cannabis y c\u00e1\u00f1amo con la agenda 2030 de desarrollo sostenible.<\/em><\/p>\n\n\n\n<p><em><strong>La ciencia, la dignidad de toda persona, sus derechos fundamentales, deben ser la prioridad<\/strong> de todas las decisiones que est\u00e1n por tomar en los tiempos venideros, por tanto GMAF, OECCC y las dem\u00e1s organizaciones firmantes reclaman:<\/em><\/p>\n\n\n\n<ul class=\"wp-block-list\"><li>Que se <strong>anule la fiscalizaci\u00f3n<\/strong> internacional del cannabis, profundizando en las <strong>recomendaciones de la OMS enfocadas a garantizar el acceso al cannabis<\/strong> para quienes lo necesitan, y proteger el derecho a la salud.<\/li><li>Que, desde las autoridades de fiscalizaci\u00f3n, <strong>cese inminentemente la represi\u00f3n, la criminalizaci\u00f3n y la estigmatizaci\u00f3n de las personas que usan cannabis<\/strong>, o que lo cultivan para s\u00ed (individual o colectivamente) amparados por sus derechos.<\/li><li>Que se incluyan, en el programa de trabajo 2019- 2029, objetivos sobre las pol\u00edticas de cannabis desde la perspectiva de los derechos fundamentales y del desarrollo sostenible: \u201cPongamos a las personas en el centro\u00bb.<\/li><\/ul>\n","protected":false},"excerpt":{"rendered":"<span class=\"span-reading-time rt-reading-time\" style=\"display: block;\"><span class=\"rt-label rt-prefix\">Tiempo de lectura:<\/span> <span class=\"rt-time\"> 4<\/span> <span class=\"rt-label rt-postfix\">minutos<\/span><\/span>Comunicado OECCC\/ Arnau Alcaide Grupos de activistas de la sociedad civil de Canad\u00e1, Argentina, Chile, Espa\u00f1a, Uruguay y Viena, defensores de los Derechos Humanos, ponen su voz a una en una intervenci\u00f3n contra la prohibici\u00f3n de la cannabis en la 65 edici\u00f3n de la Comisi\u00f3n de Estupefacientes de las Naciones Unidas. Colectivos como el Grupo [&hellip;]","protected":false},"author":3,"featured_media":8220,"comment_status":"closed","ping_status":"closed","sticky":false,"template":"","format":"standard","meta":{"loftocean-featured-post":"","loftocean_post_format_gallery":"","loftocean_post_format_gallery_ids":"","loftocean_post_format_gallery_urls":"","loftocean_post_format_video_id":"","loftocean_post_format_video_url":"","loftocean_post_format_video_type":"","loftocean_post_format_video":"","loftocean_post_format_audio_type":"","loftocean_post_format_audio_url":"","loftocean_post_format_audio_id":"","loftocean_post_format_audio":"","loftocean_post_format_quote_text":"","loftocean_post_format_quote_byline":"","loftocean_post_format_link_text":"","loftocean_post_format_link_url":"","ceramag_post_header_style":"","ceramag_enable_background_video":"","ceramag_show_in_top_slider":"","ceramag_post_background_video_start":"","ceramag_post_background_video_end":"","loftocean_page_background_video_id":"","loftocean_page_background_video_url":"","loftocean_page_background_video_type":"","loftocean_page_background_video":"","ceramag_background_video_start":"","ceramag_background_video_end":"","ceramag_single_page_hide_header":"","footnotes":""},"categories":[35],"tags":[540,41,52,42,59],"class_list":["post-8217","post","type-post","status-publish","format-standard","has-post-thumbnail","hentry","category-politica-y-sociedad","tag-arnau-alcaide","tag-cannabis","tag-cannabis-medicinal","tag-politica","tag-prohibicionismo"],"yoast_head":"<!-- This site is optimized with the Yoast SEO plugin v24.9 - https:\/\/yoast.com\/wordpress\/plugins\/seo\/ -->\n<title>Grupos civiles del mundo piden a la ONU el fin de la prohibici\u00f3n de la cannabis<\/title>\n<meta name=\"description\" content=\"Entrada &#8226; Portal multimedia sobre cannabis y otras sustancias &#8226; 22 marzo, 2022\" \/>\n<meta name=\"robots\" content=\"index, follow, max-snippet:-1, max-image-preview:large, max-video-preview:-1\" \/>\n<link rel=\"canonical\" href=\"https:\/\/www.cannabis.es\/pw\/2022\/03\/22\/grupos-civiles-del-mundo-piden-a-la-onu-el-fin-de-la-prohibicion-de-la-cannabis\/\" \/>\n<meta name=\"twitter:card\" content=\"summary_large_image\" \/>\n<meta name=\"twitter:title\" content=\"Grupos civiles del mundo piden a la ONU el fin de la prohibici\u00f3n de la cannabis\" \/>\n<meta name=\"twitter:description\" content=\"Entrada &#8226; Portal multimedia sobre cannabis y otras sustancias &#8226; 22 marzo, 2022\" \/>\n<meta name=\"twitter:image\" content=\"https:\/\/www.cannabis.es\/pw\/wp-content\/uploads\/2022\/03\/conferencia-onu-brotons-portada.jpg\" \/>\n<meta name=\"twitter:creator\" content=\"@cannabis_es\" \/>\n<meta name=\"twitter:site\" content=\"@cannabis_es\" \/>\n<meta name=\"twitter:label1\" content=\"Escrito por\" \/>\n\t<meta name=\"twitter:data1\" content=\"Cannabis.es\" \/>\n\t<meta name=\"twitter:label2\" content=\"Tiempo de lectura\" \/>\n\t<meta name=\"twitter:data2\" content=\"6 minutos\" \/>\n<script type=\"application\/ld+json\" class=\"yoast-schema-graph\">{\"@context\":\"https:\/\/schema.org\",\"@graph\":[{\"@type\":\"Article\",\"@id\":\"https:\/\/www.cannabis.es\/pw\/2022\/03\/22\/grupos-civiles-del-mundo-piden-a-la-onu-el-fin-de-la-prohibicion-de-la-cannabis\/#article\",\"isPartOf\":{\"@id\":\"https:\/\/www.cannabis.es\/pw\/2022\/03\/22\/grupos-civiles-del-mundo-piden-a-la-onu-el-fin-de-la-prohibicion-de-la-cannabis\/\"},\"author\":{\"name\":\"Cannabis.es\",\"@id\":\"https:\/\/www.cannabis.es\/pw\/#\/schema\/person\/ec770c03f3e99d770687f537f4ba1e89\"},\"headline\":\"Grupos civiles del mundo piden a la ONU el fin de la prohibici\u00f3n de la cannabis\",\"datePublished\":\"2022-03-22T11:28:37+00:00\",\"dateModified\":\"2022-03-22T11:28:38+00:00\",\"mainEntityOfPage\":{\"@id\":\"https:\/\/www.cannabis.es\/pw\/2022\/03\/22\/grupos-civiles-del-mundo-piden-a-la-onu-el-fin-de-la-prohibicion-de-la-cannabis\/\"},\"wordCount\":1152,\"publisher\":{\"@id\":\"https:\/\/www.cannabis.es\/pw\/#organization\"},\"image\":{\"@id\":\"https:\/\/www.cannabis.es\/pw\/2022\/03\/22\/grupos-civiles-del-mundo-piden-a-la-onu-el-fin-de-la-prohibicion-de-la-cannabis\/#primaryimage\"},\"thumbnailUrl\":\"https:\/\/www.cannabis.es\/pw\/wp-content\/uploads\/2022\/03\/conferencia-onu-brotons-portada.jpg\",\"keywords\":[\"Arnau Alcaide\",\"cannabis\",\"cannabis medicinal\",\"pol\u00edtica\",\"prohibicionismo\"],\"articleSection\":[\"Pol\u00edtica y Sociedad\"],\"inLanguage\":\"es\"},{\"@type\":\"WebPage\",\"@id\":\"https:\/\/www.cannabis.es\/pw\/2022\/03\/22\/grupos-civiles-del-mundo-piden-a-la-onu-el-fin-de-la-prohibicion-de-la-cannabis\/\",\"url\":\"https:\/\/www.cannabis.es\/pw\/2022\/03\/22\/grupos-civiles-del-mundo-piden-a-la-onu-el-fin-de-la-prohibicion-de-la-cannabis\/\",\"name\":\"Grupos civiles del mundo piden a la ONU el fin de la prohibici\u00f3n de la cannabis\",\"isPartOf\":{\"@id\":\"https:\/\/www.cannabis.es\/pw\/#website\"},\"primaryImageOfPage\":{\"@id\":\"https:\/\/www.cannabis.es\/pw\/2022\/03\/22\/grupos-civiles-del-mundo-piden-a-la-onu-el-fin-de-la-prohibicion-de-la-cannabis\/#primaryimage\"},\"image\":{\"@id\":\"https:\/\/www.cannabis.es\/pw\/2022\/03\/22\/grupos-civiles-del-mundo-piden-a-la-onu-el-fin-de-la-prohibicion-de-la-cannabis\/#primaryimage\"},\"thumbnailUrl\":\"https:\/\/www.cannabis.es\/pw\/wp-content\/uploads\/2022\/03\/conferencia-onu-brotons-portada.jpg\",\"datePublished\":\"2022-03-22T11:28:37+00:00\",\"dateModified\":\"2022-03-22T11:28:38+00:00\",\"description\":\"Entrada &#8226; Portal multimedia sobre cannabis y otras sustancias &#8226; 22 marzo, 2022\",\"breadcrumb\":{\"@id\":\"https:\/\/www.cannabis.es\/pw\/2022\/03\/22\/grupos-civiles-del-mundo-piden-a-la-onu-el-fin-de-la-prohibicion-de-la-cannabis\/#breadcrumb\"},\"inLanguage\":\"es\",\"potentialAction\":[{\"@type\":\"ReadAction\",\"target\":[\"https:\/\/www.cannabis.es\/pw\/2022\/03\/22\/grupos-civiles-del-mundo-piden-a-la-onu-el-fin-de-la-prohibicion-de-la-cannabis\/\"]}]},{\"@type\":\"ImageObject\",\"inLanguage\":\"es\",\"@id\":\"https:\/\/www.cannabis.es\/pw\/2022\/03\/22\/grupos-civiles-del-mundo-piden-a-la-onu-el-fin-de-la-prohibicion-de-la-cannabis\/#primaryimage\",\"url\":\"https:\/\/www.cannabis.es\/pw\/wp-content\/uploads\/2022\/03\/conferencia-onu-brotons-portada.jpg\",\"contentUrl\":\"https:\/\/www.cannabis.es\/pw\/wp-content\/uploads\/2022\/03\/conferencia-onu-brotons-portada.jpg\",\"width\":804,\"height\":532},{\"@type\":\"BreadcrumbList\",\"@id\":\"https:\/\/www.cannabis.es\/pw\/2022\/03\/22\/grupos-civiles-del-mundo-piden-a-la-onu-el-fin-de-la-prohibicion-de-la-cannabis\/#breadcrumb\",\"itemListElement\":[{\"@type\":\"ListItem\",\"position\":1,\"name\":\"Portada\",\"item\":\"http:\/\/www.cannabis.es\/pw\/\"},{\"@type\":\"ListItem\",\"position\":2,\"name\":\"Grupos civiles del mundo piden a la ONU el fin de la prohibici\u00f3n de la cannabis\"}]},{\"@type\":\"WebSite\",\"@id\":\"https:\/\/www.cannabis.es\/pw\/#website\",\"url\":\"https:\/\/www.cannabis.es\/pw\/\",\"name\":\"Cannabis\",\"description\":\"Portal multimedia sobre cannabis y otras sustancias\",\"publisher\":{\"@id\":\"https:\/\/www.cannabis.es\/pw\/#organization\"},\"potentialAction\":[{\"@type\":\"SearchAction\",\"target\":{\"@type\":\"EntryPoint\",\"urlTemplate\":\"https:\/\/www.cannabis.es\/pw\/?s={search_term_string}\"},\"query-input\":{\"@type\":\"PropertyValueSpecification\",\"valueRequired\":true,\"valueName\":\"search_term_string\"}}],\"inLanguage\":\"es\"},{\"@type\":\"Organization\",\"@id\":\"https:\/\/www.cannabis.es\/pw\/#organization\",\"name\":\"Cannabis.es\",\"url\":\"https:\/\/www.cannabis.es\/pw\/\",\"logo\":{\"@type\":\"ImageObject\",\"inLanguage\":\"es\",\"@id\":\"https:\/\/www.cannabis.es\/pw\/#\/schema\/logo\/image\/\",\"url\":\"https:\/\/www.cannabis.es\/pw\/wp-content\/uploads\/2019\/04\/cropped-logo_cannabis.png\",\"contentUrl\":\"https:\/\/www.cannabis.es\/pw\/wp-content\/uploads\/2019\/04\/cropped-logo_cannabis.png\",\"width\":361,\"height\":120,\"caption\":\"Cannabis.es\"},\"image\":{\"@id\":\"https:\/\/www.cannabis.es\/pw\/#\/schema\/logo\/image\/\"},\"sameAs\":[\"https:\/\/x.com\/cannabis_es\"]},{\"@type\":\"Person\",\"@id\":\"https:\/\/www.cannabis.es\/pw\/#\/schema\/person\/ec770c03f3e99d770687f537f4ba1e89\",\"name\":\"Cannabis.es\",\"image\":{\"@type\":\"ImageObject\",\"inLanguage\":\"es\",\"@id\":\"https:\/\/www.cannabis.es\/pw\/#\/schema\/person\/image\/\",\"url\":\"https:\/\/secure.gravatar.com\/avatar\/810c93a3d6fadc3d9c2665b1d919a4aedea8ed4dd63689d001e985a804e90d83?s=96&d=mm&r=g\",\"contentUrl\":\"https:\/\/secure.gravatar.com\/avatar\/810c93a3d6fadc3d9c2665b1d919a4aedea8ed4dd63689d001e985a804e90d83?s=96&d=mm&r=g\",\"caption\":\"Cannabis.es\"},\"url\":\"https:\/\/www.cannabis.es\/pw\/author\/arnau\/\"}]}<\/script>\n<!-- \/ Yoast SEO plugin. -->","yoast_head_json":{"title":"Grupos civiles del mundo piden a la ONU el fin de la prohibici\u00f3n de la cannabis","description":"Entrada &#8226; Portal multimedia sobre cannabis y otras sustancias &#8226; 22 marzo, 2022","robots":{"index":"index","follow":"follow","max-snippet":"max-snippet:-1","max-image-preview":"max-image-preview:large","max-video-preview":"max-video-preview:-1"},"canonical":"https:\/\/www.cannabis.es\/pw\/2022\/03\/22\/grupos-civiles-del-mundo-piden-a-la-onu-el-fin-de-la-prohibicion-de-la-cannabis\/","twitter_card":"summary_large_image","twitter_title":"Grupos civiles del mundo piden a la ONU el fin de la prohibici\u00f3n de la cannabis","twitter_description":"Entrada &#8226; Portal multimedia sobre cannabis y otras sustancias &#8226; 22 marzo, 2022","twitter_image":"https:\/\/www.cannabis.es\/pw\/wp-content\/uploads\/2022\/03\/conferencia-onu-brotons-portada.jpg","twitter_creator":"@cannabis_es","twitter_site":"@cannabis_es","twitter_misc":{"Escrito por":"Cannabis.es","Tiempo de lectura":"6 minutos"},"schema":{"@context":"https:\/\/schema.org","@graph":[{"@type":"Article","@id":"https:\/\/www.cannabis.es\/pw\/2022\/03\/22\/grupos-civiles-del-mundo-piden-a-la-onu-el-fin-de-la-prohibicion-de-la-cannabis\/#article","isPartOf":{"@id":"https:\/\/www.cannabis.es\/pw\/2022\/03\/22\/grupos-civiles-del-mundo-piden-a-la-onu-el-fin-de-la-prohibicion-de-la-cannabis\/"},"author":{"name":"Cannabis.es","@id":"https:\/\/www.cannabis.es\/pw\/#\/schema\/person\/ec770c03f3e99d770687f537f4ba1e89"},"headline":"Grupos civiles del mundo piden a la ONU el fin de la prohibici\u00f3n de la cannabis","datePublished":"2022-03-22T11:28:37+00:00","dateModified":"2022-03-22T11:28:38+00:00","mainEntityOfPage":{"@id":"https:\/\/www.cannabis.es\/pw\/2022\/03\/22\/grupos-civiles-del-mundo-piden-a-la-onu-el-fin-de-la-prohibicion-de-la-cannabis\/"},"wordCount":1152,"publisher":{"@id":"https:\/\/www.cannabis.es\/pw\/#organization"},"image":{"@id":"https:\/\/www.cannabis.es\/pw\/2022\/03\/22\/grupos-civiles-del-mundo-piden-a-la-onu-el-fin-de-la-prohibicion-de-la-cannabis\/#primaryimage"},"thumbnailUrl":"https:\/\/www.cannabis.es\/pw\/wp-content\/uploads\/2022\/03\/conferencia-onu-brotons-portada.jpg","keywords":["Arnau Alcaide","cannabis","cannabis medicinal","pol\u00edtica","prohibicionismo"],"articleSection":["Pol\u00edtica y Sociedad"],"inLanguage":"es"},{"@type":"WebPage","@id":"https:\/\/www.cannabis.es\/pw\/2022\/03\/22\/grupos-civiles-del-mundo-piden-a-la-onu-el-fin-de-la-prohibicion-de-la-cannabis\/","url":"https:\/\/www.cannabis.es\/pw\/2022\/03\/22\/grupos-civiles-del-mundo-piden-a-la-onu-el-fin-de-la-prohibicion-de-la-cannabis\/","name":"Grupos civiles del mundo piden a la ONU el fin de la prohibici\u00f3n de la cannabis","isPartOf":{"@id":"https:\/\/www.cannabis.es\/pw\/#website"},"primaryImageOfPage":{"@id":"https:\/\/www.cannabis.es\/pw\/2022\/03\/22\/grupos-civiles-del-mundo-piden-a-la-onu-el-fin-de-la-prohibicion-de-la-cannabis\/#primaryimage"},"image":{"@id":"https:\/\/www.cannabis.es\/pw\/2022\/03\/22\/grupos-civiles-del-mundo-piden-a-la-onu-el-fin-de-la-prohibicion-de-la-cannabis\/#primaryimage"},"thumbnailUrl":"https:\/\/www.cannabis.es\/pw\/wp-content\/uploads\/2022\/03\/conferencia-onu-brotons-portada.jpg","datePublished":"2022-03-22T11:28:37+00:00","dateModified":"2022-03-22T11:28:38+00:00","description":"Entrada &#8226; Portal multimedia sobre cannabis y otras sustancias &#8226; 22 marzo, 2022","breadcrumb":{"@id":"https:\/\/www.cannabis.es\/pw\/2022\/03\/22\/grupos-civiles-del-mundo-piden-a-la-onu-el-fin-de-la-prohibicion-de-la-cannabis\/#breadcrumb"},"inLanguage":"es","potentialAction":[{"@type":"ReadAction","target":["https:\/\/www.cannabis.es\/pw\/2022\/03\/22\/grupos-civiles-del-mundo-piden-a-la-onu-el-fin-de-la-prohibicion-de-la-cannabis\/"]}]},{"@type":"ImageObject","inLanguage":"es","@id":"https:\/\/www.cannabis.es\/pw\/2022\/03\/22\/grupos-civiles-del-mundo-piden-a-la-onu-el-fin-de-la-prohibicion-de-la-cannabis\/#primaryimage","url":"https:\/\/www.cannabis.es\/pw\/wp-content\/uploads\/2022\/03\/conferencia-onu-brotons-portada.jpg","contentUrl":"https:\/\/www.cannabis.es\/pw\/wp-content\/uploads\/2022\/03\/conferencia-onu-brotons-portada.jpg","width":804,"height":532},{"@type":"BreadcrumbList","@id":"https:\/\/www.cannabis.es\/pw\/2022\/03\/22\/grupos-civiles-del-mundo-piden-a-la-onu-el-fin-de-la-prohibicion-de-la-cannabis\/#breadcrumb","itemListElement":[{"@type":"ListItem","position":1,"name":"Portada","item":"http:\/\/www.cannabis.es\/pw\/"},{"@type":"ListItem","position":2,"name":"Grupos civiles del mundo piden a la ONU el fin de la prohibici\u00f3n de la cannabis"}]},{"@type":"WebSite","@id":"https:\/\/www.cannabis.es\/pw\/#website","url":"https:\/\/www.cannabis.es\/pw\/","name":"Cannabis","description":"Portal multimedia sobre cannabis y otras sustancias","publisher":{"@id":"https:\/\/www.cannabis.es\/pw\/#organization"},"potentialAction":[{"@type":"SearchAction","target":{"@type":"EntryPoint","urlTemplate":"https:\/\/www.cannabis.es\/pw\/?s={search_term_string}"},"query-input":{"@type":"PropertyValueSpecification","valueRequired":true,"valueName":"search_term_string"}}],"inLanguage":"es"},{"@type":"Organization","@id":"https:\/\/www.cannabis.es\/pw\/#organization","name":"Cannabis.es","url":"https:\/\/www.cannabis.es\/pw\/","logo":{"@type":"ImageObject","inLanguage":"es","@id":"https:\/\/www.cannabis.es\/pw\/#\/schema\/logo\/image\/","url":"https:\/\/www.cannabis.es\/pw\/wp-content\/uploads\/2019\/04\/cropped-logo_cannabis.png","contentUrl":"https:\/\/www.cannabis.es\/pw\/wp-content\/uploads\/2019\/04\/cropped-logo_cannabis.png","width":361,"height":120,"caption":"Cannabis.es"},"image":{"@id":"https:\/\/www.cannabis.es\/pw\/#\/schema\/logo\/image\/"},"sameAs":["https:\/\/x.com\/cannabis_es"]},{"@type":"Person","@id":"https:\/\/www.cannabis.es\/pw\/#\/schema\/person\/ec770c03f3e99d770687f537f4ba1e89","name":"Cannabis.es","image":{"@type":"ImageObject","inLanguage":"es","@id":"https:\/\/www.cannabis.es\/pw\/#\/schema\/person\/image\/","url":"https:\/\/secure.gravatar.com\/avatar\/810c93a3d6fadc3d9c2665b1d919a4aedea8ed4dd63689d001e985a804e90d83?s=96&d=mm&r=g","contentUrl":"https:\/\/secure.gravatar.com\/avatar\/810c93a3d6fadc3d9c2665b1d919a4aedea8ed4dd63689d001e985a804e90d83?s=96&d=mm&r=g","caption":"Cannabis.es"},"url":"https:\/\/www.cannabis.es\/pw\/author\/arnau\/"}]}},"_links":{"self":[{"href":"https:\/\/www.cannabis.es\/pw\/wp-json\/wp\/v2\/posts\/8217","targetHints":{"allow":["GET"]}}],"collection":[{"href":"https:\/\/www.cannabis.es\/pw\/wp-json\/wp\/v2\/posts"}],"about":[{"href":"https:\/\/www.cannabis.es\/pw\/wp-json\/wp\/v2\/types\/post"}],"author":[{"embeddable":true,"href":"https:\/\/www.cannabis.es\/pw\/wp-json\/wp\/v2\/users\/3"}],"replies":[{"embeddable":true,"href":"https:\/\/www.cannabis.es\/pw\/wp-json\/wp\/v2\/comments?post=8217"}],"version-history":[{"count":2,"href":"https:\/\/www.cannabis.es\/pw\/wp-json\/wp\/v2\/posts\/8217\/revisions"}],"predecessor-version":[{"id":8221,"href":"https:\/\/www.cannabis.es\/pw\/wp-json\/wp\/v2\/posts\/8217\/revisions\/8221"}],"wp:featuredmedia":[{"embeddable":true,"href":"https:\/\/www.cannabis.es\/pw\/wp-json\/wp\/v2\/media\/8220"}],"wp:attachment":[{"href":"https:\/\/www.cannabis.es\/pw\/wp-json\/wp\/v2\/media?parent=8217"}],"wp:term":[{"taxonomy":"category","embeddable":true,"href":"https:\/\/www.cannabis.es\/pw\/wp-json\/wp\/v2\/categories?post=8217"},{"taxonomy":"post_tag","embeddable":true,"href":"https:\/\/www.cannabis.es\/pw\/wp-json\/wp\/v2\/tags?post=8217"}],"curies":[{"name":"wp","href":"https:\/\/api.w.org\/{rel}","templated":true}]}}