{"id":8564,"date":"2022-05-23T13:44:31","date_gmt":"2022-05-23T11:44:31","guid":{"rendered":"https:\/\/www.cannabis.es\/pw\/?p=8564"},"modified":"2022-05-24T10:53:26","modified_gmt":"2022-05-24T08:53:26","slug":"podemos-retoma-la-regulacion-integral-del-cannabis-en-la-fiesta-de-la-primavera","status":"publish","type":"post","link":"https:\/\/www.cannabis.es\/pw\/2022\/05\/23\/podemos-retoma-la-regulacion-integral-del-cannabis-en-la-fiesta-de-la-primavera\/","title":{"rendered":"Podemos retoma la regulaci\u00f3n integral del cannabis en la Fiesta de la Primavera"},"content":{"rendered":"\n<p>Arnau Alcaide<\/p>\n\n\n\n<p>Podemos aprovecha el escenario de la Fiesta de la Primavera en Val\u00e8ncia, que el partido celebra anualmente en diferentes ciudades de Espa\u00f1a, para retomar la promoci\u00f3n de la ley de regulaci\u00f3n integral del cannabis que <a href=\"https:\/\/www.cannabis.es\/pw\/2021\/10\/07\/unidas-podemos-registra-una-ley-integral-del-cannabis-de-80-paginas\/\">registraron<\/a> en el Congreso en octubre de 2021. El evento celebrado el s\u00e1bado en los Jardines del Real alrededor de la ley integral cont\u00f3 con la diputada portavoz del proyecto y su grupo de trabajo.<\/p>\n\n\n\n<p><em>\u00abNuestra ley no regula el medicinal porque nos vienen pidiendo que separemos los debates. <strong>Hemos sido reacios porque nos arriesg\u00e1bamos a salir solo con una regulaci\u00f3n medicinal<\/strong> [&#8230;] <strong>Pero<\/strong> ahora que est\u00e1 a punto de presentarse el informe con las <a href=\"https:\/\/www.cannabis.es\/pw\/2022\/05\/10\/la-subcomision-del-cannabis-medicinal-concluye-con-intervenciones-de-la-sociedad-civil\/\">conclusiones de la subcomisi\u00f3n<\/a>, <strong>vamos con ambas<\/strong>\u00ab<\/em>, intervino la diputada portavoz en el Congreso, <a href=\"https:\/\/www.cannabis.es\/pw\/2020\/10\/07\/lucia-munoz-portavoz-de-la-comision-de-adicciones-en-el-congreso-ojala-tengamos-regulacion-integral-al-final-de-la-legislatura\/\">Luc\u00eda Mu\u00f1oz Dalda.<\/a><\/p>\n\n\n\n<p>Esta ley, a diferencia de la de <a href=\"https:\/\/www.cannabis.es\/pw\/2021\/10\/20\/el-psoe-bloquea-con-la-ultraderecha-la-ley-del-cannabis-de-mas-pais\/\">M\u00e1s Pa\u00eds<\/a>, que fue rechazada en el Congreso, fue retirada como la de <a href=\"https:\/\/www.cannabis.es\/pw\/2021\/09\/28\/esquerra-republicana-presenta-su-regulacion-del-cannabis-en-el-congreso\/\">Esquerra Republicana<\/a>, pero con el motivo de esperar como <a href=\"https:\/\/www.cannabis.es\/pw\/2021\/06\/01\/daniel-viondi-psoe-vamos-a-ver-quien-es-paciente-y-quien-dice-serlo-para-fumar\/\">ped\u00eda el PSOE<\/a> al debate medicinal, mientras que ERC lo hac\u00eda por falta de cupo suficiente para presentar todas las iniciativas que quer\u00eda. Podemos considera que ha esperado suficiente y en los pr\u00f3ximos meses se espera que la eleve a debate y votaci\u00f3n.<\/p>\n\n\n\n<p><em>\u00abHa habido en el PSOE un cambio de posici\u00f3n important\u00edsimo desde la reclasificaci\u00f3n de la cannabis hace a\u00f1o y medio\u00bb<\/em>, explic\u00f3 &#8216;sa&#8217; diputada. <em>\u00abDepender\u00e1 al final de lo que quiera el presidente\u00bb<\/em>, lleg\u00f3 a afirmar. Y sin embargo advirti\u00f3 tambi\u00e9n que <em>\u00abel PSOE no se va a mover si no ve el riesgo medi\u00e1tico de quedar mal frente a una sociedad civil organizada con demandas\u00bb<\/em> y que la \u00abpresi\u00f3n\u00bb ten\u00eda que \u00abir dirigida\u00bb al PSOE, pues desde Podemos han hecho \u00abtodo lo posible\u00bb.<\/p>\n\n\n\n<p><em>\u00abLa derecha al terminar la subcomisi\u00f3n del cannabis medicinal ha salido con todo a repeler cualquier proyecto de ley, incluso medicinal, y le ha seguido la prensa conservadora. El PSOE creemos que la empujar\u00e1, pero veremos c\u00f3mo\u00bb<\/em>, valor\u00f3.<\/p>\n\n\n\n<figure class=\"wp-block-gallery has-nested-images columns-default is-cropped wp-block-gallery-1 is-layout-flex wp-block-gallery-is-layout-flex\">\n<figure class=\"wp-block-image size-large\"><img loading=\"lazy\" decoding=\"async\" width=\"1024\" height=\"768\" data-id=\"8568\" src=\"https:\/\/www.cannabis.es\/pw\/wp-content\/uploads\/2022\/05\/fiesta-primavera-galeria3-1024x768.jpg\" alt=\"\" class=\"wp-image-8568\" srcset=\"https:\/\/www.cannabis.es\/pw\/wp-content\/uploads\/2022\/05\/fiesta-primavera-galeria3-1024x768.jpg 1024w, https:\/\/www.cannabis.es\/pw\/wp-content\/uploads\/2022\/05\/fiesta-primavera-galeria3-300x225.jpg 300w, https:\/\/www.cannabis.es\/pw\/wp-content\/uploads\/2022\/05\/fiesta-primavera-galeria3-768x576.jpg 768w, https:\/\/www.cannabis.es\/pw\/wp-content\/uploads\/2022\/05\/fiesta-primavera-galeria3-600x450.jpg 600w, https:\/\/www.cannabis.es\/pw\/wp-content\/uploads\/2022\/05\/fiesta-primavera-galeria3.jpg 1106w\" sizes=\"auto, (max-width: 1024px) 100vw, 1024px\" \/><\/figure>\n\n\n\n<figure class=\"wp-block-image size-large\"><img loading=\"lazy\" decoding=\"async\" width=\"1024\" height=\"768\" data-id=\"8571\" src=\"https:\/\/www.cannabis.es\/pw\/wp-content\/uploads\/2022\/05\/fiesta-primavera-galeria1-1024x768.jpg\" alt=\"\" class=\"wp-image-8571\" srcset=\"https:\/\/www.cannabis.es\/pw\/wp-content\/uploads\/2022\/05\/fiesta-primavera-galeria1-1024x768.jpg 1024w, https:\/\/www.cannabis.es\/pw\/wp-content\/uploads\/2022\/05\/fiesta-primavera-galeria1-300x225.jpg 300w, https:\/\/www.cannabis.es\/pw\/wp-content\/uploads\/2022\/05\/fiesta-primavera-galeria1-768x576.jpg 768w, https:\/\/www.cannabis.es\/pw\/wp-content\/uploads\/2022\/05\/fiesta-primavera-galeria1-600x450.jpg 600w, https:\/\/www.cannabis.es\/pw\/wp-content\/uploads\/2022\/05\/fiesta-primavera-galeria1.jpg 1106w\" sizes=\"auto, (max-width: 1024px) 100vw, 1024px\" \/><\/figure>\n\n\n\n<figure class=\"wp-block-image size-large\"><img loading=\"lazy\" decoding=\"async\" width=\"1024\" height=\"768\" data-id=\"8569\" src=\"https:\/\/www.cannabis.es\/pw\/wp-content\/uploads\/2022\/05\/fiesta-primavera-galeria5-1024x768.jpg\" alt=\"\" class=\"wp-image-8569\" srcset=\"https:\/\/www.cannabis.es\/pw\/wp-content\/uploads\/2022\/05\/fiesta-primavera-galeria5-1024x768.jpg 1024w, https:\/\/www.cannabis.es\/pw\/wp-content\/uploads\/2022\/05\/fiesta-primavera-galeria5-300x225.jpg 300w, https:\/\/www.cannabis.es\/pw\/wp-content\/uploads\/2022\/05\/fiesta-primavera-galeria5-768x576.jpg 768w, https:\/\/www.cannabis.es\/pw\/wp-content\/uploads\/2022\/05\/fiesta-primavera-galeria5-600x450.jpg 600w, https:\/\/www.cannabis.es\/pw\/wp-content\/uploads\/2022\/05\/fiesta-primavera-galeria5.jpg 1169w\" sizes=\"auto, (max-width: 1024px) 100vw, 1024px\" \/><\/figure>\n\n\n\n<figure class=\"wp-block-image size-large\"><img loading=\"lazy\" decoding=\"async\" width=\"1024\" height=\"768\" data-id=\"8573\" src=\"https:\/\/www.cannabis.es\/pw\/wp-content\/uploads\/2022\/05\/fiesta-primavera-galeria4-1024x768.jpg\" alt=\"\" class=\"wp-image-8573\" srcset=\"https:\/\/www.cannabis.es\/pw\/wp-content\/uploads\/2022\/05\/fiesta-primavera-galeria4-1024x768.jpg 1024w, https:\/\/www.cannabis.es\/pw\/wp-content\/uploads\/2022\/05\/fiesta-primavera-galeria4-300x225.jpg 300w, https:\/\/www.cannabis.es\/pw\/wp-content\/uploads\/2022\/05\/fiesta-primavera-galeria4-768x576.jpg 768w, https:\/\/www.cannabis.es\/pw\/wp-content\/uploads\/2022\/05\/fiesta-primavera-galeria4-600x450.jpg 600w, https:\/\/www.cannabis.es\/pw\/wp-content\/uploads\/2022\/05\/fiesta-primavera-galeria4.jpg 1169w\" sizes=\"auto, (max-width: 1024px) 100vw, 1024px\" \/><\/figure>\n\n\n\n<figure class=\"wp-block-image size-large\"><img loading=\"lazy\" decoding=\"async\" width=\"1024\" height=\"768\" data-id=\"8567\" src=\"https:\/\/www.cannabis.es\/pw\/wp-content\/uploads\/2022\/05\/fiesta-primavera-galeria6-1024x768.jpg\" alt=\"\" class=\"wp-image-8567\" srcset=\"https:\/\/www.cannabis.es\/pw\/wp-content\/uploads\/2022\/05\/fiesta-primavera-galeria6-1024x768.jpg 1024w, https:\/\/www.cannabis.es\/pw\/wp-content\/uploads\/2022\/05\/fiesta-primavera-galeria6-300x225.jpg 300w, https:\/\/www.cannabis.es\/pw\/wp-content\/uploads\/2022\/05\/fiesta-primavera-galeria6-768x576.jpg 768w, https:\/\/www.cannabis.es\/pw\/wp-content\/uploads\/2022\/05\/fiesta-primavera-galeria6-600x450.jpg 600w, https:\/\/www.cannabis.es\/pw\/wp-content\/uploads\/2022\/05\/fiesta-primavera-galeria6.jpg 1169w\" sizes=\"auto, (max-width: 1024px) 100vw, 1024px\" \/><\/figure>\n\n\n\n<figure class=\"wp-block-image size-large\"><img loading=\"lazy\" decoding=\"async\" width=\"1024\" height=\"768\" data-id=\"8566\" src=\"https:\/\/www.cannabis.es\/pw\/wp-content\/uploads\/2022\/05\/fiesta-primavera-galeria2-1024x768.jpg\" alt=\"\" class=\"wp-image-8566\" srcset=\"https:\/\/www.cannabis.es\/pw\/wp-content\/uploads\/2022\/05\/fiesta-primavera-galeria2-1024x768.jpg 1024w, https:\/\/www.cannabis.es\/pw\/wp-content\/uploads\/2022\/05\/fiesta-primavera-galeria2-300x225.jpg 300w, https:\/\/www.cannabis.es\/pw\/wp-content\/uploads\/2022\/05\/fiesta-primavera-galeria2-768x576.jpg 768w, https:\/\/www.cannabis.es\/pw\/wp-content\/uploads\/2022\/05\/fiesta-primavera-galeria2-600x450.jpg 600w, https:\/\/www.cannabis.es\/pw\/wp-content\/uploads\/2022\/05\/fiesta-primavera-galeria2.jpg 1106w\" sizes=\"auto, (max-width: 1024px) 100vw, 1024px\" \/><\/figure>\n\n\n\n<figure class=\"wp-block-image size-large\"><img loading=\"lazy\" decoding=\"async\" width=\"1024\" height=\"768\" data-id=\"8570\" src=\"https:\/\/www.cannabis.es\/pw\/wp-content\/uploads\/2022\/05\/fiesta-primavera-galeria7-1024x768.jpg\" alt=\"\" class=\"wp-image-8570\" srcset=\"https:\/\/www.cannabis.es\/pw\/wp-content\/uploads\/2022\/05\/fiesta-primavera-galeria7-1024x768.jpg 1024w, https:\/\/www.cannabis.es\/pw\/wp-content\/uploads\/2022\/05\/fiesta-primavera-galeria7-300x225.jpg 300w, https:\/\/www.cannabis.es\/pw\/wp-content\/uploads\/2022\/05\/fiesta-primavera-galeria7-768x576.jpg 768w, https:\/\/www.cannabis.es\/pw\/wp-content\/uploads\/2022\/05\/fiesta-primavera-galeria7-600x450.jpg 600w, https:\/\/www.cannabis.es\/pw\/wp-content\/uploads\/2022\/05\/fiesta-primavera-galeria7.jpg 1169w\" sizes=\"auto, (max-width: 1024px) 100vw, 1024px\" \/><\/figure>\n\n\n\n<figure class=\"wp-block-image size-large\"><img loading=\"lazy\" decoding=\"async\" width=\"804\" height=\"532\" data-id=\"8572\" src=\"https:\/\/www.cannabis.es\/pw\/wp-content\/uploads\/2022\/05\/fiesta-primavera-portada-1.jpg\" alt=\"\" class=\"wp-image-8572\" srcset=\"https:\/\/www.cannabis.es\/pw\/wp-content\/uploads\/2022\/05\/fiesta-primavera-portada-1.jpg 804w, https:\/\/www.cannabis.es\/pw\/wp-content\/uploads\/2022\/05\/fiesta-primavera-portada-1-300x199.jpg 300w, https:\/\/www.cannabis.es\/pw\/wp-content\/uploads\/2022\/05\/fiesta-primavera-portada-1-768x508.jpg 768w, https:\/\/www.cannabis.es\/pw\/wp-content\/uploads\/2022\/05\/fiesta-primavera-portada-1-600x397.jpg 600w\" sizes=\"auto, (max-width: 804px) 100vw, 804px\" \/><\/figure>\n<\/figure>\n\n\n\n<h2 class=\"wp-block-heading\">Junto a Regulaci\u00f3n Responsable, el C\u00edrculo Cann\u00e1bico y el proyecto 420 para CSC<\/h2>\n\n\n\n<p><em>\u00abNo regular el autocultivo es como prevaricar casi, cuando la justicia est\u00e1 diciendo que existe el derecho a este\u00bb<\/em>. Fue la frase rompedora de Bernardo Soriano, asesor de la ley integral por el grupo de estudios Regulaci\u00f3n Responsable. \u00c9l tuvo el rol de explicar las diferentes \u00e1reas de alcance de la ley de forma muy resumida, como las consideraciones fiscales rurales o de insularidad, la prohibici\u00f3n de la publicidad que cosifica a la mujer, etc.<\/p>\n\n\n\n<h4 class=\"wp-block-heading\">Federaci\u00f3n del Levante expresa dudas de la ley<\/h4>\n\n\n\n<p>Javier Miravete, presidente de la asociaci\u00f3n Terap\u00e9uticas Hierbas Castell\u00f3, cuestion\u00f3 desde el p\u00fablico que el nombre de club social licenciado sea adecuado para una figura de nueva creaci\u00f3n con \u00e1nimo de lucro, menos basada en el autocultivo y los fines de reducci\u00f3n de riesgos y da\u00f1os, que desvirt\u00faa los valores del modelo asociativo, que <a href=\"https:\/\/www.cannabis.es\/pw\/2020\/08\/03\/mapeando-asociaciones-cannabicas-y-sus-caracteristicas-comunes-por-europa\/\">habla acad\u00e9micamente de club social de cannabis o CSC<\/a>.<\/p>\n\n\n\n<p>Respond\u00eda Soriano, recogiendo el testigo al paciente y divulgador asociado, que se hace para respetar una realidad de clubes que s\u00ed est\u00e1n montados como empresas y que no se quiere cuestionar, pero siempre fuera de la figura de la asociaci\u00f3n. La insistencia del paciente y divulgador asociado fue en el nombre, no en la figura jur\u00eddica de peque\u00f1o negocio que crean, pero la preocupaci\u00f3n era amplificada por <a href=\"https:\/\/www.instagram.com\/p\/Cd0qf7bMPeq\/\">la Federaci\u00f3n del Levante en redes<\/a> al terminar el evento, que pidi\u00f3 <strong>que se priorice un modelo que proteja los derechos de las personas usuarias e incentive las relaciones horizontales mediante pol\u00edticas de reparaci\u00f3n y la reducci\u00f3n de riesgos y da\u00f1os<\/strong>. Adem\u00e1s, su portavoz expres\u00f3 posteriormente para Cannabis.es que ven muy relevante \u00abalcanzar un consenso que sea capaz de convencer a los partidos que a\u00fan tienen recelos con la regulaci\u00f3n, especialmente al PSOE\u00bb.<\/p>\n\n\n\n<p>La presidenta de Podemos Cann\u00e1bico; Lourdes Ciria, llam\u00f3 a la unidad y al momento pol\u00edtico, del que advirti\u00f3 que que podr\u00eda girarse en contra y llevar a 8-12 a\u00f1os de gobiernos de derechas sin regulaci\u00f3n. El presidente de una asociaci\u00f3n de Zaragoza lidera el movimiento 420. Se trata de una iniciativa del c\u00edrculo cann\u00e1bico para que los CSC den apoyo a la ley integral y difundirla entre la sociedad civil, ampliando los apoyos de esta iniciativa. Sergio, all\u00ed presente, habl\u00f3 de la necesidad de regular \u00abuna realidad existente\u00bb y record\u00f3 a sus compa\u00f1eros enjuiciados.<\/p>\n\n\n\n<p>Al terminar nos atendi\u00f3 Bernardo Soriano para destacar la importancia de transmitir, en cuantos m\u00e1s lugares mejor, el modelo de regulaci\u00f3n. <strong>La diputada Luc\u00eda Mu\u00f1oz adem\u00e1s se atrevi\u00f3 con un pron\u00f3stico en exclusiva para Cannabis.es: \u00abVamos a ver dentro de poco la regulaci\u00f3n del cannabis medicinal\u00bb<\/strong>. A su vez, Ciria apremi\u00f3 en este medio a la iniciativa pol\u00edtica y civil con el temor de que se pueda quedar \u00abestancada\u00bb la regulaci\u00f3n.<\/p>\n","protected":false},"excerpt":{"rendered":"<span class=\"span-reading-time rt-reading-time\" style=\"display: block;\"><span class=\"rt-label rt-prefix\">Tiempo de lectura:<\/span> <span class=\"rt-time\"> 3<\/span> <span class=\"rt-label rt-postfix\">minutos<\/span><\/span>Arnau Alcaide Podemos aprovecha el escenario de la Fiesta de la Primavera en Val\u00e8ncia, que el partido celebra anualmente en diferentes ciudades de Espa\u00f1a, para retomar la promoci\u00f3n de la ley de regulaci\u00f3n integral del cannabis que registraron en el Congreso en octubre de 2021. El evento celebrado el s\u00e1bado en los Jardines del Real [&hellip;]","protected":false},"author":3,"featured_media":8565,"comment_status":"closed","ping_status":"closed","sticky":false,"template":"","format":"standard","meta":{"loftocean-featured-post":"","loftocean_post_format_gallery":"","loftocean_post_format_gallery_ids":"","loftocean_post_format_gallery_urls":"","loftocean_post_format_video_id":"","loftocean_post_format_video_url":"","loftocean_post_format_video_type":"","loftocean_post_format_video":"","loftocean_post_format_audio_type":"","loftocean_post_format_audio_url":"","loftocean_post_format_audio_id":"","loftocean_post_format_audio":"","loftocean_post_format_quote_text":"","loftocean_post_format_quote_byline":"","loftocean_post_format_link_text":"","loftocean_post_format_link_url":"","ceramag_post_header_style":"","ceramag_enable_background_video":"","ceramag_show_in_top_slider":"","ceramag_post_background_video_start":"","ceramag_post_background_video_end":"","loftocean_page_background_video_id":"","loftocean_page_background_video_url":"","loftocean_page_background_video_type":"","loftocean_page_background_video":"","ceramag_background_video_start":"","ceramag_background_video_end":"","ceramag_single_page_hide_header":"","footnotes":""},"categories":[35],"tags":[540,41,54,42],"class_list":["post-8564","post","type-post","status-publish","format-standard","has-post-thumbnail","hentry","category-politica-y-sociedad","tag-arnau-alcaide","tag-cannabis","tag-legalizacion","tag-politica"],"yoast_head":"<!-- This site is optimized with the Yoast SEO plugin v24.9 - https:\/\/yoast.com\/wordpress\/plugins\/seo\/ -->\n<title>Podemos retoma la regulaci\u00f3n integral del cannabis en la Fiesta de la Primavera<\/title>\n<meta name=\"description\" content=\"Entrada &#8226; Portal multimedia sobre cannabis y otras sustancias &#8226; 23 mayo, 2022\" \/>\n<meta name=\"robots\" content=\"index, follow, max-snippet:-1, max-image-preview:large, max-video-preview:-1\" \/>\n<link rel=\"canonical\" href=\"https:\/\/www.cannabis.es\/pw\/2022\/05\/23\/podemos-retoma-la-regulacion-integral-del-cannabis-en-la-fiesta-de-la-primavera\/\" \/>\n<meta name=\"twitter:card\" content=\"summary_large_image\" \/>\n<meta name=\"twitter:title\" content=\"Podemos retoma la regulaci\u00f3n integral del cannabis en la Fiesta de la Primavera\" \/>\n<meta name=\"twitter:description\" content=\"Entrada &#8226; Portal multimedia sobre cannabis y otras sustancias &#8226; 23 mayo, 2022\" \/>\n<meta name=\"twitter:image\" content=\"https:\/\/www.cannabis.es\/pw\/wp-content\/uploads\/2022\/05\/fiesta-primavera-portada.jpg\" \/>\n<meta name=\"twitter:creator\" content=\"@cannabis_es\" \/>\n<meta name=\"twitter:site\" content=\"@cannabis_es\" \/>\n<meta name=\"twitter:label1\" content=\"Escrito por\" \/>\n\t<meta name=\"twitter:data1\" content=\"Cannabis.es\" \/>\n\t<meta name=\"twitter:label2\" content=\"Tiempo de lectura\" \/>\n\t<meta name=\"twitter:data2\" content=\"6 minutos\" \/>\n<script type=\"application\/ld+json\" class=\"yoast-schema-graph\">{\"@context\":\"https:\/\/schema.org\",\"@graph\":[{\"@type\":\"Article\",\"@id\":\"https:\/\/www.cannabis.es\/pw\/2022\/05\/23\/podemos-retoma-la-regulacion-integral-del-cannabis-en-la-fiesta-de-la-primavera\/#article\",\"isPartOf\":{\"@id\":\"https:\/\/www.cannabis.es\/pw\/2022\/05\/23\/podemos-retoma-la-regulacion-integral-del-cannabis-en-la-fiesta-de-la-primavera\/\"},\"author\":{\"name\":\"Cannabis.es\",\"@id\":\"https:\/\/www.cannabis.es\/pw\/#\/schema\/person\/ec770c03f3e99d770687f537f4ba1e89\"},\"headline\":\"Podemos retoma la regulaci\u00f3n integral del cannabis en la Fiesta de la Primavera\",\"datePublished\":\"2022-05-23T11:44:31+00:00\",\"dateModified\":\"2022-05-24T08:53:26+00:00\",\"mainEntityOfPage\":{\"@id\":\"https:\/\/www.cannabis.es\/pw\/2022\/05\/23\/podemos-retoma-la-regulacion-integral-del-cannabis-en-la-fiesta-de-la-primavera\/\"},\"wordCount\":871,\"publisher\":{\"@id\":\"https:\/\/www.cannabis.es\/pw\/#organization\"},\"image\":{\"@id\":\"https:\/\/www.cannabis.es\/pw\/2022\/05\/23\/podemos-retoma-la-regulacion-integral-del-cannabis-en-la-fiesta-de-la-primavera\/#primaryimage\"},\"thumbnailUrl\":\"https:\/\/www.cannabis.es\/pw\/wp-content\/uploads\/2022\/05\/fiesta-primavera-portada.jpg\",\"keywords\":[\"Arnau Alcaide\",\"cannabis\",\"legalizaci\u00f3n\",\"pol\u00edtica\"],\"articleSection\":[\"Pol\u00edtica y Sociedad\"],\"inLanguage\":\"es\"},{\"@type\":\"WebPage\",\"@id\":\"https:\/\/www.cannabis.es\/pw\/2022\/05\/23\/podemos-retoma-la-regulacion-integral-del-cannabis-en-la-fiesta-de-la-primavera\/\",\"url\":\"https:\/\/www.cannabis.es\/pw\/2022\/05\/23\/podemos-retoma-la-regulacion-integral-del-cannabis-en-la-fiesta-de-la-primavera\/\",\"name\":\"Podemos retoma la regulaci\u00f3n integral del cannabis en la Fiesta de la Primavera\",\"isPartOf\":{\"@id\":\"https:\/\/www.cannabis.es\/pw\/#website\"},\"primaryImageOfPage\":{\"@id\":\"https:\/\/www.cannabis.es\/pw\/2022\/05\/23\/podemos-retoma-la-regulacion-integral-del-cannabis-en-la-fiesta-de-la-primavera\/#primaryimage\"},\"image\":{\"@id\":\"https:\/\/www.cannabis.es\/pw\/2022\/05\/23\/podemos-retoma-la-regulacion-integral-del-cannabis-en-la-fiesta-de-la-primavera\/#primaryimage\"},\"thumbnailUrl\":\"https:\/\/www.cannabis.es\/pw\/wp-content\/uploads\/2022\/05\/fiesta-primavera-portada.jpg\",\"datePublished\":\"2022-05-23T11:44:31+00:00\",\"dateModified\":\"2022-05-24T08:53:26+00:00\",\"description\":\"Entrada &#8226; Portal multimedia sobre cannabis y otras sustancias &#8226; 23 mayo, 2022\",\"breadcrumb\":{\"@id\":\"https:\/\/www.cannabis.es\/pw\/2022\/05\/23\/podemos-retoma-la-regulacion-integral-del-cannabis-en-la-fiesta-de-la-primavera\/#breadcrumb\"},\"inLanguage\":\"es\",\"potentialAction\":[{\"@type\":\"ReadAction\",\"target\":[\"https:\/\/www.cannabis.es\/pw\/2022\/05\/23\/podemos-retoma-la-regulacion-integral-del-cannabis-en-la-fiesta-de-la-primavera\/\"]}]},{\"@type\":\"ImageObject\",\"inLanguage\":\"es\",\"@id\":\"https:\/\/www.cannabis.es\/pw\/2022\/05\/23\/podemos-retoma-la-regulacion-integral-del-cannabis-en-la-fiesta-de-la-primavera\/#primaryimage\",\"url\":\"https:\/\/www.cannabis.es\/pw\/wp-content\/uploads\/2022\/05\/fiesta-primavera-portada.jpg\",\"contentUrl\":\"https:\/\/www.cannabis.es\/pw\/wp-content\/uploads\/2022\/05\/fiesta-primavera-portada.jpg\",\"width\":804,\"height\":532},{\"@type\":\"BreadcrumbList\",\"@id\":\"https:\/\/www.cannabis.es\/pw\/2022\/05\/23\/podemos-retoma-la-regulacion-integral-del-cannabis-en-la-fiesta-de-la-primavera\/#breadcrumb\",\"itemListElement\":[{\"@type\":\"ListItem\",\"position\":1,\"name\":\"Portada\",\"item\":\"http:\/\/www.cannabis.es\/pw\/\"},{\"@type\":\"ListItem\",\"position\":2,\"name\":\"Podemos retoma la regulaci\u00f3n integral del cannabis en la Fiesta de la Primavera\"}]},{\"@type\":\"WebSite\",\"@id\":\"https:\/\/www.cannabis.es\/pw\/#website\",\"url\":\"https:\/\/www.cannabis.es\/pw\/\",\"name\":\"Cannabis\",\"description\":\"Portal multimedia sobre cannabis y otras sustancias\",\"publisher\":{\"@id\":\"https:\/\/www.cannabis.es\/pw\/#organization\"},\"potentialAction\":[{\"@type\":\"SearchAction\",\"target\":{\"@type\":\"EntryPoint\",\"urlTemplate\":\"https:\/\/www.cannabis.es\/pw\/?s={search_term_string}\"},\"query-input\":{\"@type\":\"PropertyValueSpecification\",\"valueRequired\":true,\"valueName\":\"search_term_string\"}}],\"inLanguage\":\"es\"},{\"@type\":\"Organization\",\"@id\":\"https:\/\/www.cannabis.es\/pw\/#organization\",\"name\":\"Cannabis.es\",\"url\":\"https:\/\/www.cannabis.es\/pw\/\",\"logo\":{\"@type\":\"ImageObject\",\"inLanguage\":\"es\",\"@id\":\"https:\/\/www.cannabis.es\/pw\/#\/schema\/logo\/image\/\",\"url\":\"https:\/\/www.cannabis.es\/pw\/wp-content\/uploads\/2019\/04\/cropped-logo_cannabis.png\",\"contentUrl\":\"https:\/\/www.cannabis.es\/pw\/wp-content\/uploads\/2019\/04\/cropped-logo_cannabis.png\",\"width\":361,\"height\":120,\"caption\":\"Cannabis.es\"},\"image\":{\"@id\":\"https:\/\/www.cannabis.es\/pw\/#\/schema\/logo\/image\/\"},\"sameAs\":[\"https:\/\/x.com\/cannabis_es\"]},{\"@type\":\"Person\",\"@id\":\"https:\/\/www.cannabis.es\/pw\/#\/schema\/person\/ec770c03f3e99d770687f537f4ba1e89\",\"name\":\"Cannabis.es\",\"image\":{\"@type\":\"ImageObject\",\"inLanguage\":\"es\",\"@id\":\"https:\/\/www.cannabis.es\/pw\/#\/schema\/person\/image\/\",\"url\":\"https:\/\/secure.gravatar.com\/avatar\/810c93a3d6fadc3d9c2665b1d919a4aedea8ed4dd63689d001e985a804e90d83?s=96&d=mm&r=g\",\"contentUrl\":\"https:\/\/secure.gravatar.com\/avatar\/810c93a3d6fadc3d9c2665b1d919a4aedea8ed4dd63689d001e985a804e90d83?s=96&d=mm&r=g\",\"caption\":\"Cannabis.es\"},\"url\":\"https:\/\/www.cannabis.es\/pw\/author\/arnau\/\"}]}<\/script>\n<!-- \/ Yoast SEO plugin. -->","yoast_head_json":{"title":"Podemos retoma la regulaci\u00f3n integral del cannabis en la Fiesta de la Primavera","description":"Entrada &#8226; Portal multimedia sobre cannabis y otras sustancias &#8226; 23 mayo, 2022","robots":{"index":"index","follow":"follow","max-snippet":"max-snippet:-1","max-image-preview":"max-image-preview:large","max-video-preview":"max-video-preview:-1"},"canonical":"https:\/\/www.cannabis.es\/pw\/2022\/05\/23\/podemos-retoma-la-regulacion-integral-del-cannabis-en-la-fiesta-de-la-primavera\/","twitter_card":"summary_large_image","twitter_title":"Podemos retoma la regulaci\u00f3n integral del cannabis en la Fiesta de la Primavera","twitter_description":"Entrada &#8226; Portal multimedia sobre cannabis y otras sustancias &#8226; 23 mayo, 2022","twitter_image":"https:\/\/www.cannabis.es\/pw\/wp-content\/uploads\/2022\/05\/fiesta-primavera-portada.jpg","twitter_creator":"@cannabis_es","twitter_site":"@cannabis_es","twitter_misc":{"Escrito por":"Cannabis.es","Tiempo de lectura":"6 minutos"},"schema":{"@context":"https:\/\/schema.org","@graph":[{"@type":"Article","@id":"https:\/\/www.cannabis.es\/pw\/2022\/05\/23\/podemos-retoma-la-regulacion-integral-del-cannabis-en-la-fiesta-de-la-primavera\/#article","isPartOf":{"@id":"https:\/\/www.cannabis.es\/pw\/2022\/05\/23\/podemos-retoma-la-regulacion-integral-del-cannabis-en-la-fiesta-de-la-primavera\/"},"author":{"name":"Cannabis.es","@id":"https:\/\/www.cannabis.es\/pw\/#\/schema\/person\/ec770c03f3e99d770687f537f4ba1e89"},"headline":"Podemos retoma la regulaci\u00f3n integral del cannabis en la Fiesta de la Primavera","datePublished":"2022-05-23T11:44:31+00:00","dateModified":"2022-05-24T08:53:26+00:00","mainEntityOfPage":{"@id":"https:\/\/www.cannabis.es\/pw\/2022\/05\/23\/podemos-retoma-la-regulacion-integral-del-cannabis-en-la-fiesta-de-la-primavera\/"},"wordCount":871,"publisher":{"@id":"https:\/\/www.cannabis.es\/pw\/#organization"},"image":{"@id":"https:\/\/www.cannabis.es\/pw\/2022\/05\/23\/podemos-retoma-la-regulacion-integral-del-cannabis-en-la-fiesta-de-la-primavera\/#primaryimage"},"thumbnailUrl":"https:\/\/www.cannabis.es\/pw\/wp-content\/uploads\/2022\/05\/fiesta-primavera-portada.jpg","keywords":["Arnau Alcaide","cannabis","legalizaci\u00f3n","pol\u00edtica"],"articleSection":["Pol\u00edtica y Sociedad"],"inLanguage":"es"},{"@type":"WebPage","@id":"https:\/\/www.cannabis.es\/pw\/2022\/05\/23\/podemos-retoma-la-regulacion-integral-del-cannabis-en-la-fiesta-de-la-primavera\/","url":"https:\/\/www.cannabis.es\/pw\/2022\/05\/23\/podemos-retoma-la-regulacion-integral-del-cannabis-en-la-fiesta-de-la-primavera\/","name":"Podemos retoma la regulaci\u00f3n integral del cannabis en la Fiesta de la Primavera","isPartOf":{"@id":"https:\/\/www.cannabis.es\/pw\/#website"},"primaryImageOfPage":{"@id":"https:\/\/www.cannabis.es\/pw\/2022\/05\/23\/podemos-retoma-la-regulacion-integral-del-cannabis-en-la-fiesta-de-la-primavera\/#primaryimage"},"image":{"@id":"https:\/\/www.cannabis.es\/pw\/2022\/05\/23\/podemos-retoma-la-regulacion-integral-del-cannabis-en-la-fiesta-de-la-primavera\/#primaryimage"},"thumbnailUrl":"https:\/\/www.cannabis.es\/pw\/wp-content\/uploads\/2022\/05\/fiesta-primavera-portada.jpg","datePublished":"2022-05-23T11:44:31+00:00","dateModified":"2022-05-24T08:53:26+00:00","description":"Entrada &#8226; Portal multimedia sobre cannabis y otras sustancias &#8226; 23 mayo, 2022","breadcrumb":{"@id":"https:\/\/www.cannabis.es\/pw\/2022\/05\/23\/podemos-retoma-la-regulacion-integral-del-cannabis-en-la-fiesta-de-la-primavera\/#breadcrumb"},"inLanguage":"es","potentialAction":[{"@type":"ReadAction","target":["https:\/\/www.cannabis.es\/pw\/2022\/05\/23\/podemos-retoma-la-regulacion-integral-del-cannabis-en-la-fiesta-de-la-primavera\/"]}]},{"@type":"ImageObject","inLanguage":"es","@id":"https:\/\/www.cannabis.es\/pw\/2022\/05\/23\/podemos-retoma-la-regulacion-integral-del-cannabis-en-la-fiesta-de-la-primavera\/#primaryimage","url":"https:\/\/www.cannabis.es\/pw\/wp-content\/uploads\/2022\/05\/fiesta-primavera-portada.jpg","contentUrl":"https:\/\/www.cannabis.es\/pw\/wp-content\/uploads\/2022\/05\/fiesta-primavera-portada.jpg","width":804,"height":532},{"@type":"BreadcrumbList","@id":"https:\/\/www.cannabis.es\/pw\/2022\/05\/23\/podemos-retoma-la-regulacion-integral-del-cannabis-en-la-fiesta-de-la-primavera\/#breadcrumb","itemListElement":[{"@type":"ListItem","position":1,"name":"Portada","item":"http:\/\/www.cannabis.es\/pw\/"},{"@type":"ListItem","position":2,"name":"Podemos retoma la regulaci\u00f3n integral del cannabis en la Fiesta de la Primavera"}]},{"@type":"WebSite","@id":"https:\/\/www.cannabis.es\/pw\/#website","url":"https:\/\/www.cannabis.es\/pw\/","name":"Cannabis","description":"Portal multimedia sobre cannabis y otras sustancias","publisher":{"@id":"https:\/\/www.cannabis.es\/pw\/#organization"},"potentialAction":[{"@type":"SearchAction","target":{"@type":"EntryPoint","urlTemplate":"https:\/\/www.cannabis.es\/pw\/?s={search_term_string}"},"query-input":{"@type":"PropertyValueSpecification","valueRequired":true,"valueName":"search_term_string"}}],"inLanguage":"es"},{"@type":"Organization","@id":"https:\/\/www.cannabis.es\/pw\/#organization","name":"Cannabis.es","url":"https:\/\/www.cannabis.es\/pw\/","logo":{"@type":"ImageObject","inLanguage":"es","@id":"https:\/\/www.cannabis.es\/pw\/#\/schema\/logo\/image\/","url":"https:\/\/www.cannabis.es\/pw\/wp-content\/uploads\/2019\/04\/cropped-logo_cannabis.png","contentUrl":"https:\/\/www.cannabis.es\/pw\/wp-content\/uploads\/2019\/04\/cropped-logo_cannabis.png","width":361,"height":120,"caption":"Cannabis.es"},"image":{"@id":"https:\/\/www.cannabis.es\/pw\/#\/schema\/logo\/image\/"},"sameAs":["https:\/\/x.com\/cannabis_es"]},{"@type":"Person","@id":"https:\/\/www.cannabis.es\/pw\/#\/schema\/person\/ec770c03f3e99d770687f537f4ba1e89","name":"Cannabis.es","image":{"@type":"ImageObject","inLanguage":"es","@id":"https:\/\/www.cannabis.es\/pw\/#\/schema\/person\/image\/","url":"https:\/\/secure.gravatar.com\/avatar\/810c93a3d6fadc3d9c2665b1d919a4aedea8ed4dd63689d001e985a804e90d83?s=96&d=mm&r=g","contentUrl":"https:\/\/secure.gravatar.com\/avatar\/810c93a3d6fadc3d9c2665b1d919a4aedea8ed4dd63689d001e985a804e90d83?s=96&d=mm&r=g","caption":"Cannabis.es"},"url":"https:\/\/www.cannabis.es\/pw\/author\/arnau\/"}]}},"_links":{"self":[{"href":"https:\/\/www.cannabis.es\/pw\/wp-json\/wp\/v2\/posts\/8564","targetHints":{"allow":["GET"]}}],"collection":[{"href":"https:\/\/www.cannabis.es\/pw\/wp-json\/wp\/v2\/posts"}],"about":[{"href":"https:\/\/www.cannabis.es\/pw\/wp-json\/wp\/v2\/types\/post"}],"author":[{"embeddable":true,"href":"https:\/\/www.cannabis.es\/pw\/wp-json\/wp\/v2\/users\/3"}],"replies":[{"embeddable":true,"href":"https:\/\/www.cannabis.es\/pw\/wp-json\/wp\/v2\/comments?post=8564"}],"version-history":[{"count":3,"href":"https:\/\/www.cannabis.es\/pw\/wp-json\/wp\/v2\/posts\/8564\/revisions"}],"predecessor-version":[{"id":8577,"href":"https:\/\/www.cannabis.es\/pw\/wp-json\/wp\/v2\/posts\/8564\/revisions\/8577"}],"wp:featuredmedia":[{"embeddable":true,"href":"https:\/\/www.cannabis.es\/pw\/wp-json\/wp\/v2\/media\/8565"}],"wp:attachment":[{"href":"https:\/\/www.cannabis.es\/pw\/wp-json\/wp\/v2\/media?parent=8564"}],"wp:term":[{"taxonomy":"category","embeddable":true,"href":"https:\/\/www.cannabis.es\/pw\/wp-json\/wp\/v2\/categories?post=8564"},{"taxonomy":"post_tag","embeddable":true,"href":"https:\/\/www.cannabis.es\/pw\/wp-json\/wp\/v2\/tags?post=8564"}],"curies":[{"name":"wp","href":"https:\/\/api.w.org\/{rel}","templated":true}]}}