{"id":8899,"date":"2022-09-06T11:56:18","date_gmt":"2022-09-06T09:56:18","guid":{"rendered":"https:\/\/www.cannabis.es\/pw\/?p=8899"},"modified":"2022-09-06T12:08:20","modified_gmt":"2022-09-06T10:08:20","slug":"chile-delimita-el-autocultivo-y-porte-de-cannabis-en-la-tramitacion-de-la-ley-antinarco","status":"publish","type":"post","link":"https:\/\/www.cannabis.es\/pw\/2022\/09\/06\/chile-delimita-el-autocultivo-y-porte-de-cannabis-en-la-tramitacion-de-la-ley-antinarco\/","title":{"rendered":"Chile delimita el autocultivo y porte de cannabis en la tramitaci\u00f3n de la ley antinarco"},"content":{"rendered":"\n<p>Arnau Alcaide<\/p>\n\n\n\n<p>Chile aprob\u00f3 una enmienda a la nueva ley antinarco, <strong>todav\u00eda en tramitaci\u00f3n<\/strong>, para que contemple el autocultivo de<strong> hasta cinco plantas, el almacenamiento de 500 g y el traslado de 40 g<\/strong>. La enmienda fue aprobada en la Comisi\u00f3n del Senado el 9 de agosto en el Senado como parte de la reforma en pol\u00edtica de drogas para la que la diputada cann\u00e1bica<a href=\"https:\/\/www.cannabis.es\/pw\/2021\/11\/23\/electa-diputada-en-chile-la-activista-cannabica-fundadora-de-daya\/\"> Ana Mar\u00eda Gazmuri<\/a> impuls\u00f3 una bancada transversal, pues el<strong> autocultivo hab\u00eda quedado fuera de la ya rechazada Constituci\u00f3n.<\/strong><\/p>\n\n\n\n<p>Se trata de una indicaci\u00f3n, como se llama en Chile a las enmiendas, que votaron un grupo reducido del Senado en Comisi\u00f3n, con la potestad en esa materia de hacer valer su voto para a\u00f1adir la enmienda, que ser\u00e1 finalmente validada por toda la c\u00e1mara como parte del proyecto de Ley Antinarco. Su nombre ya indica que va dirigido contra el tr\u00e1fico de drogas, pero en la pr\u00e1ctica, <strong>la versi\u00f3n vigente de la ley 20.000 sigue penando a personas usuarias con delitos como el microtr\u00e1fico<\/strong>, que en su fase indiciaria incluso pueden acarrear la <strong>prisi\u00f3n preventiva,<\/strong> <a href=\"https:\/\/www.impuremag.com\/chile-prision-cannabis-medicinal\/\">un atropello monumental de derechos<\/a>.<\/p>\n\n\n\n<p>Seg\u00fan explic\u00f3 el<strong>&nbsp;senador Jaime Quintana<\/strong>:&nbsp;<em>\u00abHemos aprobado una indicaci\u00f3n que busca despenalizar el cultivo y porte de cannabis cuando esta se hace para uso personal y sin \u00e1nimo de traficar. Esto se hizo en el marco de la discusi\u00f3n de un proyecto de ley que busca perfeccionar los mecanismos de combate al narcotr\u00e1fico, puesto que lo relevante e importante es concentrar toda la capacidad del Estado en el crimen organizado y no persiguiendo usuarios de cannabis\u00bb.<\/em><\/p>\n\n\n\n<p><strong>El derecho al autocultivo fue la tercera iniciativa popular m\u00e1s votada para ser incluida en la que deb\u00eda ser <\/strong><a href=\"https:\/\/www.cannabis.es\/pw\/2022\/02\/04\/boric-acerca-la-regulacion-del-cannabis-en-chile\/\">la nueva constituci\u00f3n de Chile<\/a>, con 44.000 votos, pero <a href=\"https:\/\/www.elmostrador.cl\/dia\/2022\/02\/11\/a-pesar-de-lograr-mas-de-44-mil-firmas-comision-de-la-convencion-rechaza-la-iniciativa-cannabis-a-la-constitucion\/\">su Tribunal Constitucional rechaz\u00f3 en febrero <\/a>que fuese posible incorporar el derecho. Hoy, Chile ve rechazada una constituci\u00f3n que parec\u00eda esperanzadora con un 62% de los votos en contra, y probablemente la ausencia del cannabis dej\u00f3 de sumar algunos votos a favor en el plebiscito de car\u00e1cter obligatorio. <\/p>\n\n\n\n<p>Posteriormente al bloqueo del Constitucional al cannabis y antes de que la poblaci\u00f3n rechazase la nueva constituci\u00f3n, una <a href=\"https:\/\/www.cannabis.es\/pw\/2022\/07\/05\/colectivos-chilenos-marchan-por-el-derecho-al-autocultivo-no-constitucional\/\">marcha cann\u00e1bica<\/a> reivindicar\u00eda una nueva ley ante la ausencia del derecho constitucional. Para lograrla, la diputada Ana Mar\u00eda Gazmuri estableci\u00f3 contactos con diputados y senadoras de todos los partidos en lo que llamar\u00eda una bancada transversal, que da sus frutos con esta enmienda.<\/p>\n\n\n\n<p>El texto radica su motivaci\u00f3n en la pol\u00edtica de drogas holandesa o portuguesa, que incluyen la despenalizaci\u00f3n y mejora de las condiciones de salud y contenerse en la estigmatizaci\u00f3n de las personas usuarias como parte de sus pol\u00edticas de drogas. Destaca adem\u00e1s los excesos policiales, pues las estad\u00edsticas demuestran que en una gran mayor\u00eda se termina viendo que el delito es menor, o incluso una falta, que el que se estima a priori, ya decimos que pudiendo aplicar prisi\u00f3n preventiva.<\/p>\n\n\n\n<figure class=\"wp-block-image size-full\"><img loading=\"lazy\" decoding=\"async\" width=\"766\" height=\"803\" src=\"https:\/\/www.cannabis.es\/pw\/wp-content\/uploads\/2022\/09\/image-1.png\" alt=\"\" class=\"wp-image-8900\" srcset=\"https:\/\/www.cannabis.es\/pw\/wp-content\/uploads\/2022\/09\/image-1.png 766w, https:\/\/www.cannabis.es\/pw\/wp-content\/uploads\/2022\/09\/image-1-286x300.png 286w, https:\/\/www.cannabis.es\/pw\/wp-content\/uploads\/2022\/09\/image-1-600x629.png 600w\" sizes=\"auto, (max-width: 766px) 100vw, 766px\" \/><\/figure>\n\n\n\n<figure class=\"wp-block-image size-full\"><img loading=\"lazy\" decoding=\"async\" width=\"759\" height=\"556\" src=\"https:\/\/www.cannabis.es\/pw\/wp-content\/uploads\/2022\/09\/image-2.png\" alt=\"\" class=\"wp-image-8901\" srcset=\"https:\/\/www.cannabis.es\/pw\/wp-content\/uploads\/2022\/09\/image-2.png 759w, https:\/\/www.cannabis.es\/pw\/wp-content\/uploads\/2022\/09\/image-2-300x220.png 300w, https:\/\/www.cannabis.es\/pw\/wp-content\/uploads\/2022\/09\/image-2-600x440.png 600w\" sizes=\"auto, (max-width: 759px) 100vw, 759px\" \/><\/figure>\n\n\n\n<p><a href=\"https:\/\/www.biobiochile.cl\/assets\/bbcl-embed\/#\/static\/documentos\/2022\/08\/indicaciones-pl-13-588--tenencia.pdf?title=INDICACIONES%20PL%2013.588.%20TENENCIA\">https:\/\/www.biobiochile.cl\/assets\/bbcl-embed\/#\/static\/documentos\/2022\/08\/indicaciones-pl-13-588&#8211;tenencia.pdf?title=INDICACIONES%20PL%2013.588.%20TENENCIA<\/a><\/p>\n","protected":false},"excerpt":{"rendered":"<span class=\"span-reading-time rt-reading-time\" style=\"display: block;\"><span class=\"rt-label rt-prefix\">Tiempo de lectura:<\/span> <span class=\"rt-time\"> 2<\/span> <span class=\"rt-label rt-postfix\">minutos<\/span><\/span>Arnau Alcaide Chile aprob\u00f3 una enmienda a la nueva ley antinarco, todav\u00eda en tramitaci\u00f3n, para que contemple el autocultivo de hasta cinco plantas, el almacenamiento de 500 g y el traslado de 40 g. La enmienda fue aprobada en la Comisi\u00f3n del Senado el 9 de agosto en el Senado como parte de la reforma [&hellip;]","protected":false},"author":3,"featured_media":8902,"comment_status":"closed","ping_status":"closed","sticky":false,"template":"","format":"standard","meta":{"loftocean-featured-post":"","loftocean_post_format_gallery":"","loftocean_post_format_gallery_ids":"","loftocean_post_format_gallery_urls":"","loftocean_post_format_video_id":"","loftocean_post_format_video_url":"","loftocean_post_format_video_type":"","loftocean_post_format_video":"","loftocean_post_format_audio_type":"","loftocean_post_format_audio_url":"","loftocean_post_format_audio_id":"","loftocean_post_format_audio":"","loftocean_post_format_quote_text":"","loftocean_post_format_quote_byline":"","loftocean_post_format_link_text":"","loftocean_post_format_link_url":"","ceramag_post_header_style":"","ceramag_enable_background_video":"","ceramag_show_in_top_slider":"","ceramag_post_background_video_start":"","ceramag_post_background_video_end":"","loftocean_page_background_video_id":"","loftocean_page_background_video_url":"","loftocean_page_background_video_type":"","loftocean_page_background_video":"","ceramag_background_video_start":"","ceramag_background_video_end":"","ceramag_single_page_hide_header":"","footnotes":""},"categories":[35],"tags":[540,66,41,42],"class_list":["post-8899","post","type-post","status-publish","format-standard","has-post-thumbnail","hentry","category-politica-y-sociedad","tag-arnau-alcaide","tag-autocultivo","tag-cannabis","tag-politica"],"yoast_head":"<!-- This site is optimized with the Yoast SEO plugin v24.9 - https:\/\/yoast.com\/wordpress\/plugins\/seo\/ -->\n<title>Chile delimita el autocultivo y porte de cannabis en la tramitaci\u00f3n de la ley antinarco<\/title>\n<meta name=\"description\" content=\"Entrada &#8226; Portal multimedia sobre cannabis y otras sustancias &#8226; 6 septiembre, 2022\" \/>\n<meta name=\"robots\" content=\"index, follow, max-snippet:-1, max-image-preview:large, max-video-preview:-1\" \/>\n<link rel=\"canonical\" href=\"https:\/\/www.cannabis.es\/pw\/2022\/09\/06\/chile-delimita-el-autocultivo-y-porte-de-cannabis-en-la-tramitacion-de-la-ley-antinarco\/\" \/>\n<meta name=\"twitter:card\" content=\"summary_large_image\" \/>\n<meta name=\"twitter:title\" content=\"Chile delimita el autocultivo y porte de cannabis en la tramitaci\u00f3n de la ley antinarco\" \/>\n<meta name=\"twitter:description\" content=\"Entrada &#8226; Portal multimedia sobre cannabis y otras sustancias &#8226; 6 septiembre, 2022\" \/>\n<meta name=\"twitter:image\" content=\"https:\/\/www.cannabis.es\/pw\/wp-content\/uploads\/2022\/09\/PORTADA_CHILE_AUTOCULTIVO_5.jpg\" \/>\n<meta name=\"twitter:creator\" content=\"@cannabis_es\" \/>\n<meta name=\"twitter:site\" content=\"@cannabis_es\" \/>\n<meta name=\"twitter:label1\" content=\"Escrito por\" \/>\n\t<meta name=\"twitter:data1\" content=\"Cannabis.es\" \/>\n\t<meta name=\"twitter:label2\" content=\"Tiempo de lectura\" \/>\n\t<meta name=\"twitter:data2\" content=\"3 minutos\" \/>\n<script type=\"application\/ld+json\" class=\"yoast-schema-graph\">{\"@context\":\"https:\/\/schema.org\",\"@graph\":[{\"@type\":\"Article\",\"@id\":\"https:\/\/www.cannabis.es\/pw\/2022\/09\/06\/chile-delimita-el-autocultivo-y-porte-de-cannabis-en-la-tramitacion-de-la-ley-antinarco\/#article\",\"isPartOf\":{\"@id\":\"https:\/\/www.cannabis.es\/pw\/2022\/09\/06\/chile-delimita-el-autocultivo-y-porte-de-cannabis-en-la-tramitacion-de-la-ley-antinarco\/\"},\"author\":{\"name\":\"Cannabis.es\",\"@id\":\"https:\/\/www.cannabis.es\/pw\/#\/schema\/person\/ec770c03f3e99d770687f537f4ba1e89\"},\"headline\":\"Chile delimita el autocultivo y porte de cannabis en la tramitaci\u00f3n de la ley antinarco\",\"datePublished\":\"2022-09-06T09:56:18+00:00\",\"dateModified\":\"2022-09-06T10:08:20+00:00\",\"mainEntityOfPage\":{\"@id\":\"https:\/\/www.cannabis.es\/pw\/2022\/09\/06\/chile-delimita-el-autocultivo-y-porte-de-cannabis-en-la-tramitacion-de-la-ley-antinarco\/\"},\"wordCount\":548,\"publisher\":{\"@id\":\"https:\/\/www.cannabis.es\/pw\/#organization\"},\"image\":{\"@id\":\"https:\/\/www.cannabis.es\/pw\/2022\/09\/06\/chile-delimita-el-autocultivo-y-porte-de-cannabis-en-la-tramitacion-de-la-ley-antinarco\/#primaryimage\"},\"thumbnailUrl\":\"https:\/\/www.cannabis.es\/pw\/wp-content\/uploads\/2022\/09\/PORTADA_CHILE_AUTOCULTIVO_5.jpg\",\"keywords\":[\"Arnau Alcaide\",\"autocultivo\",\"cannabis\",\"pol\u00edtica\"],\"articleSection\":[\"Pol\u00edtica y Sociedad\"],\"inLanguage\":\"es\"},{\"@type\":\"WebPage\",\"@id\":\"https:\/\/www.cannabis.es\/pw\/2022\/09\/06\/chile-delimita-el-autocultivo-y-porte-de-cannabis-en-la-tramitacion-de-la-ley-antinarco\/\",\"url\":\"https:\/\/www.cannabis.es\/pw\/2022\/09\/06\/chile-delimita-el-autocultivo-y-porte-de-cannabis-en-la-tramitacion-de-la-ley-antinarco\/\",\"name\":\"Chile delimita el autocultivo y porte de cannabis en la tramitaci\u00f3n de la ley antinarco\",\"isPartOf\":{\"@id\":\"https:\/\/www.cannabis.es\/pw\/#website\"},\"primaryImageOfPage\":{\"@id\":\"https:\/\/www.cannabis.es\/pw\/2022\/09\/06\/chile-delimita-el-autocultivo-y-porte-de-cannabis-en-la-tramitacion-de-la-ley-antinarco\/#primaryimage\"},\"image\":{\"@id\":\"https:\/\/www.cannabis.es\/pw\/2022\/09\/06\/chile-delimita-el-autocultivo-y-porte-de-cannabis-en-la-tramitacion-de-la-ley-antinarco\/#primaryimage\"},\"thumbnailUrl\":\"https:\/\/www.cannabis.es\/pw\/wp-content\/uploads\/2022\/09\/PORTADA_CHILE_AUTOCULTIVO_5.jpg\",\"datePublished\":\"2022-09-06T09:56:18+00:00\",\"dateModified\":\"2022-09-06T10:08:20+00:00\",\"description\":\"Entrada &#8226; Portal multimedia sobre cannabis y otras sustancias &#8226; 6 septiembre, 2022\",\"breadcrumb\":{\"@id\":\"https:\/\/www.cannabis.es\/pw\/2022\/09\/06\/chile-delimita-el-autocultivo-y-porte-de-cannabis-en-la-tramitacion-de-la-ley-antinarco\/#breadcrumb\"},\"inLanguage\":\"es\",\"potentialAction\":[{\"@type\":\"ReadAction\",\"target\":[\"https:\/\/www.cannabis.es\/pw\/2022\/09\/06\/chile-delimita-el-autocultivo-y-porte-de-cannabis-en-la-tramitacion-de-la-ley-antinarco\/\"]}]},{\"@type\":\"ImageObject\",\"inLanguage\":\"es\",\"@id\":\"https:\/\/www.cannabis.es\/pw\/2022\/09\/06\/chile-delimita-el-autocultivo-y-porte-de-cannabis-en-la-tramitacion-de-la-ley-antinarco\/#primaryimage\",\"url\":\"https:\/\/www.cannabis.es\/pw\/wp-content\/uploads\/2022\/09\/PORTADA_CHILE_AUTOCULTIVO_5.jpg\",\"contentUrl\":\"https:\/\/www.cannabis.es\/pw\/wp-content\/uploads\/2022\/09\/PORTADA_CHILE_AUTOCULTIVO_5.jpg\",\"width\":1607,\"height\":1063},{\"@type\":\"BreadcrumbList\",\"@id\":\"https:\/\/www.cannabis.es\/pw\/2022\/09\/06\/chile-delimita-el-autocultivo-y-porte-de-cannabis-en-la-tramitacion-de-la-ley-antinarco\/#breadcrumb\",\"itemListElement\":[{\"@type\":\"ListItem\",\"position\":1,\"name\":\"Portada\",\"item\":\"http:\/\/www.cannabis.es\/pw\/\"},{\"@type\":\"ListItem\",\"position\":2,\"name\":\"Chile delimita el autocultivo y porte de cannabis en la tramitaci\u00f3n de la ley antinarco\"}]},{\"@type\":\"WebSite\",\"@id\":\"https:\/\/www.cannabis.es\/pw\/#website\",\"url\":\"https:\/\/www.cannabis.es\/pw\/\",\"name\":\"Cannabis\",\"description\":\"Portal multimedia sobre cannabis y otras sustancias\",\"publisher\":{\"@id\":\"https:\/\/www.cannabis.es\/pw\/#organization\"},\"potentialAction\":[{\"@type\":\"SearchAction\",\"target\":{\"@type\":\"EntryPoint\",\"urlTemplate\":\"https:\/\/www.cannabis.es\/pw\/?s={search_term_string}\"},\"query-input\":{\"@type\":\"PropertyValueSpecification\",\"valueRequired\":true,\"valueName\":\"search_term_string\"}}],\"inLanguage\":\"es\"},{\"@type\":\"Organization\",\"@id\":\"https:\/\/www.cannabis.es\/pw\/#organization\",\"name\":\"Cannabis.es\",\"url\":\"https:\/\/www.cannabis.es\/pw\/\",\"logo\":{\"@type\":\"ImageObject\",\"inLanguage\":\"es\",\"@id\":\"https:\/\/www.cannabis.es\/pw\/#\/schema\/logo\/image\/\",\"url\":\"https:\/\/www.cannabis.es\/pw\/wp-content\/uploads\/2019\/04\/cropped-logo_cannabis.png\",\"contentUrl\":\"https:\/\/www.cannabis.es\/pw\/wp-content\/uploads\/2019\/04\/cropped-logo_cannabis.png\",\"width\":361,\"height\":120,\"caption\":\"Cannabis.es\"},\"image\":{\"@id\":\"https:\/\/www.cannabis.es\/pw\/#\/schema\/logo\/image\/\"},\"sameAs\":[\"https:\/\/x.com\/cannabis_es\"]},{\"@type\":\"Person\",\"@id\":\"https:\/\/www.cannabis.es\/pw\/#\/schema\/person\/ec770c03f3e99d770687f537f4ba1e89\",\"name\":\"Cannabis.es\",\"image\":{\"@type\":\"ImageObject\",\"inLanguage\":\"es\",\"@id\":\"https:\/\/www.cannabis.es\/pw\/#\/schema\/person\/image\/\",\"url\":\"https:\/\/secure.gravatar.com\/avatar\/810c93a3d6fadc3d9c2665b1d919a4aedea8ed4dd63689d001e985a804e90d83?s=96&d=mm&r=g\",\"contentUrl\":\"https:\/\/secure.gravatar.com\/avatar\/810c93a3d6fadc3d9c2665b1d919a4aedea8ed4dd63689d001e985a804e90d83?s=96&d=mm&r=g\",\"caption\":\"Cannabis.es\"},\"url\":\"https:\/\/www.cannabis.es\/pw\/author\/arnau\/\"}]}<\/script>\n<!-- \/ Yoast SEO plugin. -->","yoast_head_json":{"title":"Chile delimita el autocultivo y porte de cannabis en la tramitaci\u00f3n de la ley antinarco","description":"Entrada &#8226; Portal multimedia sobre cannabis y otras sustancias &#8226; 6 septiembre, 2022","robots":{"index":"index","follow":"follow","max-snippet":"max-snippet:-1","max-image-preview":"max-image-preview:large","max-video-preview":"max-video-preview:-1"},"canonical":"https:\/\/www.cannabis.es\/pw\/2022\/09\/06\/chile-delimita-el-autocultivo-y-porte-de-cannabis-en-la-tramitacion-de-la-ley-antinarco\/","twitter_card":"summary_large_image","twitter_title":"Chile delimita el autocultivo y porte de cannabis en la tramitaci\u00f3n de la ley antinarco","twitter_description":"Entrada &#8226; Portal multimedia sobre cannabis y otras sustancias &#8226; 6 septiembre, 2022","twitter_image":"https:\/\/www.cannabis.es\/pw\/wp-content\/uploads\/2022\/09\/PORTADA_CHILE_AUTOCULTIVO_5.jpg","twitter_creator":"@cannabis_es","twitter_site":"@cannabis_es","twitter_misc":{"Escrito por":"Cannabis.es","Tiempo de lectura":"3 minutos"},"schema":{"@context":"https:\/\/schema.org","@graph":[{"@type":"Article","@id":"https:\/\/www.cannabis.es\/pw\/2022\/09\/06\/chile-delimita-el-autocultivo-y-porte-de-cannabis-en-la-tramitacion-de-la-ley-antinarco\/#article","isPartOf":{"@id":"https:\/\/www.cannabis.es\/pw\/2022\/09\/06\/chile-delimita-el-autocultivo-y-porte-de-cannabis-en-la-tramitacion-de-la-ley-antinarco\/"},"author":{"name":"Cannabis.es","@id":"https:\/\/www.cannabis.es\/pw\/#\/schema\/person\/ec770c03f3e99d770687f537f4ba1e89"},"headline":"Chile delimita el autocultivo y porte de cannabis en la tramitaci\u00f3n de la ley antinarco","datePublished":"2022-09-06T09:56:18+00:00","dateModified":"2022-09-06T10:08:20+00:00","mainEntityOfPage":{"@id":"https:\/\/www.cannabis.es\/pw\/2022\/09\/06\/chile-delimita-el-autocultivo-y-porte-de-cannabis-en-la-tramitacion-de-la-ley-antinarco\/"},"wordCount":548,"publisher":{"@id":"https:\/\/www.cannabis.es\/pw\/#organization"},"image":{"@id":"https:\/\/www.cannabis.es\/pw\/2022\/09\/06\/chile-delimita-el-autocultivo-y-porte-de-cannabis-en-la-tramitacion-de-la-ley-antinarco\/#primaryimage"},"thumbnailUrl":"https:\/\/www.cannabis.es\/pw\/wp-content\/uploads\/2022\/09\/PORTADA_CHILE_AUTOCULTIVO_5.jpg","keywords":["Arnau Alcaide","autocultivo","cannabis","pol\u00edtica"],"articleSection":["Pol\u00edtica y Sociedad"],"inLanguage":"es"},{"@type":"WebPage","@id":"https:\/\/www.cannabis.es\/pw\/2022\/09\/06\/chile-delimita-el-autocultivo-y-porte-de-cannabis-en-la-tramitacion-de-la-ley-antinarco\/","url":"https:\/\/www.cannabis.es\/pw\/2022\/09\/06\/chile-delimita-el-autocultivo-y-porte-de-cannabis-en-la-tramitacion-de-la-ley-antinarco\/","name":"Chile delimita el autocultivo y porte de cannabis en la tramitaci\u00f3n de la ley antinarco","isPartOf":{"@id":"https:\/\/www.cannabis.es\/pw\/#website"},"primaryImageOfPage":{"@id":"https:\/\/www.cannabis.es\/pw\/2022\/09\/06\/chile-delimita-el-autocultivo-y-porte-de-cannabis-en-la-tramitacion-de-la-ley-antinarco\/#primaryimage"},"image":{"@id":"https:\/\/www.cannabis.es\/pw\/2022\/09\/06\/chile-delimita-el-autocultivo-y-porte-de-cannabis-en-la-tramitacion-de-la-ley-antinarco\/#primaryimage"},"thumbnailUrl":"https:\/\/www.cannabis.es\/pw\/wp-content\/uploads\/2022\/09\/PORTADA_CHILE_AUTOCULTIVO_5.jpg","datePublished":"2022-09-06T09:56:18+00:00","dateModified":"2022-09-06T10:08:20+00:00","description":"Entrada &#8226; Portal multimedia sobre cannabis y otras sustancias &#8226; 6 septiembre, 2022","breadcrumb":{"@id":"https:\/\/www.cannabis.es\/pw\/2022\/09\/06\/chile-delimita-el-autocultivo-y-porte-de-cannabis-en-la-tramitacion-de-la-ley-antinarco\/#breadcrumb"},"inLanguage":"es","potentialAction":[{"@type":"ReadAction","target":["https:\/\/www.cannabis.es\/pw\/2022\/09\/06\/chile-delimita-el-autocultivo-y-porte-de-cannabis-en-la-tramitacion-de-la-ley-antinarco\/"]}]},{"@type":"ImageObject","inLanguage":"es","@id":"https:\/\/www.cannabis.es\/pw\/2022\/09\/06\/chile-delimita-el-autocultivo-y-porte-de-cannabis-en-la-tramitacion-de-la-ley-antinarco\/#primaryimage","url":"https:\/\/www.cannabis.es\/pw\/wp-content\/uploads\/2022\/09\/PORTADA_CHILE_AUTOCULTIVO_5.jpg","contentUrl":"https:\/\/www.cannabis.es\/pw\/wp-content\/uploads\/2022\/09\/PORTADA_CHILE_AUTOCULTIVO_5.jpg","width":1607,"height":1063},{"@type":"BreadcrumbList","@id":"https:\/\/www.cannabis.es\/pw\/2022\/09\/06\/chile-delimita-el-autocultivo-y-porte-de-cannabis-en-la-tramitacion-de-la-ley-antinarco\/#breadcrumb","itemListElement":[{"@type":"ListItem","position":1,"name":"Portada","item":"http:\/\/www.cannabis.es\/pw\/"},{"@type":"ListItem","position":2,"name":"Chile delimita el autocultivo y porte de cannabis en la tramitaci\u00f3n de la ley antinarco"}]},{"@type":"WebSite","@id":"https:\/\/www.cannabis.es\/pw\/#website","url":"https:\/\/www.cannabis.es\/pw\/","name":"Cannabis","description":"Portal multimedia sobre cannabis y otras sustancias","publisher":{"@id":"https:\/\/www.cannabis.es\/pw\/#organization"},"potentialAction":[{"@type":"SearchAction","target":{"@type":"EntryPoint","urlTemplate":"https:\/\/www.cannabis.es\/pw\/?s={search_term_string}"},"query-input":{"@type":"PropertyValueSpecification","valueRequired":true,"valueName":"search_term_string"}}],"inLanguage":"es"},{"@type":"Organization","@id":"https:\/\/www.cannabis.es\/pw\/#organization","name":"Cannabis.es","url":"https:\/\/www.cannabis.es\/pw\/","logo":{"@type":"ImageObject","inLanguage":"es","@id":"https:\/\/www.cannabis.es\/pw\/#\/schema\/logo\/image\/","url":"https:\/\/www.cannabis.es\/pw\/wp-content\/uploads\/2019\/04\/cropped-logo_cannabis.png","contentUrl":"https:\/\/www.cannabis.es\/pw\/wp-content\/uploads\/2019\/04\/cropped-logo_cannabis.png","width":361,"height":120,"caption":"Cannabis.es"},"image":{"@id":"https:\/\/www.cannabis.es\/pw\/#\/schema\/logo\/image\/"},"sameAs":["https:\/\/x.com\/cannabis_es"]},{"@type":"Person","@id":"https:\/\/www.cannabis.es\/pw\/#\/schema\/person\/ec770c03f3e99d770687f537f4ba1e89","name":"Cannabis.es","image":{"@type":"ImageObject","inLanguage":"es","@id":"https:\/\/www.cannabis.es\/pw\/#\/schema\/person\/image\/","url":"https:\/\/secure.gravatar.com\/avatar\/810c93a3d6fadc3d9c2665b1d919a4aedea8ed4dd63689d001e985a804e90d83?s=96&d=mm&r=g","contentUrl":"https:\/\/secure.gravatar.com\/avatar\/810c93a3d6fadc3d9c2665b1d919a4aedea8ed4dd63689d001e985a804e90d83?s=96&d=mm&r=g","caption":"Cannabis.es"},"url":"https:\/\/www.cannabis.es\/pw\/author\/arnau\/"}]}},"_links":{"self":[{"href":"https:\/\/www.cannabis.es\/pw\/wp-json\/wp\/v2\/posts\/8899","targetHints":{"allow":["GET"]}}],"collection":[{"href":"https:\/\/www.cannabis.es\/pw\/wp-json\/wp\/v2\/posts"}],"about":[{"href":"https:\/\/www.cannabis.es\/pw\/wp-json\/wp\/v2\/types\/post"}],"author":[{"embeddable":true,"href":"https:\/\/www.cannabis.es\/pw\/wp-json\/wp\/v2\/users\/3"}],"replies":[{"embeddable":true,"href":"https:\/\/www.cannabis.es\/pw\/wp-json\/wp\/v2\/comments?post=8899"}],"version-history":[{"count":3,"href":"https:\/\/www.cannabis.es\/pw\/wp-json\/wp\/v2\/posts\/8899\/revisions"}],"predecessor-version":[{"id":8905,"href":"https:\/\/www.cannabis.es\/pw\/wp-json\/wp\/v2\/posts\/8899\/revisions\/8905"}],"wp:featuredmedia":[{"embeddable":true,"href":"https:\/\/www.cannabis.es\/pw\/wp-json\/wp\/v2\/media\/8902"}],"wp:attachment":[{"href":"https:\/\/www.cannabis.es\/pw\/wp-json\/wp\/v2\/media?parent=8899"}],"wp:term":[{"taxonomy":"category","embeddable":true,"href":"https:\/\/www.cannabis.es\/pw\/wp-json\/wp\/v2\/categories?post=8899"},{"taxonomy":"post_tag","embeddable":true,"href":"https:\/\/www.cannabis.es\/pw\/wp-json\/wp\/v2\/tags?post=8899"}],"curies":[{"name":"wp","href":"https:\/\/api.w.org\/{rel}","templated":true}]}}