{"id":9022,"date":"2022-10-07T11:50:10","date_gmt":"2022-10-07T09:50:10","guid":{"rendered":"https:\/\/www.cannabis.es\/pw\/?p=9022"},"modified":"2022-10-07T12:46:18","modified_gmt":"2022-10-07T10:46:18","slug":"la-confac-insta-al-psoe-en-el-congreso-a-consultar-a-sus-bases-sobre-cannabis","status":"publish","type":"post","link":"https:\/\/www.cannabis.es\/pw\/2022\/10\/07\/la-confac-insta-al-psoe-en-el-congreso-a-consultar-a-sus-bases-sobre-cannabis\/","title":{"rendered":"La ConFAC insta al PSOE en el Congreso a consultar a sus bases sobre cannabis"},"content":{"rendered":"\n<p>Arnau Alcaide<\/p>\n\n\n\n<p>La portavoz de la Confederaci\u00f3n de Asociaciones Cann\u00e1bicas, Patricia Amiguet, compareci\u00f3 <a href=\"https:\/\/www.youtube.com\/watch?v=wRgj0fTxlVU&amp;ab_channel=CongresodelosDiputados-CanalParlamento\">ayer <\/a>en la Comisi\u00f3n Mixta para el Estudio de las Adicciones a petici\u00f3n del <a href=\"https:\/\/www.cannabis.es\/pw\/2022\/09\/22\/rosique-erc-utilizaban-la-subcomision-para-acabar-con-el-debate-sobre-la-regulacion-integral\/\">Grupo Republicano (ERC)<\/a> para exponer la necesidad de regular el autoabastecimiento de cannabis, en su forma personal de autocultivo y asociativa de club social, retirando el abuso legal sobre las personas que usan la planta, e<strong> inst\u00f3 a un PSOE reticente a buscar la \u00abmayor\u00eda social\u00bb que no ven consultando a sus bases.<\/strong><\/p>\n\n\n\n<p>La tambi\u00e9n usuaria, presidenta de la <a href=\"https:\/\/www.cannabis.es\/pw\/2022\/06\/20\/un-unico-cierre-en-las-inspecciones-a-las-asociaciones-cannabicas-de-barcelona\/\">Federaci\u00f3n Catalana de Asociaciones Cann\u00e1bicas<\/a>, fundadora de la  asociaci\u00f3n cann\u00e1bica Pachamama y trabajadora del programa de <a href=\"https:\/\/www.cannabis.es\/pw\/2020\/09\/07\/un-kilo-al-ano-no-hace-dano-o-si\/\">RDR C\u00e0nnabis<\/a> del Departamento de Salud de la Generalitat de Catalunya exigi\u00f3 durante su ponencia en el Congreso \u00ab<em>una regulaci\u00f3n que garantice la seguridad jur\u00eddica; cese la criminalizaci\u00f3n para autocultivadoras, grow shops, productoras de semillas&nbsp; y Clubes Sociales de Cannabis; reconozca el derecho al cultivo individual y colectivo, as\u00ed como los circuitos de abastecimiento regulados, sin necesidad de imponer licencias con tasas millonarias; reconozca y repare el da\u00f1o causado a las v\u00edctimas [&#8230;]&nbsp;de la guerra contra las drogas en este pa\u00eds\u00bb<\/em>.<\/p>\n\n\n\n<p>La portavoz del movimiento cann\u00e1bico asociado pidi\u00f3 la derogaci\u00f3n de la <a href=\"https:\/\/www.cannabis.es\/pw\/2022\/09\/27\/aun-por-cerrar-el-acuerdo-que-sustituye-las-multas-de-consumo-o-tenencia-por-cursos\/\">Ley Mordaza<\/a>, la democratizaci\u00f3n del acceso al cannabis frente al modelo de licencias de producci\u00f3n reservado para el capital financiero y la participaci\u00f3n de las personas usuarias en una pol\u00edtica de drogas reorientada a un modelo sanitario frente al punitivo vigente. Record\u00f3 el contexto de partida en el cual \u00abtodas las iniciativas legislativas que se han dado a nivel auton\u00f3mico han sido anuladas por el Estado\u00bb. Y \u00aba su vez, varias sentencias de los Altos Tribunales exhortan al legislador a poner orden en esta realidad que excede de las competencias judiciales y auton\u00f3micas\u00bb. Es por esto que la portavoz se\u00f1alaba: \u00abSon ustedes los que tienen una tarea pendiente, convenzan hoy a los que tienen el poder de decisi\u00f3n. Porque ma\u00f1ana ser\u00e1 tarde\u00bb. <\/p>\n\n\n\n<p>\u00abSe\u00f1oras y se\u00f1ores, dejen de mentir\u00bb, criticaba con dureza la portavoz de asociaciones,<em> \u00abdejen de enga\u00f1ar en nombre de la salud p\u00fablica y reconozcan que les incomodamos [&#8230;]. Las injusticias y desigualdades que genera la prohibici\u00f3n se perpet\u00faan en un sistema perverso que fomenta la corrupci\u00f3n, la delincuencia y el blanqueo de capitales a gran escala<\/em>\u00ab. Una dureza para la que tuvo energ\u00edas, pese a tambi\u00e9n desmoronarse a l\u00e1grimas emocionadas recordando el trabajo del activismo y sus personas represaliadas.<\/p>\n\n\n\n<h2 class=\"wp-block-heading\">El PSOE argumenta como el PP miedos refutados como aumentos del consumo adolescente y alega ausencia de mayor\u00eda social<\/h2>\n\n\n\n<p>La m\u00e1s significativa de las intervenciones, por el peso de su posici\u00f3n en lo que respecta a regular con una propuesta de consenso en el bloque de investidura, fue la de Daniel Viondi, por el PSOE: \u00abRespeto sus l\u00e1grimas y me parecen las m\u00e1s nobles, las que proceden de las causas en las que se cree\u00bb. Y, como es ya habitual, empez\u00f3 afeando a Steegman de VOX los ataques a la ponente: \u00abSe trata de comprensi\u00f3n, no de insulto y agresi\u00f3n como he visto aqu\u00ed\u00bb.<\/p>\n\n\n\n<p><em>\u00abEn el cannabis medicinal hemos hecho los deberes. Hemos hecho en esta legislatura lo que no se hab\u00eda hecho en otra. Hemos comprometido al Congreso elevar al Gobierno para que se regule y se vote el cannabis medicinal\u00bb<\/em>, se escud\u00f3 Viondi en el marco conceptual de la separaci\u00f3n de debates que lleva manteniendo desde que concediera una <a href=\"https:\/\/www.cannabis.es\/pw\/2021\/06\/01\/daniel-viondi-psoe-vamos-a-ver-quien-es-paciente-y-quien-dice-serlo-para-fumar\/\">entrevista en exclusiva<\/a> a Cannabis.es hace un a\u00f1o.<\/p>\n\n\n\n<p><em>\u00abLlevamos m\u00e1s de un a\u00f1o con dos proposiciones de ley a la espera de que el<a href=\"https:\/\/www.cannabis.es\/pw\/2021\/10\/07\/unidas-podemos-registra-una-ley-integral-del-cannabis-de-80-paginas\/\"> Grupo confederal de Unidas Podemo<\/a>s- En Com\u00fa Podem y Galicia en Com\u00fan, y el <a href=\"https:\/\/www.cannabis.es\/pw\/2021\/09\/28\/esquerra-republicana-presenta-su-regulacion-del-cannabis-en-el-congreso\/\">Grupo Republicano<\/a>, presenten, decidan incluir en el orden del d\u00eda de un pleno, sus proyectos de ley. Por respeto, hasta entonces no voy a adelantar una posici\u00f3n que se tendr\u00e1 que reflejar en ese momento<\/em>\u00ab, sostuvo sin dejar entrever alg\u00fan resquicio de duda hacia una mayor ambici\u00f3n pol\u00edtica en materia de cannabis.<\/p>\n\n\n\n\n\n\n\n<blockquote class=\"wp-block-quote is-layout-flow wp-block-quote-is-layout-flow\"><p><em><strong>\u00abEstoy seguro de que nadie le dar\u00edamos un porro a chavales de 14 a\u00f1os [&#8230;] y eso no lo he escuchado en su intervenci\u00f3n\u00bb<\/strong><\/em><\/p><cite>Daniel Viondi, comisario de Salud y Adicciones y portavoz del PSOE en materia de Cannabis<\/cite><\/blockquote>\n\n\n\n\n\n\n\n<p>Finalmente<strong> reprob\u00f3 a Amiguet la apelaci\u00f3n a una responsabilidad \u00abpendiente\u00bb<\/strong> para el legislativo, trabajo por hacer que no interpreta as\u00ed el diputado socialista: <em>\u00abPara venir aqu\u00ed y cuestionar la responsabilidad hay que partir de una base. El cannabis es una droga [&#8230;]. Con las adicciones con sustancia tenemos un problema serio en este pa\u00eds. Yo pienso en las pr\u00f3ximas generaciones, en mis hijos y los hijos de quienes est\u00e1n aqu\u00ed, y <strong>estoy seguro de que nadie le dar\u00edamos un porro a chavales de 14 a\u00f1os, porque todos somos conscientes de que eso genera una adicci\u00f3n y es un problema para la adolescencia. Y eso no lo he escuchado en su intervenci\u00f3n<\/strong>, aunque ya he dicho que no quiero recrimin\u00e1rselo\u00bb. <\/em><\/p>\n\n\n\n<p><em><strong>\u00abEstamos alentando con discursos al consumo de una droga, que es ilegal a d\u00eda de hoy y seguir\u00e1 siendo ilegal hasta que esta c\u00e1mara no apruebe una proposici\u00f3n que la habilite\u00bb<\/strong>. [&#8230;] <strong>Si los 350 diputados no compartimos su opini\u00f3n no somos unos prohibicionistas<\/strong> que venimos a reventar nada, somos personas que escuchan a quienes tienen una opini\u00f3n distinta.<\/em> <em>Igual que para la regulaci\u00f3n medicinal del cannabis hab\u00eda una abrumadora mayor\u00eda las dos veces que se ha preguntado, sobre la regulaci\u00f3n integral del cannabis no hay una posici\u00f3n com\u00fan\u00bb, <\/em>argumentaba Viondi.<\/p>\n\n\n\n<p><strong>Amiguet le ir\u00eda respondiendo a cada una de las cuestiones <\/strong>en el turno de respuesta: \u00abCreemos que fueron insuficientes las experiencias de cannabis medicinal de la subcomisi\u00f3n\u00bb. Y destac\u00f3 la ausencia de las asociaciones cann\u00e1bicas explicando los<a href=\"https:\/\/www.cannabis.es\/pw\/2021\/09\/20\/confac-publica-el-servicio-a-3000-pacientes\/\"> programas piloto de servicio<\/a> medicinal cuando no hab\u00eda respuesta en el sistema, respuesta que a\u00fan debe dotarse con la regulaci\u00f3n medicinal. \u00abPuedo re\u00f1ir porque he votado, y si no hacen su trabajo puedo re\u00f1ir\u00bb.<strong> Respecto de los adolescentes, \u00abes que las asociaciones previenen su acceso\u00bb<\/strong>, desmontaba contundente de un argumento que ya se sabe caduco, que es que <strong>el consumo temprano se controla mejor en un sistema de accesos regulados no comercial, un peque\u00f1o detalle que obviaba Viondi en su comparativa con el sector del juego<\/strong>, para el que recib\u00eda a una representante de la patronal a continuaci\u00f3n. Finalmente, inst\u00f3 al PSOE a desgranar los datos del CIS por partidos, para darse cuenta de que sus votantes est\u00e1n a favor de la regulaci\u00f3n del cannabis, y pidi\u00f3 al principal partido del gobierno atreverse a consultar la decisi\u00f3n a sus bases.<\/p>\n\n\n\n<figure class=\"wp-block-embed is-type-wp-embed is-provider-cannabis wp-block-embed-cannabis\"><div class=\"wp-block-embed__wrapper\">\n<blockquote class=\"wp-embedded-content\" data-secret=\"yuEnFD3sqU\"><a href=\"https:\/\/www.cannabis.es\/pw\/2020\/06\/22\/el-estudio-de-la-legalizacion-en-uruguay-niega-el-aumento-del-consumo-en-adolescentes\/\">El estudio de la legalizaci\u00f3n en Uruguay niega el aumento del consumo en adolescentes<\/a><\/blockquote><iframe loading=\"lazy\" class=\"wp-embedded-content\" sandbox=\"allow-scripts\" security=\"restricted\" style=\"position: absolute; clip: rect(1px, 1px, 1px, 1px);\" title=\"\u00abEl estudio de la legalizaci\u00f3n en Uruguay niega el aumento del consumo en adolescentes\u00bb \u2014 Cannabis\" src=\"https:\/\/www.cannabis.es\/pw\/2020\/06\/22\/el-estudio-de-la-legalizacion-en-uruguay-niega-el-aumento-del-consumo-en-adolescentes\/embed\/#?secret=fH4MEP40P0#?secret=yuEnFD3sqU\" data-secret=\"yuEnFD3sqU\" width=\"600\" height=\"338\" frameborder=\"0\" marginwidth=\"0\" marginheight=\"0\" scrolling=\"no\"><\/iframe>\n<\/div><\/figure>\n\n\n\n<h2 class=\"wp-block-heading\">El resto de las intervenciones de representantes del legislativo<\/h2>\n\n\n\n<p>Desde el PNV, Nerea Ahedo se\u00f1al\u00f3 que cree que \u00abla regulaci\u00f3n es necesaria\u00bb. Y que \u00abel problema es que no tenemos la valent\u00eda de tener un debate sobre la legalizaci\u00f3n\u00bb, matizaba . \u00ab\u00bfQu\u00e9 le parece la <a href=\"https:\/\/www.cannabis.es\/pw\/2020\/05\/28\/salud-vasca-en-desarrollo-de-un-reglamento-legal-aprueba-reabrir-las-asociaciones\/\">ley vasca<\/a>? \u00bfQu\u00e9 pedir\u00edas a nivel estatal de cambiar que sea f\u00e1cil cambiar? Creo que no tenemos la valent\u00eda de abordar un debate serio sobre las drogas entendiendo que las drogas han estado siempre en la sociedad y el trabajo debe ser contra el abuso, no el uso\u00bb.<\/p>\n\n\n\n<p>Amiguet le responder\u00eda m\u00e1s tarde que despenalizar el consumo, despenalizar la tenencia, derogar la ley mordaza&#8230; En resumen, son muchos los derechos vulnerados y al menos se pueden eliminar castigos. \u00abLa ley vasca me parece que se ha tenido que ver reducida para encajar, por lo que en el momento que tiene que renunciar a regular el circuito del cultivo me parece insuficiente\u00bb, completar\u00eda.<\/p>\n\n\n\n<p>Por Esquerra Republicana, <a href=\"https:\/\/www.cannabis.es\/pw\/2021\/01\/13\/rosique-erc-tendria-que-ser-el-gobierno-mas-favorable-habido\/\">Marta Rosique<\/a> record\u00f3 tanto la regulaci\u00f3n catalana como la registrada y pendiente de debate y votaci\u00f3n en el Congreso. \u00abHay una mayor\u00eda posible esta legislatura para que la regulaci\u00f3n del cannabis sea una realidad [&#8230;]. Es una cuesti\u00f3n de voluntad pol\u00edtica, de llegar a consensos entre los que hoy estamos aqu\u00ed\u00bb. Y Amiguet a\u00f1adi\u00f3 que Espa\u00f1a acumula el mayor n\u00famero de propuestas de regulaci\u00f3n del mundo.<\/p>\n\n\n\n<p>Por Unidas Podemos, Pedro Honrubia expres\u00f3: \u00abSe nos hace dif\u00edcil comprender c\u00f3mo esta cuesti\u00f3n no es de consenso com\u00fan\u00bb y reflexion\u00f3 sobre la permisividad con el alcohol, como por ejemplo en la publicidad, y la tolerancia cero con el cannabis.<\/p>\n\n\n\n<p>Steegman de VOX calific\u00f3 la ponencia de \u00absentimental\u00bb y entr\u00f3 en sus habituales grandilocuencias verbales, tantas veces ofensivas con Amiguet. Dio un discurso prohibicionista con mucha apelaci\u00f3n a la portavoz cann\u00e1bica y fue reprendido por el Presidente de la mesa, al que devolvi\u00f3 la arenga. \u00abUstedes lo que quieren hacer es tener narcotizada a la sociedad espa\u00f1ola\u00bb, termin\u00f3.<\/p>\n\n\n\n<p>La popular Elvira Velasco habl\u00f3 del consumo adolescente, dejando caer que la propuesta perjudicar\u00eda en esta franja de edad. \u00abDebemos aportar todas las opciones para que nuestros j\u00f3venes no caigan en estos niveles de consumo de coca\u00edna, de cannabis perd\u00f3n\u00bb, se confundir\u00eda, acostumbrada a utilizar como arma arrojadiza el consumo de sustancias percibidas como m\u00e1s da\u00f1inas en el debate de la regulaci\u00f3n del cannabis.<\/p>\n\n\n\n<h2 class=\"wp-block-heading\">Transcripci\u00f3n original de Confac de la ponencia de Amiguet<\/h2>\n\n\n\n<p>Escrito por ConFAC el&nbsp;06 de octubre de 2022<\/p>\n\n\n\n<p>Buenas tardes se\u00f1or\u00edas, muchas gracias por darnos la oportunidad de comparecer hoy ante esta comisi\u00f3n. Gracias a Esquerra Republicana de Catalunya por registrarla y darnos voz. Y, gracias a todos aquellos partidos que siguen trabajando por unas pol\u00edticas de drogas m\u00e1s justas y eficaces as\u00ed como por los derechos de las personas usuarias y cultivadoras de cannabis en el Estado Espa\u00f1ol.<\/p>\n\n\n\n<p>Antes de nada, queremos recordar a sus se\u00f1or\u00edas que es la tercera vez que el movimiento cann\u00e1bico comparece ante esta comisi\u00f3n, pues lo hizo en 2001, 2014 y 2022. Una vez cada d\u00e9cada en los \u00faltimos 30 a\u00f1os, creemos oportuno remarcar que los reclamos y denuncias que vamos a exponer a continuaci\u00f3n no distan mucho de las expuestas entonces, evidenciando ya desde un inicio que las pol\u00edticas sobre cannabis en este pa\u00eds apenas han sido actualizadas a lo largo de los a\u00f1os, que distan mucho de adaptarse al ritmo de la transformaci\u00f3n social y al del movimiento de reforma internacional.<\/p>\n\n\n\n<p>La Confederaci\u00f3n de Federaciones de Asociaciones Cann\u00e1bicas, ConFAC, fue constituida en 2017, como una consecuencia del crecimiento natural de la Federaci\u00f3n de Asociaciones Cann\u00e1bicas (FAC) creada en 2003. Somos una organizaci\u00f3n no gubernamental, sin \u00e1nimo de lucro, que interviene en el \u00e1mbito del cannabis, m\u00e1s espec\u00edficamente, abogando por la regulaci\u00f3n de los denominados Clubes Sociales de Cannabis y trabajando por el reconocimiento de los derechos de las personas usuarias, el cultivo personal y el colectivo.<\/p>\n\n\n\n<p>Actualmente aglutinamos a m\u00e1s de 100 clubes en todo el Estado y trabajamos en red con m\u00faltiples entidades del tercer sector social, entre ellas entidades de Reducci\u00f3n de Riesgos y Da\u00f1os y organizaciones dedicadas a los Derechos Humanos o la Pol\u00edtica de Drogas. Como UNAD o No Somos Delito, entre muchas otras. Representamos a m\u00e1s de 15.000 personas usuarias afiliadas a ConFAC. Aunque hoy, no estamos aqu\u00ed s\u00f3lo para defender sus intereses, sino los de todos los clubes y asociaciones del Estado Espa\u00f1ol, que son aproximadamente unas 1500 entidades y, tambi\u00e9n, los derechos de las personas cultivadoras que demandamos que nuestra actividad sea reconocida y dignificada.<\/p>\n\n\n\n<p>A nivel Internacional legislar sobre autocultivo y CSCs no perjudica los compromisos en materia de estupefacientes contra\u00eddos por el Estado espa\u00f1ol, ya que este modelo se deriva de un constructo l\u00f3gico-jur\u00eddico del uso personal. La&nbsp;Convenci\u00f3n de las Naciones Unidas contra el Tr\u00e1fico Il\u00edcito de Estupefaciente y Sustancias Psicotr\u00f3picas de 1988, en su art\u00edculo n\u00famero 3.2, excluye la obligatoriedad de sancionar penalmente el uso personal y las conductas relativas, en base a la interpretaci\u00f3n de las Constituciones de los Estados Miembro.<\/p>\n\n\n\n<p>Seg\u00fan el informe del 2018 de la Universidad de Swansea, escrito por la Dra. Constanza S\u00e1nchez Avil\u00e9s y el experto en materia de pol\u00edticas de drogas Michael Collins, la actividad de los CSCs puede enmarcarse en la interpretaci\u00f3n de las tratados basada en los derechos humanos. Cuesti\u00f3n acordada tambi\u00e9n en la Sesi\u00f3n especial de la Comisi\u00f3n de Estupefacientes UNGASS 2016, donde se reconoci\u00f3 la autonom\u00eda de la que disponen los pa\u00edses miembro de las Naciones Unidas para legislar ciertos aspectos sobre drogas en su territorio.<\/p>\n\n\n\n<p>La regulaci\u00f3n integral del cannabis es inexorable y es cuesti\u00f3n de tiempo que tambi\u00e9n ustedes, nuestros representantes, tengan que abordar esta realidad. Ha quedado demostrado que las pol\u00edticas punitivas no han impedido que las personas consuman drogas. En todo caso, la prohibici\u00f3n s\u00ed ha facilitado que lo hagan en condiciones no seguras. Ya empiezan a ser varios los pa\u00edses que han regulado el acceso al cannabis como mecanismo de control de la demanda: Uruguay 2013, Canad\u00e1 2017, Malta 2021 o algunos estados de Estados Unidos\u2026 Y muchos otros se han comprometido firmemente, como Alemania, Luxemburgo o la Rep\u00fablica Checa.<\/p>\n\n\n\n<p>En el Informe Europeo sobre Drogas 2022 del Observatorio Europeo de Drogas y&nbsp; Adicciones se reconoce la necesidad de seguir avanzando en investigaci\u00f3n sobre modelos de regulaci\u00f3n, con seguimiento y monitoreo de las pol\u00edticas p\u00fablicas sobre cannabis que se implementen en Europa. Espa\u00f1a es un pa\u00eds clave cuando hablamos de cannabis. La realidad social, cultural y cient\u00edfica en esta materia, avanza m\u00e1s r\u00e1pido que la maquinaria legislativa y pone en evidencia o bien, la falta de voluntad, o bien de capacidad para dar respuesta a este fen\u00f3meno.<\/p>\n\n\n\n<p>El modelo espa\u00f1ol es uno de los m\u00e1s replicados a nivel global. Seg\u00fan el \u00faltimo mapeo europeo de Clubes Sociales de Cannabis realizado, en 2020, por la Universidad de Gante, encontramos que estas entidades existen en 13 pa\u00edses de la Uni\u00f3n Europea, lo que indica su extensi\u00f3n en el continente.<\/p>\n\n\n\n<p>En el \u00e1mbito Europeo, ya en 2006 el comisario Frattini contest\u00f3 una pregunta parlamentaria a la Comisi\u00f3n Europea, realizada por el eurodiputado italiano Giusto Catania, que abordaba una cuesti\u00f3n relativa a los Clubes Sociales de Cannabis promovida por la asociaci\u00f3n&nbsp;Pannagh y FAC, a la que el comisario contest\u00f3 (cito textualmente). \u201cEl alcance de la Decisi\u00f3n Marco no cubre el cultivo exclusivamente para consumo personal, esto se define por la ley nacional\u00a8.&nbsp;Por lo tanto, la regulaci\u00f3n del autocultivo y de las asociaciones cann\u00e1bicas es posible y est\u00e1 en sus manos. Es una decisi\u00f3n que les compete a ustedes se\u00f1or\u00edas, es una simple cuesti\u00f3n de VOLUNTAD y VALENT\u00cdA POL\u00cdTICAS.<\/p>\n\n\n\n<p>SE\u00d1OR\u00cdAS, \u00bfVAN A PERMITIR QUE NOS QUEDEMOS ATR\u00c1S?<\/p>\n\n\n\n<p>En el Estado espa\u00f1ol el cannabis es la droga ilegal (5a posici\u00f3n por detr\u00e1s del Alcohol, tabaco e hipnosedantes con y sin receta)&nbsp; m\u00e1s consumida, seg\u00fan el \u00faltimo informe de&nbsp; la encuesta EDADES. El 10,5% de la poblaci\u00f3n entre 15 y 64 a\u00f1os, es decir m\u00e1s de 3 millones de personas, asegura haber consumido cannabis en el \u00faltimo a\u00f1o, y el 37,5% , m\u00e1s de 11 millones, alguna vez en la vida (Datos no actualizados desde el 2019).<\/p>\n\n\n\n<p>En el informe de presentaci\u00f3n de esta misma encuesta, encontramos:<\/p>\n\n\n\n<p>De este 10,5% de personas que han consumido en el \u00faltimo a\u00f1o, el 14,6% de mujeres y un 16,2% de hombres accedieron al cannabis a trav\u00e9s de asociaciones o clubes cann\u00e1bicos, hecho que demuestra que la poblaci\u00f3n que no tiene la posibilidad de cultivar, se organiza para acceder a la sustancia al margen de las redes criminales.<\/p>\n\n\n\n<p>Que del total de las personas consumidoras solo un 3% de hombres y un 0,9% de mujeres desarrollaron alg\u00fan tipo de problema asociado al consumo, evidenciando que la mayor\u00eda de personas consumidoras tienen una relaci\u00f3n responsable con la sustancia.<\/p>\n\n\n\n<p>Es evidente que hay que regular, la cuesti\u00f3n es c\u00f3mo, \u00bfSaben ustedes c\u00f3mo regular el cannabis en Espa\u00f1a? En el contexto nacional tenemos una situaci\u00f3n privilegiada cuando hablamos de cannabis, un clima favorable, un movimiento social fuerte y una cultura cann\u00e1bica arraigada. Aspiramos a una regulaci\u00f3n que no banalice, ni demonice el consumo de cannabis, queremos una regulaci\u00f3n que responda a los intereses reales del conjunto de la sociedad espa\u00f1ola y no a los intereses de unos pocos. Queremos una regulaci\u00f3n que no deje a nadie atr\u00e1s.<\/p>\n\n\n\n<p>Y es por ello que, ante el inmovilismo del poder legislativo, especialmente de los partidos mayoritarios, nosotras venimos a proponer, a trabajar y a tender puentes. No somos delincuentes, somos personas, somos ciudadanas y reclamamos el derecho leg\u00edtimo a ser&nbsp; usuarias y cultivadoras de cannabis.<\/p>\n\n\n\n<p>Las asociaciones cann\u00e1bicas son un modelo normalizado en nuestra sociedad, nacieron para prevenir los riesgos asociados a los mercados il\u00edcitos, pero adem\u00e1s han resultado ser una herramienta efectiva y eficaz para la implementaci\u00f3n de pol\u00edticas p\u00fablicas dise\u00f1adas bajo criterios de salud y derechos humanos. Un instrumento indispensable para hacer llegar informaci\u00f3n sobre da\u00f1os y riesgos a la poblaci\u00f3n diana, mediante un sistema de gesti\u00f3n de placeres no estigmatizante y no invasivo, que promueve el tejido social y el intercambio de experiencias, creando un contexto que facilita las buenas pr\u00e1cticas y h\u00e1bitos menos nocivos en relaci\u00f3n al consumo.<\/p>\n\n\n\n<p>Disponemos de un modelo de regulaci\u00f3n que es ya una realidad en nuestro pa\u00eds, aprovechemos esta oportunidad para regular el acceso al cannabis para las personas usuarias de cannabis. Es hora, de hacer frente al bloqueo del Estado espa\u00f1ol. Judicializar la salud de las personas es una mala receta. La gobernabilidad incide en la capacidad del sistema pol\u00edtico para dar respuesta a la demanda social, regulando a trav\u00e9s de la adopci\u00f3n de soluciones eficaces, en igualdad de condiciones y bajo el argumento del inter\u00e9s general.<\/p>\n\n\n\n<p>Regularlas no es m\u00e1s que ordenar ALGO QUE YA EST\u00c1, QUE YA EXISTE Y QUE YA FUNCIONA.<\/p>\n\n\n\n<p>El circuito de abastecimiento del Club Social de Cannabis, consiste en llevar a cabo las tareas de cultivo, transformaci\u00f3n y dispensaci\u00f3n segura y controlada de cannabis, exclusivamente para personas inscritas en el programa. REGULAR es conseguir la seguridad jur\u00eddica del ciclo completo del cultivo, garantizando controles de calidad efectivos, reduciendo riesgos y protegiendo la \u00a1SALUD Y SEGURIDAD P\u00daBLICAS!<\/p>\n\n\n\n<p>Incluso la polic\u00eda y la administraci\u00f3n municipal coinciden en que su existencia ha reducido la venta y el consumo de cannabis en la calle. Un estudio publicado en el Journal of Drug Issues en 2019 sostiene que los clubes contribuyen a que las personas consumidoras est\u00e9n m\u00e1s y mejor informadas sobre el uso de la sustancia.<\/p>\n\n\n\n<p>Adem\u00e1s, el abastecimiento de cannabis a peque\u00f1a escala y de cercan\u00eda reduce la contaminaci\u00f3n por transporte o por cultivos de interior. El World Drug Report 2022 indica que la reducci\u00f3n de la huella de carbono y de los gases de efecto invernadero se ver\u00eda favorecida si se pasaran a cultivar las plantas de cannabis en el exterior. Por lo tanto, la regulaci\u00f3n del cultivo de las asociaciones favorece a las pol\u00edticas ecol\u00f3gicas y el cumplimiento de los Objetivos de Desarrollo Sostenible.<\/p>\n\n\n\n<p>No es nada nuevo se\u00f1or\u00edas, todas ustedes saben qu\u00e9 es un Club Social de Cannabis, casi todos los partidos de esta c\u00e1mara han trabajado y votado a favor de alguna disposici\u00f3n que pusiera marco normativo a la actividad de estas entidades en alg\u00fan nivel de Gobierno. El trabajo que se hizo en Euskadi, Navarra y Catalunya son un buen ejemplo de c\u00f3mo la sociedad civil ha logrado trabajar de manera conjunta con la clase pol\u00edtica y c\u00f3mo estos \u00faltimos se han dado cuenta de la mejora social que supone la implementaci\u00f3n de los CSC.<\/p>\n\n\n\n<p>Cabe destacar que todas las iniciativas legislativas que se han dado a nivel auton\u00f3mico han sido anuladas por el Estado. A su vez, varias sentencias de los Altos Tribunales exhortan al legislador a poner orden en esta realidad que excede de las competencias judiciales y auton\u00f3micas. Son ustedes los que tienen una tarea pendiente, convenzan HOY a los que tienen el poder de decisi\u00f3n. Porque MA\u00d1ANA SER\u00c1 TARDE.<\/p>\n\n\n\n<p>Cualquier Regulaci\u00f3n sobre Cannabis deber\u00eda servir a los intereses de la salud p\u00fablica y el bienestar, y no los del negocio. Sus se\u00f1or\u00edas deber\u00edan extraer de esta exposici\u00f3n que se debe asegurarse que el poder central de toma de decisiones reguladoras recae sobre las autoridades de la salud p\u00fablica y no sobre los empresarios o aquellos que los representan.<\/p>\n\n\n\n<figure class=\"wp-block-image\"><img decoding=\"async\" src=\"https:\/\/confac.org\/images\/2022-10-07_07h15_25.png\" alt=\"\"\/><\/figure>\n\n\n\n<p><a href=\"https:\/\/youtu.be\/2Gyh3zfUBBc\"><\/a><\/p>\n\n\n\n<p>Por ello, desde ConFAC, venimos a&nbsp;la casa&nbsp;de la&nbsp;soberan\u00eda nacional, a decir que&nbsp;NO PODEMOS SEGUIR ESPERANDO Y QUE NO PODEMOS SEGUIR AS\u00cd.<\/p>\n\n\n\n<p>DEJEN DE REPRESALIAR Y UTILIZARNOS COMO EXCUSA PARA NO ASUMIR SUS RESPONSABILIDADES, Sab\u00edan que\u2026<\/p>\n\n\n\n<p>Seg\u00fan el Portal Estad\u00edstico de Criminalidad del Ministerio del Interior, en el a\u00f1o 2021, el 70% del total de lo recaudado por la LO 4\/2015, de protecci\u00f3n de la seguridad ciudadana, m\u00e1s conocida como Ley Mordaza, corresponde a la infracci\u00f3n por consumo o tenencia en v\u00eda p\u00fablica, (tipificado en el art\u00edculo 36.16). Si tenemos en cuenta que el cannabis es la droga ilegal m\u00e1s consumida en el Estado espa\u00f1ol, podemos asegurar que este es el colectivo m\u00e1s numeroso afectado&nbsp; por la aplicaci\u00f3n de esta ley.<\/p>\n\n\n\n<p>Sin olvidar la ley de tr\u00e1fico, que necesita una reforma en lo relativo a las pruebas de droga en carretera,&nbsp;ya que existe suficiente bibliograf\u00eda cient\u00edfica as\u00ed como leyes de derecho comparado que permiten establecer que una m\u00ednima presencia de THC en el organismo no afecta a las capacidades psicof\u00edsicas para la conducci\u00f3n. Adem\u00e1s, habr\u00eda que someter los aparatos de detecci\u00f3n de drogas y los aparatos de laboratorio a la ley de control metrol\u00f3gico del Estado,&nbsp;ya que hoy en d\u00eda cada fabricante y cada laboratorio establece una calibraci\u00f3n, lo que afectar\u00eda al art. 14 del Texto Constitucional que protege y reconoce el derecho a la igualdad ante la ley.<\/p>\n\n\n\n<p>Queremos dejar constancia en esta sala, que no es solo un sentimiento o percepci\u00f3n, la realidad es que las pol\u00edticas de este pa\u00eds criminalizan, persiguen y estigmatizan a las personas usuarias y cultivadoras de cannabis, ciudadanas como ustedes, sobre las que recae el peso del castigo administrativo y penal por el simple hecho de querer acceder a una sustancia evitando los canales il\u00edcitos que se generan por la falta de regulaci\u00f3n. La judicializaci\u00f3n de las pol\u00edticas sobre drogas satura nuestro sistema penal y genera un ingente gasto p\u00fablico que podr\u00eda ser derivado a incrementar la inversi\u00f3n en pol\u00edticas educativas y de salud.<\/p>\n\n\n\n<p>\u00bfSaben sus se\u00f1or\u00edas que hay personas que van a la c\u00e1rcel por querer cultivar cannabis de manera legal?,<\/p>\n\n\n\n<p>\u00bfSaben sus se\u00f1or\u00edas las cientos de miles de historias de vidas truncadas por los largos procesos judiciales? Condenas de banquillo que nublan el d\u00eda a d\u00eda de las personas que las sufren. Desgaste y ruina personal.<\/p>\n\n\n\n<p>\u00bfSaben ustedes que se derrochan miles de millones de euros en desproporcionadas operaciones policiales y judiciales?<\/p>\n\n\n\n<p>Mientras ustedes intentan convencer a la sociedad sobre lo malo que es consumir cannabis y lo poco responsables que somos las personas que lo usamos, se otorgan licencias a empresas que lo cultivan, venden y exportan a pa\u00edses donde s\u00ed es legal. Este doble rasero ejemplifica claramente su visi\u00f3n sobre el cannabis: el cultivo ser\u00e1 ilegal, menos para unas pocas empresas que se puedan permitir los inalcanzables costes asociados a la obtenci\u00f3n de licencias.<\/p>\n\n\n\n<p>\u00bfVan a seguir dando la espalda a esta incoherencia? Se\u00f1oras y se\u00f1ores, dejen de mentir, dejen de enga\u00f1ar en nombre de la SALUD P\u00daBLICA, y reconozcan que les incomodamos,&nbsp; el cannabis es el elefante en la habitaci\u00f3n, todos sabemos que es una realidad, pero nadie se atreve a abordarla.<\/p>\n\n\n\n<p>Las injusticias y desigualdades que genera la prohibici\u00f3n se perpet\u00faan en un sistema perverso que fomenta la corrupci\u00f3n, la delincuencia y el blanqueo de capitales a gran escala. Por no hablar de las posibles derivaciones de flujos monetarios al terrorismo. ESTO NO PUEDE CONTINUAR Y USTEDES TIENEN LA POTESTAD PARA PONER LA PRIMERA PIEDRA DEL CAMBIO.<\/p>\n\n\n\n<p>El cannabis no es una cuesti\u00f3n de color pol\u00edtico, y a estas alturas o bien es IGNORANCIA o bien es una HIPOCRES\u00cdA pensar que la hierba en este pa\u00eds aparece por arte de magia en las estanter\u00edas de nuestros hogares y que las personas usuarias de cannabis se van a conformar con consumir una hierba de la que desconocen la calidad o procedencia.<\/p>\n\n\n\n<p>Por desgracia, estos \u00faltimos a\u00f1os venimos observando como distintos gobiernos han adoptado l\u00edneas de acci\u00f3n que amenazan las Iniciativas que desde el colectivo cann\u00e1bico hemos construido. Cultivadoras, empresas, activistas y clubs est\u00e1n siendo amenazados.<\/p>\n\n\n\n<p>Nos podr\u00e1n sancionar, nos podr\u00e1n perseguir, pero no nos van a parar. Si algo hemos demostrado como colectivo es que somos capaces de resistir, que nos adaptamos a los desaf\u00edos, que somos la perfecta definici\u00f3n de lo que significa RESILIENCIA.<\/p>\n\n\n\n<p>A todas aquellas personas usuarias, autocultivadoras y asociaciones que nos est\u00e1is escuchando, que nos acompa\u00f1\u00e9is, estamos aqu\u00ed para defender vuestros derechos, estamos aqu\u00ed para daros voz, para luchar por vuestros intereses. este modelo \u00fanico, lo hemos creado entre todos y todas, y hoy saldremos de aqu\u00ed con la cabeza bien alta y orgullosas del movimiento en el que nos hemos convertido.<\/p>\n\n\n\n<p>Sumaros, movilizaros, sigamos haciendo ruido, y demostremos que no descansaremos hasta conseguir nuestro objetivo, una regulaci\u00f3n del cannabis inclusiva que integre la realidad de cada una de nosotras.<\/p>\n\n\n\n<p>Para concluir se\u00f1or\u00edas. Hoy hemos venido a exigirles una vez m\u00e1s que piensen en la gente. Es hora de asumir los retos y oportunidades del momento pol\u00edtico que afrontamos. Partimos de la experiencia de los \u00faltimos a\u00f1os, de los proyectos y luchas en las que hemos participado, que nos han llevado a darnos cuenta de la necesidad de dotarnos de herramientas e infraestructuras que perduren en el tiempo. En este sentido, ponemos el foco de nuestras fuerzas y objetivos en que las personas usuarias de cannabis sean el centro del desarrollo de las pol\u00edticas de drogas futuras.<\/p>\n\n\n\n<p>QUEREMOS QUE NOS ESCUCHEN Y QUE NOS TENGAN EN CUENTA<\/p>\n\n\n\n<p>NADA DE NOSOTRAS, SIN NOSOTRAS<\/p>\n\n\n\n<p>Y es por ello que EXIGIMOS una regulaci\u00f3n para nuestra actividad:<\/p>\n\n\n\n<p>Que garantice la seguridad jur\u00eddica y cese la criminalizaci\u00f3n para autocultivadoras, grow shops, productoras de semillas&nbsp; y Clubes Sociales de Cannabis.<\/p>\n\n\n\n<p>Que se reconozca el derecho al cultivo individual y colectivo, as\u00ed como los circuitos de abastecimiento regulados, sin necesidad de imponer licencias con tasas millonarias.<\/p>\n\n\n\n<p>Que se reconozca y repare el da\u00f1o causado a las v\u00edctimas, personas como usted y como yo, con nombre propio, Fernanda de la Figuera, Antonio Moreno, Mart\u00edn Barriuso, Moncho, Jose Afuera, Maite , Anna, Albert Ti\u00f3,&nbsp;Josetxu,&nbsp;Victor Sagu\u00e9s, Francisco, Javier\u2026 &nbsp; y muchas otras y otros que nos hemos visto afectadas y seguimos afectadas por la guerra contra las drogas en este pa\u00eds.<\/p>\n\n\n\n<p>Que se proclame una amnist\u00eda para todas las personas presas de este pa\u00eds por causas no violentas relacionadas con drogas.<\/p>\n\n\n\n<p>Que se regule la producci\u00f3n y venta de productos de&nbsp; CBD.<\/p>\n\n\n\n<p>Que la Fiscal\u00eda deje de imputar a los CSC con el cargo de organizaci\u00f3n criminal.<\/p>\n\n\n\n<p>Que el Plan Nacional Sobre Drogas cree un grupo de trabajo en el que se incorpore la voz de las personas consumidoras, las protagonistas de esta cuesti\u00f3n.<\/p>\n\n\n\n<p>Que se derogue la ley mordaza y dem\u00e1s disposiciones que criminalizan a las personas usuarias, como la ley de tr\u00e1fico.<\/p>\n\n\n\n<p>Que se dediquen m\u00e1s recursos a dar informaci\u00f3n objetiva a la ciudadan\u00eda, a programas de reducci\u00f3n de riesgos a los grupos vulnerables y a estudiar el fen\u00f3meno cann\u00e1bico imparcialmente.<\/p>\n\n\n\n<p>En definitiva, queremos una Ley que ponga el foco en las personas y su salud, que sea din\u00e1mica y se adecue a la velocidad de transformaci\u00f3n de nuestra sociedad,&nbsp; que tenga en cuenta el conocimiento adquirido por las personas que tanto tiempo llevamos trabajando esto. Nuestro pa\u00eds se merece unas pol\u00edticas de drogas MEJORES, M\u00c1S JUSTAS Y EFICACES, \u00bfREGULAMOS DE UNA VEZ POR TODAS?<\/p>\n\n\n\n<p>Esperamos sus se\u00f1or\u00edas, que la TERCERA SEA LA VENCIDA.<\/p>\n\n\n\n<p>Quedamos a su entera disposici\u00f3n para cualquier duda o aclaraci\u00f3n que pueda surgir.<\/p>\n\n\n\n<p><a href=\"https:\/\/confac.org\/noticias\/1094-comision-mixta-para-el-estudio-de-los-problemas-de-las-adicciones#\"><\/a><\/p>\n","protected":false},"excerpt":{"rendered":"<span class=\"span-reading-time rt-reading-time\" style=\"display: block;\"><span class=\"rt-label rt-prefix\">Tiempo de lectura:<\/span> <span class=\"rt-time\"> 16<\/span> <span class=\"rt-label rt-postfix\">minutos<\/span><\/span>Arnau Alcaide La portavoz de la Confederaci\u00f3n de Asociaciones Cann\u00e1bicas, Patricia Amiguet, compareci\u00f3 ayer en la Comisi\u00f3n Mixta para el Estudio de las Adicciones a petici\u00f3n del Grupo Republicano (ERC) para exponer la necesidad de regular el autoabastecimiento de cannabis, en su forma personal de autocultivo y asociativa de club social, retirando el abuso legal [&hellip;]","protected":false},"author":3,"featured_media":9025,"comment_status":"closed","ping_status":"closed","sticky":false,"template":"","format":"standard","meta":{"loftocean-featured-post":"","loftocean_post_format_gallery":"","loftocean_post_format_gallery_ids":"","loftocean_post_format_gallery_urls":"","loftocean_post_format_video_id":"","loftocean_post_format_video_url":"","loftocean_post_format_video_type":"","loftocean_post_format_video":"","loftocean_post_format_audio_type":"","loftocean_post_format_audio_url":"","loftocean_post_format_audio_id":"","loftocean_post_format_audio":"","loftocean_post_format_quote_text":"","loftocean_post_format_quote_byline":"","loftocean_post_format_link_text":"","loftocean_post_format_link_url":"","ceramag_post_header_style":"","ceramag_enable_background_video":"","ceramag_show_in_top_slider":"","ceramag_post_background_video_start":"","ceramag_post_background_video_end":"","loftocean_page_background_video_id":"","loftocean_page_background_video_url":"","loftocean_page_background_video_type":"","loftocean_page_background_video":"","ceramag_background_video_start":"","ceramag_background_video_end":"","ceramag_single_page_hide_header":"","footnotes":""},"categories":[35],"tags":[540,41,54,42],"class_list":["post-9022","post","type-post","status-publish","format-standard","has-post-thumbnail","hentry","category-politica-y-sociedad","tag-arnau-alcaide","tag-cannabis","tag-legalizacion","tag-politica"],"yoast_head":"<!-- This site is optimized with the Yoast SEO plugin v24.9 - https:\/\/yoast.com\/wordpress\/plugins\/seo\/ -->\n<title>La ConFAC insta al PSOE en el Congreso a consultar a sus bases sobre cannabis<\/title>\n<meta name=\"description\" content=\"Entrada &#8226; Portal multimedia sobre cannabis y otras sustancias &#8226; 7 octubre, 2022\" \/>\n<meta name=\"robots\" content=\"index, follow, max-snippet:-1, max-image-preview:large, max-video-preview:-1\" \/>\n<link rel=\"canonical\" href=\"https:\/\/www.cannabis.es\/pw\/2022\/10\/07\/la-confac-insta-al-psoe-en-el-congreso-a-consultar-a-sus-bases-sobre-cannabis\/\" \/>\n<meta name=\"twitter:card\" content=\"summary_large_image\" \/>\n<meta name=\"twitter:title\" content=\"La ConFAC insta al PSOE en el Congreso a consultar a sus bases sobre cannabis\" \/>\n<meta name=\"twitter:description\" content=\"Entrada &#8226; Portal multimedia sobre cannabis y otras sustancias &#8226; 7 octubre, 2022\" \/>\n<meta name=\"twitter:image\" content=\"https:\/\/www.cannabis.es\/pw\/wp-content\/uploads\/2022\/10\/PORTADA_COMISION_MIXTA_AMIGUET.jpg\" \/>\n<meta name=\"twitter:creator\" content=\"@cannabis_es\" \/>\n<meta name=\"twitter:site\" content=\"@cannabis_es\" \/>\n<meta name=\"twitter:label1\" content=\"Escrito por\" \/>\n\t<meta name=\"twitter:data1\" content=\"Cannabis.es\" \/>\n\t<meta name=\"twitter:label2\" content=\"Tiempo de lectura\" \/>\n\t<meta name=\"twitter:data2\" content=\"21 minutos\" \/>\n<script type=\"application\/ld+json\" class=\"yoast-schema-graph\">{\"@context\":\"https:\/\/schema.org\",\"@graph\":[{\"@type\":\"Article\",\"@id\":\"https:\/\/www.cannabis.es\/pw\/2022\/10\/07\/la-confac-insta-al-psoe-en-el-congreso-a-consultar-a-sus-bases-sobre-cannabis\/#article\",\"isPartOf\":{\"@id\":\"https:\/\/www.cannabis.es\/pw\/2022\/10\/07\/la-confac-insta-al-psoe-en-el-congreso-a-consultar-a-sus-bases-sobre-cannabis\/\"},\"author\":{\"name\":\"Cannabis.es\",\"@id\":\"https:\/\/www.cannabis.es\/pw\/#\/schema\/person\/ec770c03f3e99d770687f537f4ba1e89\"},\"headline\":\"La ConFAC insta al PSOE en el Congreso a consultar a sus bases sobre cannabis\",\"datePublished\":\"2022-10-07T09:50:10+00:00\",\"dateModified\":\"2022-10-07T10:46:18+00:00\",\"mainEntityOfPage\":{\"@id\":\"https:\/\/www.cannabis.es\/pw\/2022\/10\/07\/la-confac-insta-al-psoe-en-el-congreso-a-consultar-a-sus-bases-sobre-cannabis\/\"},\"wordCount\":4939,\"publisher\":{\"@id\":\"https:\/\/www.cannabis.es\/pw\/#organization\"},\"image\":{\"@id\":\"https:\/\/www.cannabis.es\/pw\/2022\/10\/07\/la-confac-insta-al-psoe-en-el-congreso-a-consultar-a-sus-bases-sobre-cannabis\/#primaryimage\"},\"thumbnailUrl\":\"https:\/\/www.cannabis.es\/pw\/wp-content\/uploads\/2022\/10\/PORTADA_COMISION_MIXTA_AMIGUET.jpg\",\"keywords\":[\"Arnau Alcaide\",\"cannabis\",\"legalizaci\u00f3n\",\"pol\u00edtica\"],\"articleSection\":[\"Pol\u00edtica y Sociedad\"],\"inLanguage\":\"es\"},{\"@type\":\"WebPage\",\"@id\":\"https:\/\/www.cannabis.es\/pw\/2022\/10\/07\/la-confac-insta-al-psoe-en-el-congreso-a-consultar-a-sus-bases-sobre-cannabis\/\",\"url\":\"https:\/\/www.cannabis.es\/pw\/2022\/10\/07\/la-confac-insta-al-psoe-en-el-congreso-a-consultar-a-sus-bases-sobre-cannabis\/\",\"name\":\"La ConFAC insta al PSOE en el Congreso a consultar a sus bases sobre cannabis\",\"isPartOf\":{\"@id\":\"https:\/\/www.cannabis.es\/pw\/#website\"},\"primaryImageOfPage\":{\"@id\":\"https:\/\/www.cannabis.es\/pw\/2022\/10\/07\/la-confac-insta-al-psoe-en-el-congreso-a-consultar-a-sus-bases-sobre-cannabis\/#primaryimage\"},\"image\":{\"@id\":\"https:\/\/www.cannabis.es\/pw\/2022\/10\/07\/la-confac-insta-al-psoe-en-el-congreso-a-consultar-a-sus-bases-sobre-cannabis\/#primaryimage\"},\"thumbnailUrl\":\"https:\/\/www.cannabis.es\/pw\/wp-content\/uploads\/2022\/10\/PORTADA_COMISION_MIXTA_AMIGUET.jpg\",\"datePublished\":\"2022-10-07T09:50:10+00:00\",\"dateModified\":\"2022-10-07T10:46:18+00:00\",\"description\":\"Entrada &#8226; Portal multimedia sobre cannabis y otras sustancias &#8226; 7 octubre, 2022\",\"breadcrumb\":{\"@id\":\"https:\/\/www.cannabis.es\/pw\/2022\/10\/07\/la-confac-insta-al-psoe-en-el-congreso-a-consultar-a-sus-bases-sobre-cannabis\/#breadcrumb\"},\"inLanguage\":\"es\",\"potentialAction\":[{\"@type\":\"ReadAction\",\"target\":[\"https:\/\/www.cannabis.es\/pw\/2022\/10\/07\/la-confac-insta-al-psoe-en-el-congreso-a-consultar-a-sus-bases-sobre-cannabis\/\"]}]},{\"@type\":\"ImageObject\",\"inLanguage\":\"es\",\"@id\":\"https:\/\/www.cannabis.es\/pw\/2022\/10\/07\/la-confac-insta-al-psoe-en-el-congreso-a-consultar-a-sus-bases-sobre-cannabis\/#primaryimage\",\"url\":\"https:\/\/www.cannabis.es\/pw\/wp-content\/uploads\/2022\/10\/PORTADA_COMISION_MIXTA_AMIGUET.jpg\",\"contentUrl\":\"https:\/\/www.cannabis.es\/pw\/wp-content\/uploads\/2022\/10\/PORTADA_COMISION_MIXTA_AMIGUET.jpg\",\"width\":1607,\"height\":1063},{\"@type\":\"BreadcrumbList\",\"@id\":\"https:\/\/www.cannabis.es\/pw\/2022\/10\/07\/la-confac-insta-al-psoe-en-el-congreso-a-consultar-a-sus-bases-sobre-cannabis\/#breadcrumb\",\"itemListElement\":[{\"@type\":\"ListItem\",\"position\":1,\"name\":\"Portada\",\"item\":\"http:\/\/www.cannabis.es\/pw\/\"},{\"@type\":\"ListItem\",\"position\":2,\"name\":\"La ConFAC insta al PSOE en el Congreso a consultar a sus bases sobre cannabis\"}]},{\"@type\":\"WebSite\",\"@id\":\"https:\/\/www.cannabis.es\/pw\/#website\",\"url\":\"https:\/\/www.cannabis.es\/pw\/\",\"name\":\"Cannabis\",\"description\":\"Portal multimedia sobre cannabis y otras sustancias\",\"publisher\":{\"@id\":\"https:\/\/www.cannabis.es\/pw\/#organization\"},\"potentialAction\":[{\"@type\":\"SearchAction\",\"target\":{\"@type\":\"EntryPoint\",\"urlTemplate\":\"https:\/\/www.cannabis.es\/pw\/?s={search_term_string}\"},\"query-input\":{\"@type\":\"PropertyValueSpecification\",\"valueRequired\":true,\"valueName\":\"search_term_string\"}}],\"inLanguage\":\"es\"},{\"@type\":\"Organization\",\"@id\":\"https:\/\/www.cannabis.es\/pw\/#organization\",\"name\":\"Cannabis.es\",\"url\":\"https:\/\/www.cannabis.es\/pw\/\",\"logo\":{\"@type\":\"ImageObject\",\"inLanguage\":\"es\",\"@id\":\"https:\/\/www.cannabis.es\/pw\/#\/schema\/logo\/image\/\",\"url\":\"https:\/\/www.cannabis.es\/pw\/wp-content\/uploads\/2019\/04\/cropped-logo_cannabis.png\",\"contentUrl\":\"https:\/\/www.cannabis.es\/pw\/wp-content\/uploads\/2019\/04\/cropped-logo_cannabis.png\",\"width\":361,\"height\":120,\"caption\":\"Cannabis.es\"},\"image\":{\"@id\":\"https:\/\/www.cannabis.es\/pw\/#\/schema\/logo\/image\/\"},\"sameAs\":[\"https:\/\/x.com\/cannabis_es\"]},{\"@type\":\"Person\",\"@id\":\"https:\/\/www.cannabis.es\/pw\/#\/schema\/person\/ec770c03f3e99d770687f537f4ba1e89\",\"name\":\"Cannabis.es\",\"image\":{\"@type\":\"ImageObject\",\"inLanguage\":\"es\",\"@id\":\"https:\/\/www.cannabis.es\/pw\/#\/schema\/person\/image\/\",\"url\":\"https:\/\/secure.gravatar.com\/avatar\/810c93a3d6fadc3d9c2665b1d919a4aedea8ed4dd63689d001e985a804e90d83?s=96&d=mm&r=g\",\"contentUrl\":\"https:\/\/secure.gravatar.com\/avatar\/810c93a3d6fadc3d9c2665b1d919a4aedea8ed4dd63689d001e985a804e90d83?s=96&d=mm&r=g\",\"caption\":\"Cannabis.es\"},\"url\":\"https:\/\/www.cannabis.es\/pw\/author\/arnau\/\"}]}<\/script>\n<!-- \/ Yoast SEO plugin. -->","yoast_head_json":{"title":"La ConFAC insta al PSOE en el Congreso a consultar a sus bases sobre cannabis","description":"Entrada &#8226; Portal multimedia sobre cannabis y otras sustancias &#8226; 7 octubre, 2022","robots":{"index":"index","follow":"follow","max-snippet":"max-snippet:-1","max-image-preview":"max-image-preview:large","max-video-preview":"max-video-preview:-1"},"canonical":"https:\/\/www.cannabis.es\/pw\/2022\/10\/07\/la-confac-insta-al-psoe-en-el-congreso-a-consultar-a-sus-bases-sobre-cannabis\/","twitter_card":"summary_large_image","twitter_title":"La ConFAC insta al PSOE en el Congreso a consultar a sus bases sobre cannabis","twitter_description":"Entrada &#8226; Portal multimedia sobre cannabis y otras sustancias &#8226; 7 octubre, 2022","twitter_image":"https:\/\/www.cannabis.es\/pw\/wp-content\/uploads\/2022\/10\/PORTADA_COMISION_MIXTA_AMIGUET.jpg","twitter_creator":"@cannabis_es","twitter_site":"@cannabis_es","twitter_misc":{"Escrito por":"Cannabis.es","Tiempo de lectura":"21 minutos"},"schema":{"@context":"https:\/\/schema.org","@graph":[{"@type":"Article","@id":"https:\/\/www.cannabis.es\/pw\/2022\/10\/07\/la-confac-insta-al-psoe-en-el-congreso-a-consultar-a-sus-bases-sobre-cannabis\/#article","isPartOf":{"@id":"https:\/\/www.cannabis.es\/pw\/2022\/10\/07\/la-confac-insta-al-psoe-en-el-congreso-a-consultar-a-sus-bases-sobre-cannabis\/"},"author":{"name":"Cannabis.es","@id":"https:\/\/www.cannabis.es\/pw\/#\/schema\/person\/ec770c03f3e99d770687f537f4ba1e89"},"headline":"La ConFAC insta al PSOE en el Congreso a consultar a sus bases sobre cannabis","datePublished":"2022-10-07T09:50:10+00:00","dateModified":"2022-10-07T10:46:18+00:00","mainEntityOfPage":{"@id":"https:\/\/www.cannabis.es\/pw\/2022\/10\/07\/la-confac-insta-al-psoe-en-el-congreso-a-consultar-a-sus-bases-sobre-cannabis\/"},"wordCount":4939,"publisher":{"@id":"https:\/\/www.cannabis.es\/pw\/#organization"},"image":{"@id":"https:\/\/www.cannabis.es\/pw\/2022\/10\/07\/la-confac-insta-al-psoe-en-el-congreso-a-consultar-a-sus-bases-sobre-cannabis\/#primaryimage"},"thumbnailUrl":"https:\/\/www.cannabis.es\/pw\/wp-content\/uploads\/2022\/10\/PORTADA_COMISION_MIXTA_AMIGUET.jpg","keywords":["Arnau Alcaide","cannabis","legalizaci\u00f3n","pol\u00edtica"],"articleSection":["Pol\u00edtica y Sociedad"],"inLanguage":"es"},{"@type":"WebPage","@id":"https:\/\/www.cannabis.es\/pw\/2022\/10\/07\/la-confac-insta-al-psoe-en-el-congreso-a-consultar-a-sus-bases-sobre-cannabis\/","url":"https:\/\/www.cannabis.es\/pw\/2022\/10\/07\/la-confac-insta-al-psoe-en-el-congreso-a-consultar-a-sus-bases-sobre-cannabis\/","name":"La ConFAC insta al PSOE en el Congreso a consultar a sus bases sobre cannabis","isPartOf":{"@id":"https:\/\/www.cannabis.es\/pw\/#website"},"primaryImageOfPage":{"@id":"https:\/\/www.cannabis.es\/pw\/2022\/10\/07\/la-confac-insta-al-psoe-en-el-congreso-a-consultar-a-sus-bases-sobre-cannabis\/#primaryimage"},"image":{"@id":"https:\/\/www.cannabis.es\/pw\/2022\/10\/07\/la-confac-insta-al-psoe-en-el-congreso-a-consultar-a-sus-bases-sobre-cannabis\/#primaryimage"},"thumbnailUrl":"https:\/\/www.cannabis.es\/pw\/wp-content\/uploads\/2022\/10\/PORTADA_COMISION_MIXTA_AMIGUET.jpg","datePublished":"2022-10-07T09:50:10+00:00","dateModified":"2022-10-07T10:46:18+00:00","description":"Entrada &#8226; Portal multimedia sobre cannabis y otras sustancias &#8226; 7 octubre, 2022","breadcrumb":{"@id":"https:\/\/www.cannabis.es\/pw\/2022\/10\/07\/la-confac-insta-al-psoe-en-el-congreso-a-consultar-a-sus-bases-sobre-cannabis\/#breadcrumb"},"inLanguage":"es","potentialAction":[{"@type":"ReadAction","target":["https:\/\/www.cannabis.es\/pw\/2022\/10\/07\/la-confac-insta-al-psoe-en-el-congreso-a-consultar-a-sus-bases-sobre-cannabis\/"]}]},{"@type":"ImageObject","inLanguage":"es","@id":"https:\/\/www.cannabis.es\/pw\/2022\/10\/07\/la-confac-insta-al-psoe-en-el-congreso-a-consultar-a-sus-bases-sobre-cannabis\/#primaryimage","url":"https:\/\/www.cannabis.es\/pw\/wp-content\/uploads\/2022\/10\/PORTADA_COMISION_MIXTA_AMIGUET.jpg","contentUrl":"https:\/\/www.cannabis.es\/pw\/wp-content\/uploads\/2022\/10\/PORTADA_COMISION_MIXTA_AMIGUET.jpg","width":1607,"height":1063},{"@type":"BreadcrumbList","@id":"https:\/\/www.cannabis.es\/pw\/2022\/10\/07\/la-confac-insta-al-psoe-en-el-congreso-a-consultar-a-sus-bases-sobre-cannabis\/#breadcrumb","itemListElement":[{"@type":"ListItem","position":1,"name":"Portada","item":"http:\/\/www.cannabis.es\/pw\/"},{"@type":"ListItem","position":2,"name":"La ConFAC insta al PSOE en el Congreso a consultar a sus bases sobre cannabis"}]},{"@type":"WebSite","@id":"https:\/\/www.cannabis.es\/pw\/#website","url":"https:\/\/www.cannabis.es\/pw\/","name":"Cannabis","description":"Portal multimedia sobre cannabis y otras sustancias","publisher":{"@id":"https:\/\/www.cannabis.es\/pw\/#organization"},"potentialAction":[{"@type":"SearchAction","target":{"@type":"EntryPoint","urlTemplate":"https:\/\/www.cannabis.es\/pw\/?s={search_term_string}"},"query-input":{"@type":"PropertyValueSpecification","valueRequired":true,"valueName":"search_term_string"}}],"inLanguage":"es"},{"@type":"Organization","@id":"https:\/\/www.cannabis.es\/pw\/#organization","name":"Cannabis.es","url":"https:\/\/www.cannabis.es\/pw\/","logo":{"@type":"ImageObject","inLanguage":"es","@id":"https:\/\/www.cannabis.es\/pw\/#\/schema\/logo\/image\/","url":"https:\/\/www.cannabis.es\/pw\/wp-content\/uploads\/2019\/04\/cropped-logo_cannabis.png","contentUrl":"https:\/\/www.cannabis.es\/pw\/wp-content\/uploads\/2019\/04\/cropped-logo_cannabis.png","width":361,"height":120,"caption":"Cannabis.es"},"image":{"@id":"https:\/\/www.cannabis.es\/pw\/#\/schema\/logo\/image\/"},"sameAs":["https:\/\/x.com\/cannabis_es"]},{"@type":"Person","@id":"https:\/\/www.cannabis.es\/pw\/#\/schema\/person\/ec770c03f3e99d770687f537f4ba1e89","name":"Cannabis.es","image":{"@type":"ImageObject","inLanguage":"es","@id":"https:\/\/www.cannabis.es\/pw\/#\/schema\/person\/image\/","url":"https:\/\/secure.gravatar.com\/avatar\/810c93a3d6fadc3d9c2665b1d919a4aedea8ed4dd63689d001e985a804e90d83?s=96&d=mm&r=g","contentUrl":"https:\/\/secure.gravatar.com\/avatar\/810c93a3d6fadc3d9c2665b1d919a4aedea8ed4dd63689d001e985a804e90d83?s=96&d=mm&r=g","caption":"Cannabis.es"},"url":"https:\/\/www.cannabis.es\/pw\/author\/arnau\/"}]}},"_links":{"self":[{"href":"https:\/\/www.cannabis.es\/pw\/wp-json\/wp\/v2\/posts\/9022","targetHints":{"allow":["GET"]}}],"collection":[{"href":"https:\/\/www.cannabis.es\/pw\/wp-json\/wp\/v2\/posts"}],"about":[{"href":"https:\/\/www.cannabis.es\/pw\/wp-json\/wp\/v2\/types\/post"}],"author":[{"embeddable":true,"href":"https:\/\/www.cannabis.es\/pw\/wp-json\/wp\/v2\/users\/3"}],"replies":[{"embeddable":true,"href":"https:\/\/www.cannabis.es\/pw\/wp-json\/wp\/v2\/comments?post=9022"}],"version-history":[{"count":7,"href":"https:\/\/www.cannabis.es\/pw\/wp-json\/wp\/v2\/posts\/9022\/revisions"}],"predecessor-version":[{"id":9034,"href":"https:\/\/www.cannabis.es\/pw\/wp-json\/wp\/v2\/posts\/9022\/revisions\/9034"}],"wp:featuredmedia":[{"embeddable":true,"href":"https:\/\/www.cannabis.es\/pw\/wp-json\/wp\/v2\/media\/9025"}],"wp:attachment":[{"href":"https:\/\/www.cannabis.es\/pw\/wp-json\/wp\/v2\/media?parent=9022"}],"wp:term":[{"taxonomy":"category","embeddable":true,"href":"https:\/\/www.cannabis.es\/pw\/wp-json\/wp\/v2\/categories?post=9022"},{"taxonomy":"post_tag","embeddable":true,"href":"https:\/\/www.cannabis.es\/pw\/wp-json\/wp\/v2\/tags?post=9022"}],"curies":[{"name":"wp","href":"https:\/\/api.w.org\/{rel}","templated":true}]}}