{"id":9054,"date":"2022-10-18T11:32:09","date_gmt":"2022-10-18T09:32:09","guid":{"rendered":"https:\/\/www.cannabis.es\/pw\/?p=9054"},"modified":"2022-10-18T12:04:12","modified_gmt":"2022-10-18T10:04:12","slug":"la-legalizacion-del-cannabis-en-colombia-atraviesa-el-segundo-de-8-debates-en-el-congreso","status":"publish","type":"post","link":"https:\/\/www.cannabis.es\/pw\/2022\/10\/18\/la-legalizacion-del-cannabis-en-colombia-atraviesa-el-segundo-de-8-debates-en-el-congreso\/","title":{"rendered":"La legalizaci\u00f3n del cannabis en Colombia atraviesa el segundo de 8 debates en el Congreso"},"content":{"rendered":"\n<p>Arnau Alcaide<\/p>\n\n\n\n<p>El texto que regula integralmente el cannabis en Colombia, en l\u00ednea con la ret\u00f3rica de paz, derechos y cambio del <a href=\"https:\/\/www.cannabis.es\/pw\/2022\/08\/30\/el-cannabis-de-colombia-sera-un-cultivo-mas-y-no-se-perseguira-la-hoja-de-coca\/\">presidente Gustavo Petro<\/a>, atraviesa este 11 de octubre la segunda de ocho rondas de deliberaciones y votaci\u00f3n en el Congreso para modificar efectivamente la Constituci\u00f3n que proh\u00edbe la planta en l\u00ednea con <a href=\"https:\/\/www.cannabis.es\/pw\/2021\/03\/26\/estupefacientes-de-la-onu-recuerda-a-los-paises-que-no-se-puede-legalizar\/\">la suscripci\u00f3n de los tratados internacionales.<\/a> Con un respaldo de 105 votos a favor y 33 en contra, la aritm\u00e9tica se muestra ya favorable a la hist\u00f3rica modificaci\u00f3n de la pol\u00edtica de drogas del pa\u00eds.<\/p>\n\n\n\n<p>El <a href=\"https:\/\/www.camara.gov.co\/cannabis-2\">texto <\/a>promovido por diputados liberales atraves\u00f3 el pasado 14 de septiembre la Comisi\u00f3n Primera, formada por un peque\u00f1o grupo de representantes designados de las diferentes fuerzas pol\u00edticas, que permite el paso a la segunda deliberaci\u00f3n sobre el proyecto, ya en el Congreso. La modificaci\u00f3n se ejerce sobre el art\u00edculo de la Constituci\u00f3n que recoge el prohibicionismo y sobre dos m\u00e1s que hacen referencia a la estructura impositiva con la que dotar\u00e1n a las localidades. Los liberales tienden la mano a la izquierda de Petro para avanzar en una propuesta com\u00fan que partir\u00eda ya de su redacci\u00f3n.<\/p>\n\n\n\n<h2 class=\"wp-block-heading\">Elimina la prohibici\u00f3n internacional sobre la planta de la Constituci\u00f3n<\/h2>\n\n\n\n<p><em>\u00ab<strong>La prohibici\u00f3n<\/strong> prevista en el inciso anterior [art\u00edculo 49 de la Constituci\u00f3n] <strong>no aplicar\u00e1 frente al cannabis y sus derivados para el uso por parte de mayores de edad<\/strong>. Tampoco aplicar\u00e1 para la<strong> destinaci\u00f3n cient\u00edfica<\/strong> de estas sustancias, siempre y cuando se cuente con las licencias otorgadas por la autoridad competente. <strong>La Ley podr\u00e1 restringir y sancionar el porte y consumo del cannabis y sus derivados en espacios p\u00fablicos, zonas comunes y entornos escolares<\/strong>, entre otros\u00bb<\/em>, es la primera de las correcciones a la Constituci\u00f3n, mediante un a\u00f1adido en la secci\u00f3n que refiere a la Convenci\u00f3n \u00danica.<\/p>\n\n\n\n<h2 class=\"wp-block-heading\">Se modifican dos art\u00edculos para el reconocimiento impositivo<\/h2>\n\n\n\n<p>Por otro lado, se modificar\u00e1 el art\u00edculo 287 de la Constituci\u00f3n para: <em><strong>\u00abDecretar y percibir tributos<\/strong> a favor del respectivo orden <strong>municipal o departamental, por las distintas actividades relativas al cultivo, procesamiento, distribuci\u00f3n y venta de cannabis para uso de adultos<\/strong>, de acuerdo a la Ley\u00bb<\/em>. Esto va, como dec\u00edamos, en l\u00ednea con la voluntad de transferir la recaudaci\u00f3n a las localidades.<\/p>\n\n\n\n<p><strong><em>\u00abLa ley regular\u00e1 los <\/em><\/strong><em><strong>impuestos que decreten los municipios a su favor por el uso de inmuebles <\/strong>en actividades relativas al cannabis de uso para adultos. Estos impuestos<strong> tendr\u00e1n como destinaci\u00f3n los sistemas de salud y educaci\u00f3n, y el sector agricultura\u00bb<\/strong>.<\/em> Es decir, con la nueva redacci\u00f3n del art\u00edculo 317, la ley indicar\u00e1 la cuant\u00eda del impuesto a los inmuebles y la finalidad del dinero obtenido estar\u00e1 vinculada legalmente a los tres prop\u00f3sitos descritos, lo que se conoce como impuesto finalista.<\/p>\n\n\n\n<h2 class=\"wp-block-heading\">Un congresista reconoce en el pleno que lleva 25 a\u00f1os fumando cannabis<\/h2>\n\n\n\n<p>El diputado Daniel Carvalho lo hizo durante el pleno del segundo debate en el Congreso para lanzar la reflexi\u00f3n sobre el estigma y contribuir a eliminarlo, con la normalidad propia de una persona alejada de toda la problem\u00e1tica que se le quiere colgar al cannabis. Situaci\u00f3n que contrasta en avances con la de <a href=\"https:\/\/www.cannabis.es\/pw\/2022\/07\/05\/colectivos-chilenos-marchan-por-el-derecho-al-autocultivo-no-constitucional\/\">Chile<\/a>, que vio descartada la reforma constitucional cann\u00e1bica por la judicatura y donde la derecha lleva aireando la posibilidad de que el presidente <a href=\"https:\/\/www.cannabis.es\/pw\/2022\/02\/04\/boric-acerca-la-regulacion-del-cannabis-en-chile\/\">Boric <\/a>consuma cannabis desde mucho antes de las elecciones, ret\u00f3rica con la que ha logrado imponer un drogotest al Congreso, donde el Gobierno no tiene el respaldo mayoritario y con el que trata de ganar el relato contra la regulaci\u00f3n del cannabis.<\/p>\n\n\n\n<figure class=\"wp-block-embed is-type-wp-embed is-provider-cannabis wp-block-embed-cannabis\"><div class=\"wp-block-embed__wrapper\">\n<blockquote class=\"wp-embedded-content\" data-secret=\"zrov68sWeD\"><a href=\"https:\/\/www.cannabis.es\/pw\/2022\/09\/06\/chile-delimita-el-autocultivo-y-porte-de-cannabis-en-la-tramitacion-de-la-ley-antinarco\/\">Chile delimita el autocultivo y porte de cannabis en la tramitaci\u00f3n de la ley antinarco<\/a><\/blockquote><iframe loading=\"lazy\" class=\"wp-embedded-content\" sandbox=\"allow-scripts\" security=\"restricted\" style=\"position: absolute; clip: rect(1px, 1px, 1px, 1px);\" title=\"\u00abChile delimita el autocultivo y porte de cannabis en la tramitaci\u00f3n de la ley antinarco\u00bb \u2014 Cannabis\" src=\"https:\/\/www.cannabis.es\/pw\/2022\/09\/06\/chile-delimita-el-autocultivo-y-porte-de-cannabis-en-la-tramitacion-de-la-ley-antinarco\/embed\/#?secret=15iBsoG3gy#?secret=zrov68sWeD\" data-secret=\"zrov68sWeD\" width=\"600\" height=\"338\" frameborder=\"0\" marginwidth=\"0\" marginheight=\"0\" scrolling=\"no\"><\/iframe>\n<\/div><\/figure>\n","protected":false},"excerpt":{"rendered":"<span class=\"span-reading-time rt-reading-time\" style=\"display: block;\"><span class=\"rt-label rt-prefix\">Tiempo de lectura:<\/span> <span class=\"rt-time\"> 2<\/span> <span class=\"rt-label rt-postfix\">minutos<\/span><\/span>Arnau Alcaide El texto que regula integralmente el cannabis en Colombia, en l\u00ednea con la ret\u00f3rica de paz, derechos y cambio del presidente Gustavo Petro, atraviesa este 11 de octubre la segunda de ocho rondas de deliberaciones y votaci\u00f3n en el Congreso para modificar efectivamente la Constituci\u00f3n que proh\u00edbe la planta en l\u00ednea con la [&hellip;]","protected":false},"author":3,"featured_media":9067,"comment_status":"closed","ping_status":"closed","sticky":false,"template":"","format":"standard","meta":{"loftocean-featured-post":"","loftocean_post_format_gallery":"","loftocean_post_format_gallery_ids":"","loftocean_post_format_gallery_urls":"","loftocean_post_format_video_id":"","loftocean_post_format_video_url":"","loftocean_post_format_video_type":"","loftocean_post_format_video":"","loftocean_post_format_audio_type":"","loftocean_post_format_audio_url":"","loftocean_post_format_audio_id":"","loftocean_post_format_audio":"","loftocean_post_format_quote_text":"","loftocean_post_format_quote_byline":"","loftocean_post_format_link_text":"","loftocean_post_format_link_url":"","ceramag_post_header_style":"","ceramag_enable_background_video":"","ceramag_show_in_top_slider":"","ceramag_post_background_video_start":"","ceramag_post_background_video_end":"","loftocean_page_background_video_id":"","loftocean_page_background_video_url":"","loftocean_page_background_video_type":"","loftocean_page_background_video":"","ceramag_background_video_start":"","ceramag_background_video_end":"","ceramag_single_page_hide_header":"","footnotes":""},"categories":[35],"tags":[540,41,54],"class_list":["post-9054","post","type-post","status-publish","format-standard","has-post-thumbnail","hentry","category-politica-y-sociedad","tag-arnau-alcaide","tag-cannabis","tag-legalizacion"],"yoast_head":"<!-- This site is optimized with the Yoast SEO plugin v24.9 - https:\/\/yoast.com\/wordpress\/plugins\/seo\/ -->\n<title>La legalizaci\u00f3n del cannabis en Colombia atraviesa el segundo de 8 debates en el Congreso<\/title>\n<meta name=\"description\" content=\"Entrada &#8226; Portal multimedia sobre cannabis y otras sustancias &#8226; 18 octubre, 2022\" \/>\n<meta name=\"robots\" content=\"index, follow, max-snippet:-1, max-image-preview:large, max-video-preview:-1\" \/>\n<link rel=\"canonical\" href=\"https:\/\/www.cannabis.es\/pw\/2022\/10\/18\/la-legalizacion-del-cannabis-en-colombia-atraviesa-el-segundo-de-8-debates-en-el-congreso\/\" \/>\n<meta name=\"twitter:card\" content=\"summary_large_image\" \/>\n<meta name=\"twitter:title\" content=\"La legalizaci\u00f3n del cannabis en Colombia atraviesa el segundo de 8 debates en el Congreso\" \/>\n<meta name=\"twitter:description\" content=\"Entrada &#8226; Portal multimedia sobre cannabis y otras sustancias &#8226; 18 octubre, 2022\" \/>\n<meta name=\"twitter:image\" content=\"https:\/\/www.cannabis.es\/pw\/wp-content\/uploads\/2022\/10\/PORTADA_CANNABIS_COLOMBIA_DEBATES.jpg\" \/>\n<meta name=\"twitter:creator\" content=\"@cannabis_es\" \/>\n<meta name=\"twitter:site\" content=\"@cannabis_es\" \/>\n<meta name=\"twitter:label1\" content=\"Escrito por\" \/>\n\t<meta name=\"twitter:data1\" content=\"Cannabis.es\" \/>\n\t<meta name=\"twitter:label2\" content=\"Tiempo de lectura\" \/>\n\t<meta name=\"twitter:data2\" content=\"3 minutos\" \/>\n<script type=\"application\/ld+json\" class=\"yoast-schema-graph\">{\"@context\":\"https:\/\/schema.org\",\"@graph\":[{\"@type\":\"Article\",\"@id\":\"https:\/\/www.cannabis.es\/pw\/2022\/10\/18\/la-legalizacion-del-cannabis-en-colombia-atraviesa-el-segundo-de-8-debates-en-el-congreso\/#article\",\"isPartOf\":{\"@id\":\"https:\/\/www.cannabis.es\/pw\/2022\/10\/18\/la-legalizacion-del-cannabis-en-colombia-atraviesa-el-segundo-de-8-debates-en-el-congreso\/\"},\"author\":{\"name\":\"Cannabis.es\",\"@id\":\"https:\/\/www.cannabis.es\/pw\/#\/schema\/person\/ec770c03f3e99d770687f537f4ba1e89\"},\"headline\":\"La legalizaci\u00f3n del cannabis en Colombia atraviesa el segundo de 8 debates en el Congreso\",\"datePublished\":\"2022-10-18T09:32:09+00:00\",\"dateModified\":\"2022-10-18T10:04:12+00:00\",\"mainEntityOfPage\":{\"@id\":\"https:\/\/www.cannabis.es\/pw\/2022\/10\/18\/la-legalizacion-del-cannabis-en-colombia-atraviesa-el-segundo-de-8-debates-en-el-congreso\/\"},\"wordCount\":644,\"publisher\":{\"@id\":\"https:\/\/www.cannabis.es\/pw\/#organization\"},\"image\":{\"@id\":\"https:\/\/www.cannabis.es\/pw\/2022\/10\/18\/la-legalizacion-del-cannabis-en-colombia-atraviesa-el-segundo-de-8-debates-en-el-congreso\/#primaryimage\"},\"thumbnailUrl\":\"https:\/\/www.cannabis.es\/pw\/wp-content\/uploads\/2022\/10\/PORTADA_CANNABIS_COLOMBIA_DEBATES.jpg\",\"keywords\":[\"Arnau Alcaide\",\"cannabis\",\"legalizaci\u00f3n\"],\"articleSection\":[\"Pol\u00edtica y Sociedad\"],\"inLanguage\":\"es\"},{\"@type\":\"WebPage\",\"@id\":\"https:\/\/www.cannabis.es\/pw\/2022\/10\/18\/la-legalizacion-del-cannabis-en-colombia-atraviesa-el-segundo-de-8-debates-en-el-congreso\/\",\"url\":\"https:\/\/www.cannabis.es\/pw\/2022\/10\/18\/la-legalizacion-del-cannabis-en-colombia-atraviesa-el-segundo-de-8-debates-en-el-congreso\/\",\"name\":\"La legalizaci\u00f3n del cannabis en Colombia atraviesa el segundo de 8 debates en el Congreso\",\"isPartOf\":{\"@id\":\"https:\/\/www.cannabis.es\/pw\/#website\"},\"primaryImageOfPage\":{\"@id\":\"https:\/\/www.cannabis.es\/pw\/2022\/10\/18\/la-legalizacion-del-cannabis-en-colombia-atraviesa-el-segundo-de-8-debates-en-el-congreso\/#primaryimage\"},\"image\":{\"@id\":\"https:\/\/www.cannabis.es\/pw\/2022\/10\/18\/la-legalizacion-del-cannabis-en-colombia-atraviesa-el-segundo-de-8-debates-en-el-congreso\/#primaryimage\"},\"thumbnailUrl\":\"https:\/\/www.cannabis.es\/pw\/wp-content\/uploads\/2022\/10\/PORTADA_CANNABIS_COLOMBIA_DEBATES.jpg\",\"datePublished\":\"2022-10-18T09:32:09+00:00\",\"dateModified\":\"2022-10-18T10:04:12+00:00\",\"description\":\"Entrada &#8226; Portal multimedia sobre cannabis y otras sustancias &#8226; 18 octubre, 2022\",\"breadcrumb\":{\"@id\":\"https:\/\/www.cannabis.es\/pw\/2022\/10\/18\/la-legalizacion-del-cannabis-en-colombia-atraviesa-el-segundo-de-8-debates-en-el-congreso\/#breadcrumb\"},\"inLanguage\":\"es\",\"potentialAction\":[{\"@type\":\"ReadAction\",\"target\":[\"https:\/\/www.cannabis.es\/pw\/2022\/10\/18\/la-legalizacion-del-cannabis-en-colombia-atraviesa-el-segundo-de-8-debates-en-el-congreso\/\"]}]},{\"@type\":\"ImageObject\",\"inLanguage\":\"es\",\"@id\":\"https:\/\/www.cannabis.es\/pw\/2022\/10\/18\/la-legalizacion-del-cannabis-en-colombia-atraviesa-el-segundo-de-8-debates-en-el-congreso\/#primaryimage\",\"url\":\"https:\/\/www.cannabis.es\/pw\/wp-content\/uploads\/2022\/10\/PORTADA_CANNABIS_COLOMBIA_DEBATES.jpg\",\"contentUrl\":\"https:\/\/www.cannabis.es\/pw\/wp-content\/uploads\/2022\/10\/PORTADA_CANNABIS_COLOMBIA_DEBATES.jpg\",\"width\":1607,\"height\":1063},{\"@type\":\"BreadcrumbList\",\"@id\":\"https:\/\/www.cannabis.es\/pw\/2022\/10\/18\/la-legalizacion-del-cannabis-en-colombia-atraviesa-el-segundo-de-8-debates-en-el-congreso\/#breadcrumb\",\"itemListElement\":[{\"@type\":\"ListItem\",\"position\":1,\"name\":\"Portada\",\"item\":\"http:\/\/www.cannabis.es\/pw\/\"},{\"@type\":\"ListItem\",\"position\":2,\"name\":\"La legalizaci\u00f3n del cannabis en Colombia atraviesa el segundo de 8 debates en el Congreso\"}]},{\"@type\":\"WebSite\",\"@id\":\"https:\/\/www.cannabis.es\/pw\/#website\",\"url\":\"https:\/\/www.cannabis.es\/pw\/\",\"name\":\"Cannabis\",\"description\":\"Portal multimedia sobre cannabis y otras sustancias\",\"publisher\":{\"@id\":\"https:\/\/www.cannabis.es\/pw\/#organization\"},\"potentialAction\":[{\"@type\":\"SearchAction\",\"target\":{\"@type\":\"EntryPoint\",\"urlTemplate\":\"https:\/\/www.cannabis.es\/pw\/?s={search_term_string}\"},\"query-input\":{\"@type\":\"PropertyValueSpecification\",\"valueRequired\":true,\"valueName\":\"search_term_string\"}}],\"inLanguage\":\"es\"},{\"@type\":\"Organization\",\"@id\":\"https:\/\/www.cannabis.es\/pw\/#organization\",\"name\":\"Cannabis.es\",\"url\":\"https:\/\/www.cannabis.es\/pw\/\",\"logo\":{\"@type\":\"ImageObject\",\"inLanguage\":\"es\",\"@id\":\"https:\/\/www.cannabis.es\/pw\/#\/schema\/logo\/image\/\",\"url\":\"https:\/\/www.cannabis.es\/pw\/wp-content\/uploads\/2019\/04\/cropped-logo_cannabis.png\",\"contentUrl\":\"https:\/\/www.cannabis.es\/pw\/wp-content\/uploads\/2019\/04\/cropped-logo_cannabis.png\",\"width\":361,\"height\":120,\"caption\":\"Cannabis.es\"},\"image\":{\"@id\":\"https:\/\/www.cannabis.es\/pw\/#\/schema\/logo\/image\/\"},\"sameAs\":[\"https:\/\/x.com\/cannabis_es\"]},{\"@type\":\"Person\",\"@id\":\"https:\/\/www.cannabis.es\/pw\/#\/schema\/person\/ec770c03f3e99d770687f537f4ba1e89\",\"name\":\"Cannabis.es\",\"image\":{\"@type\":\"ImageObject\",\"inLanguage\":\"es\",\"@id\":\"https:\/\/www.cannabis.es\/pw\/#\/schema\/person\/image\/\",\"url\":\"https:\/\/secure.gravatar.com\/avatar\/810c93a3d6fadc3d9c2665b1d919a4aedea8ed4dd63689d001e985a804e90d83?s=96&d=mm&r=g\",\"contentUrl\":\"https:\/\/secure.gravatar.com\/avatar\/810c93a3d6fadc3d9c2665b1d919a4aedea8ed4dd63689d001e985a804e90d83?s=96&d=mm&r=g\",\"caption\":\"Cannabis.es\"},\"url\":\"https:\/\/www.cannabis.es\/pw\/author\/arnau\/\"}]}<\/script>\n<!-- \/ Yoast SEO plugin. -->","yoast_head_json":{"title":"La legalizaci\u00f3n del cannabis en Colombia atraviesa el segundo de 8 debates en el Congreso","description":"Entrada &#8226; Portal multimedia sobre cannabis y otras sustancias &#8226; 18 octubre, 2022","robots":{"index":"index","follow":"follow","max-snippet":"max-snippet:-1","max-image-preview":"max-image-preview:large","max-video-preview":"max-video-preview:-1"},"canonical":"https:\/\/www.cannabis.es\/pw\/2022\/10\/18\/la-legalizacion-del-cannabis-en-colombia-atraviesa-el-segundo-de-8-debates-en-el-congreso\/","twitter_card":"summary_large_image","twitter_title":"La legalizaci\u00f3n del cannabis en Colombia atraviesa el segundo de 8 debates en el Congreso","twitter_description":"Entrada &#8226; Portal multimedia sobre cannabis y otras sustancias &#8226; 18 octubre, 2022","twitter_image":"https:\/\/www.cannabis.es\/pw\/wp-content\/uploads\/2022\/10\/PORTADA_CANNABIS_COLOMBIA_DEBATES.jpg","twitter_creator":"@cannabis_es","twitter_site":"@cannabis_es","twitter_misc":{"Escrito por":"Cannabis.es","Tiempo de lectura":"3 minutos"},"schema":{"@context":"https:\/\/schema.org","@graph":[{"@type":"Article","@id":"https:\/\/www.cannabis.es\/pw\/2022\/10\/18\/la-legalizacion-del-cannabis-en-colombia-atraviesa-el-segundo-de-8-debates-en-el-congreso\/#article","isPartOf":{"@id":"https:\/\/www.cannabis.es\/pw\/2022\/10\/18\/la-legalizacion-del-cannabis-en-colombia-atraviesa-el-segundo-de-8-debates-en-el-congreso\/"},"author":{"name":"Cannabis.es","@id":"https:\/\/www.cannabis.es\/pw\/#\/schema\/person\/ec770c03f3e99d770687f537f4ba1e89"},"headline":"La legalizaci\u00f3n del cannabis en Colombia atraviesa el segundo de 8 debates en el Congreso","datePublished":"2022-10-18T09:32:09+00:00","dateModified":"2022-10-18T10:04:12+00:00","mainEntityOfPage":{"@id":"https:\/\/www.cannabis.es\/pw\/2022\/10\/18\/la-legalizacion-del-cannabis-en-colombia-atraviesa-el-segundo-de-8-debates-en-el-congreso\/"},"wordCount":644,"publisher":{"@id":"https:\/\/www.cannabis.es\/pw\/#organization"},"image":{"@id":"https:\/\/www.cannabis.es\/pw\/2022\/10\/18\/la-legalizacion-del-cannabis-en-colombia-atraviesa-el-segundo-de-8-debates-en-el-congreso\/#primaryimage"},"thumbnailUrl":"https:\/\/www.cannabis.es\/pw\/wp-content\/uploads\/2022\/10\/PORTADA_CANNABIS_COLOMBIA_DEBATES.jpg","keywords":["Arnau Alcaide","cannabis","legalizaci\u00f3n"],"articleSection":["Pol\u00edtica y Sociedad"],"inLanguage":"es"},{"@type":"WebPage","@id":"https:\/\/www.cannabis.es\/pw\/2022\/10\/18\/la-legalizacion-del-cannabis-en-colombia-atraviesa-el-segundo-de-8-debates-en-el-congreso\/","url":"https:\/\/www.cannabis.es\/pw\/2022\/10\/18\/la-legalizacion-del-cannabis-en-colombia-atraviesa-el-segundo-de-8-debates-en-el-congreso\/","name":"La legalizaci\u00f3n del cannabis en Colombia atraviesa el segundo de 8 debates en el Congreso","isPartOf":{"@id":"https:\/\/www.cannabis.es\/pw\/#website"},"primaryImageOfPage":{"@id":"https:\/\/www.cannabis.es\/pw\/2022\/10\/18\/la-legalizacion-del-cannabis-en-colombia-atraviesa-el-segundo-de-8-debates-en-el-congreso\/#primaryimage"},"image":{"@id":"https:\/\/www.cannabis.es\/pw\/2022\/10\/18\/la-legalizacion-del-cannabis-en-colombia-atraviesa-el-segundo-de-8-debates-en-el-congreso\/#primaryimage"},"thumbnailUrl":"https:\/\/www.cannabis.es\/pw\/wp-content\/uploads\/2022\/10\/PORTADA_CANNABIS_COLOMBIA_DEBATES.jpg","datePublished":"2022-10-18T09:32:09+00:00","dateModified":"2022-10-18T10:04:12+00:00","description":"Entrada &#8226; Portal multimedia sobre cannabis y otras sustancias &#8226; 18 octubre, 2022","breadcrumb":{"@id":"https:\/\/www.cannabis.es\/pw\/2022\/10\/18\/la-legalizacion-del-cannabis-en-colombia-atraviesa-el-segundo-de-8-debates-en-el-congreso\/#breadcrumb"},"inLanguage":"es","potentialAction":[{"@type":"ReadAction","target":["https:\/\/www.cannabis.es\/pw\/2022\/10\/18\/la-legalizacion-del-cannabis-en-colombia-atraviesa-el-segundo-de-8-debates-en-el-congreso\/"]}]},{"@type":"ImageObject","inLanguage":"es","@id":"https:\/\/www.cannabis.es\/pw\/2022\/10\/18\/la-legalizacion-del-cannabis-en-colombia-atraviesa-el-segundo-de-8-debates-en-el-congreso\/#primaryimage","url":"https:\/\/www.cannabis.es\/pw\/wp-content\/uploads\/2022\/10\/PORTADA_CANNABIS_COLOMBIA_DEBATES.jpg","contentUrl":"https:\/\/www.cannabis.es\/pw\/wp-content\/uploads\/2022\/10\/PORTADA_CANNABIS_COLOMBIA_DEBATES.jpg","width":1607,"height":1063},{"@type":"BreadcrumbList","@id":"https:\/\/www.cannabis.es\/pw\/2022\/10\/18\/la-legalizacion-del-cannabis-en-colombia-atraviesa-el-segundo-de-8-debates-en-el-congreso\/#breadcrumb","itemListElement":[{"@type":"ListItem","position":1,"name":"Portada","item":"http:\/\/www.cannabis.es\/pw\/"},{"@type":"ListItem","position":2,"name":"La legalizaci\u00f3n del cannabis en Colombia atraviesa el segundo de 8 debates en el Congreso"}]},{"@type":"WebSite","@id":"https:\/\/www.cannabis.es\/pw\/#website","url":"https:\/\/www.cannabis.es\/pw\/","name":"Cannabis","description":"Portal multimedia sobre cannabis y otras sustancias","publisher":{"@id":"https:\/\/www.cannabis.es\/pw\/#organization"},"potentialAction":[{"@type":"SearchAction","target":{"@type":"EntryPoint","urlTemplate":"https:\/\/www.cannabis.es\/pw\/?s={search_term_string}"},"query-input":{"@type":"PropertyValueSpecification","valueRequired":true,"valueName":"search_term_string"}}],"inLanguage":"es"},{"@type":"Organization","@id":"https:\/\/www.cannabis.es\/pw\/#organization","name":"Cannabis.es","url":"https:\/\/www.cannabis.es\/pw\/","logo":{"@type":"ImageObject","inLanguage":"es","@id":"https:\/\/www.cannabis.es\/pw\/#\/schema\/logo\/image\/","url":"https:\/\/www.cannabis.es\/pw\/wp-content\/uploads\/2019\/04\/cropped-logo_cannabis.png","contentUrl":"https:\/\/www.cannabis.es\/pw\/wp-content\/uploads\/2019\/04\/cropped-logo_cannabis.png","width":361,"height":120,"caption":"Cannabis.es"},"image":{"@id":"https:\/\/www.cannabis.es\/pw\/#\/schema\/logo\/image\/"},"sameAs":["https:\/\/x.com\/cannabis_es"]},{"@type":"Person","@id":"https:\/\/www.cannabis.es\/pw\/#\/schema\/person\/ec770c03f3e99d770687f537f4ba1e89","name":"Cannabis.es","image":{"@type":"ImageObject","inLanguage":"es","@id":"https:\/\/www.cannabis.es\/pw\/#\/schema\/person\/image\/","url":"https:\/\/secure.gravatar.com\/avatar\/810c93a3d6fadc3d9c2665b1d919a4aedea8ed4dd63689d001e985a804e90d83?s=96&d=mm&r=g","contentUrl":"https:\/\/secure.gravatar.com\/avatar\/810c93a3d6fadc3d9c2665b1d919a4aedea8ed4dd63689d001e985a804e90d83?s=96&d=mm&r=g","caption":"Cannabis.es"},"url":"https:\/\/www.cannabis.es\/pw\/author\/arnau\/"}]}},"_links":{"self":[{"href":"https:\/\/www.cannabis.es\/pw\/wp-json\/wp\/v2\/posts\/9054","targetHints":{"allow":["GET"]}}],"collection":[{"href":"https:\/\/www.cannabis.es\/pw\/wp-json\/wp\/v2\/posts"}],"about":[{"href":"https:\/\/www.cannabis.es\/pw\/wp-json\/wp\/v2\/types\/post"}],"author":[{"embeddable":true,"href":"https:\/\/www.cannabis.es\/pw\/wp-json\/wp\/v2\/users\/3"}],"replies":[{"embeddable":true,"href":"https:\/\/www.cannabis.es\/pw\/wp-json\/wp\/v2\/comments?post=9054"}],"version-history":[{"count":5,"href":"https:\/\/www.cannabis.es\/pw\/wp-json\/wp\/v2\/posts\/9054\/revisions"}],"predecessor-version":[{"id":9068,"href":"https:\/\/www.cannabis.es\/pw\/wp-json\/wp\/v2\/posts\/9054\/revisions\/9068"}],"wp:featuredmedia":[{"embeddable":true,"href":"https:\/\/www.cannabis.es\/pw\/wp-json\/wp\/v2\/media\/9067"}],"wp:attachment":[{"href":"https:\/\/www.cannabis.es\/pw\/wp-json\/wp\/v2\/media?parent=9054"}],"wp:term":[{"taxonomy":"category","embeddable":true,"href":"https:\/\/www.cannabis.es\/pw\/wp-json\/wp\/v2\/categories?post=9054"},{"taxonomy":"post_tag","embeddable":true,"href":"https:\/\/www.cannabis.es\/pw\/wp-json\/wp\/v2\/tags?post=9054"}],"curies":[{"name":"wp","href":"https:\/\/api.w.org\/{rel}","templated":true}]}}