{"id":9126,"date":"2022-11-14T11:37:15","date_gmt":"2022-11-14T10:37:15","guid":{"rendered":"https:\/\/www.cannabis.es\/pw\/?p=9126"},"modified":"2022-11-14T11:45:15","modified_gmt":"2022-11-14T10:45:15","slug":"mi-ciudad-cultiva-la-guerra-no-cannabis","status":"publish","type":"post","link":"https:\/\/www.cannabis.es\/pw\/2022\/11\/14\/mi-ciudad-cultiva-la-guerra-no-cannabis\/","title":{"rendered":"Mi ciudad cultiva la guerra, no cannabis"},"content":{"rendered":"\n<p>Arnau Alcaide<\/p>\n\n\n\n<p>Sagunt es una ciudad costera valenciana cuyo puerto env\u00eda armas regularmente a Arabia Saud\u00ed, que se utilizan en la masacre de civiles en el Yemen. El env\u00edo es secreto y la relaci\u00f3n comercial se fragua desde las m\u00e1s altas esferas, al involucrar negociaciones con aut\u00f3cratas y dictadores. Sagunt no es una excepci\u00f3n, Espa\u00f1a es actualmente el <a href=\"https:\/\/www.publico.es\/politica\/espana-situa-noveno-puesto-ranking-mundial-vendedores-armamento.html\">noveno <\/a>pa\u00eds del mundo en venta de armas. Sin embargo, muchas ciudades no tienen ninguna asociaci\u00f3n cann\u00e1bica por la ausencia de una ley apropiada a nivel estatal. El marco dial\u00e9ctico que permite justificar que esta sea la realidad de un pa\u00eds es claro: la guerra es segura y el cannabis un peligro.<\/p>\n\n\n\n<h2 class=\"wp-block-heading\">Dial\u00e9ctica, lenguaje, medios de comunicaci\u00f3n y propaganda<\/h2>\n\n\n\n<p>Todo parte de la aureola de objetividad con la que se dota a les medios de comunicaci\u00f3n. Esto es posible en una cultura carente de an\u00e1lisis sobre el uso intencionado del lenguaje, o de los discursos en su conjunto que dibujan una realidad de ideas ordenada, tantas veces interesada, m\u00e1s all\u00e1 de los ganchos dial\u00e9cticos a los que el consumo r\u00e1pido de informaci\u00f3n nos tiene acostumbrados. As\u00ed puede funcionar la propaganda, porque se han retirado las herramientas de la sociedad para diferenciarla de la informaci\u00f3n.<\/p>\n\n\n\n<p>Con la ayuda de los medios, Espa\u00f1a ha pasado de ser cr\u00edtica con la OTAN en los 80, y celebrar manifestaciones masivas contra la guerra de Iraq en 2003 para desvincularse del imperialismo estadounidense, a tener un pensamiento mayoritario belicista frente a Rusia tras la invasi\u00f3n de Ucrania: este radica en que la seguridad solo se conseguir\u00e1 con la violencia y que no existe la posibilidad de negociar la paz, solo de imponerla; la alternativa es que el otro nos aplaste. Para ello, se aumenta el presupuesto militar y se participa con el env\u00edo de armamento en la guerra; el objetivo, asegurar la paz y la seguridad de quienes destinan su dinero a las armas. Ahora mismo, este es el pensamiento mayoritario. \u00bfA qu\u00e9 intereses sirve? Ya hemos visto por las v\u00edctimas y la inflaci\u00f3n, que elevar\u00e1 la pobreza alimentaria, que a los civiles no.<\/p>\n\n\n\n<p>Si deconstruimos bien el planteamiento de que no se puede negociar y por lo tanto la guerra es el \u00fanico camino para la paz, la imposici\u00f3n por la violencia de esta es una contradicci\u00f3n constante que se plantea en todas las guerras, que se repite en la propaganda a lo largo de la Historia una y otra vez. Sin embargo, pese a que la destrucci\u00f3n del planeta es m\u00e1s posible que nunca por el uso de armas nucleares, esta ecuaci\u00f3n se lee como improbable, mientras que se presentan las armas como potent\u00edsimas a la vez que precisas para solo afectar a la zona en conflicto que todos vemos desde la grada. A quienes contradicen el discurso belicista \u00abpor la paz\u00bb se les acusa de ingenuos deshechos mentales o de prorrusos, deslegitimizando las posturas que desmontan las contradicciones b\u00e9lico-pac\u00edficas que trata de soportar la propaganda de los medios.<\/p>\n\n\n\n<p>Adem\u00e1s de las posiciones belicistas, la industria espa\u00f1ola de la guerra entra\u00f1a contradicciones todav\u00eda m\u00e1s ostensibles, al ser mero lucro el que se beneficia de la muerte, sin poder argumentar que en todas las ventas la paz y la seguridad de Espa\u00f1a se esconden detr\u00e1s del vestido de bala. Como un mal end\u00e9mico de nuestro tiempo, la izquierda defiende el volumen del empleo local a costa de la \u00e9tica de los negocios de las multinacionales, en algunos casos incluso armament\u00edsticas. La \u00e9tica que s\u00ed se cuestiona es la de las asociaciones, pese a ser entes locales sin \u00e1nimo de lucro, a las que se equipara con el narcotr\u00e1fico, al que le compiten el mercado: vaya casualidad, que a este hay que combatirlo con las armas producidas, todo un c\u00edrculo bien cerrado.<\/p>\n\n\n\n<h2 class=\"wp-block-heading\">La cultura belicista creada por la propaganda sujeta el prohibicionismo de las plantas medicinales<\/h2>\n\n\n\n<p>El crimen, como la guerra, se combate, y si cometemos un crimen mayor, es en nombre de la paz y la seguridad. As\u00ed podr\u00edamos resumir el prohibicionismo y sus constantes atropellos de Derechos Humanos en nombre de una moral abstemia impuesta por las Naciones Unidas. Para sujetar la prohibici\u00f3n de plantas medicinales durante 50 a\u00f1os <a href=\"https:\/\/www.cannabis.es\/pw\/2022\/05\/19\/la-prohibicion-del-cannabis-se-baso-en-medicamentos-con-otros-compuestos\/\">al servicio de la explotaci\u00f3n farmac\u00e9utica de corporaciones<\/a>, hace falta generar todo un marco dial\u00e9ctico, que se refuerza en la cultura b\u00e9lica promovida por la propaganda.<\/p>\n\n\n\n<p>As\u00ed, la prohibici\u00f3n de dichas plantas se justifica en que son \u00abdrogas\u00bb a diferencia de las \u00abmedicinas\u00bb, aunque sean el principio activo de muchas de ellas, porque te hieren en lugar de sanarte si las usas por placer o tradici\u00f3n, y no con receta. Se justifica la violencia estatal que se te aplicar\u00e1 para \u00abprotegerte\u00bb de \u00abherirte\u00bb en base a que t\u00fa causar\u00edas situaciones de violencia si no lo hiciesen, voluntarias o involuntarias, por lo que al ejercer la fuerza contra ti, la imposici\u00f3n sobre ti, sobre las personas, lo que se logra en \u00faltima instancia es la paz, la liberaci\u00f3n de la posibilidad criminal de dichas personas, de la posibilidad de que causen violencia o da\u00f1o a s\u00ed o a otros. Para ello el estado debe estar dispuesto al uso de la fuerza, que incluso de incurrir en la comisi\u00f3n de cr\u00edmenes mucho mayores, se justifican con el fin de la paz, la salud, el bienestar y la seguridad.<\/p>\n","protected":false},"excerpt":{"rendered":"<span class=\"span-reading-time rt-reading-time\" style=\"display: block;\"><span class=\"rt-label rt-prefix\">Tiempo de lectura:<\/span> <span class=\"rt-time\"> 3<\/span> <span class=\"rt-label rt-postfix\">minutos<\/span><\/span>Arnau Alcaide Sagunt es una ciudad costera valenciana cuyo puerto env\u00eda armas regularmente a Arabia Saud\u00ed, que se utilizan en la masacre de civiles en el Yemen. El env\u00edo es secreto y la relaci\u00f3n comercial se fragua desde las m\u00e1s altas esferas, al involucrar negociaciones con aut\u00f3cratas y dictadores. Sagunt no es una excepci\u00f3n, Espa\u00f1a [&hellip;]","protected":false},"author":3,"featured_media":9131,"comment_status":"closed","ping_status":"closed","sticky":false,"template":"","format":"standard","meta":{"loftocean-featured-post":"","loftocean_post_format_gallery":"","loftocean_post_format_gallery_ids":"","loftocean_post_format_gallery_urls":"","loftocean_post_format_video_id":"","loftocean_post_format_video_url":"","loftocean_post_format_video_type":"","loftocean_post_format_video":"","loftocean_post_format_audio_type":"","loftocean_post_format_audio_url":"","loftocean_post_format_audio_id":"","loftocean_post_format_audio":"","loftocean_post_format_quote_text":"","loftocean_post_format_quote_byline":"","loftocean_post_format_link_text":"","loftocean_post_format_link_url":"","ceramag_post_header_style":"","ceramag_enable_background_video":"","ceramag_show_in_top_slider":"","ceramag_post_background_video_start":"","ceramag_post_background_video_end":"","loftocean_page_background_video_id":"","loftocean_page_background_video_url":"","loftocean_page_background_video_type":"","loftocean_page_background_video":"","ceramag_background_video_start":"","ceramag_background_video_end":"","ceramag_single_page_hide_header":"","footnotes":""},"categories":[35],"tags":[540,41,44,42,59],"class_list":["post-9126","post","type-post","status-publish","format-standard","has-post-thumbnail","hentry","category-politica-y-sociedad","tag-arnau-alcaide","tag-cannabis","tag-drogas","tag-politica","tag-prohibicionismo"],"yoast_head":"<!-- This site is optimized with the Yoast SEO plugin v24.9 - https:\/\/yoast.com\/wordpress\/plugins\/seo\/ -->\n<title>Mi ciudad cultiva la guerra, no cannabis<\/title>\n<meta name=\"description\" content=\"Entrada &#8226; Portal multimedia sobre cannabis y otras sustancias &#8226; 14 noviembre, 2022\" \/>\n<meta name=\"robots\" content=\"index, follow, max-snippet:-1, max-image-preview:large, max-video-preview:-1\" \/>\n<link rel=\"canonical\" href=\"https:\/\/www.cannabis.es\/pw\/2022\/11\/14\/mi-ciudad-cultiva-la-guerra-no-cannabis\/\" \/>\n<meta name=\"twitter:card\" content=\"summary_large_image\" \/>\n<meta name=\"twitter:title\" content=\"Mi ciudad cultiva la guerra, no cannabis\" \/>\n<meta name=\"twitter:description\" content=\"Entrada &#8226; Portal multimedia sobre cannabis y otras sustancias &#8226; 14 noviembre, 2022\" \/>\n<meta name=\"twitter:image\" content=\"https:\/\/www.cannabis.es\/pw\/wp-content\/uploads\/2022\/11\/PORTADA_cultivando_guerra.jpg\" \/>\n<meta name=\"twitter:creator\" content=\"@cannabis_es\" \/>\n<meta name=\"twitter:site\" content=\"@cannabis_es\" \/>\n<meta name=\"twitter:label1\" content=\"Escrito por\" \/>\n\t<meta name=\"twitter:data1\" content=\"Cannabis.es\" \/>\n\t<meta name=\"twitter:label2\" content=\"Tiempo de lectura\" \/>\n\t<meta name=\"twitter:data2\" content=\"5 minutos\" \/>\n<script type=\"application\/ld+json\" class=\"yoast-schema-graph\">{\"@context\":\"https:\/\/schema.org\",\"@graph\":[{\"@type\":\"Article\",\"@id\":\"https:\/\/www.cannabis.es\/pw\/2022\/11\/14\/mi-ciudad-cultiva-la-guerra-no-cannabis\/#article\",\"isPartOf\":{\"@id\":\"https:\/\/www.cannabis.es\/pw\/2022\/11\/14\/mi-ciudad-cultiva-la-guerra-no-cannabis\/\"},\"author\":{\"name\":\"Cannabis.es\",\"@id\":\"https:\/\/www.cannabis.es\/pw\/#\/schema\/person\/ec770c03f3e99d770687f537f4ba1e89\"},\"headline\":\"Mi ciudad cultiva la guerra, no cannabis\",\"datePublished\":\"2022-11-14T10:37:15+00:00\",\"dateModified\":\"2022-11-14T10:45:15+00:00\",\"mainEntityOfPage\":{\"@id\":\"https:\/\/www.cannabis.es\/pw\/2022\/11\/14\/mi-ciudad-cultiva-la-guerra-no-cannabis\/\"},\"wordCount\":945,\"publisher\":{\"@id\":\"https:\/\/www.cannabis.es\/pw\/#organization\"},\"image\":{\"@id\":\"https:\/\/www.cannabis.es\/pw\/2022\/11\/14\/mi-ciudad-cultiva-la-guerra-no-cannabis\/#primaryimage\"},\"thumbnailUrl\":\"https:\/\/www.cannabis.es\/pw\/wp-content\/uploads\/2022\/11\/PORTADA_cultivando_guerra.jpg\",\"keywords\":[\"Arnau Alcaide\",\"cannabis\",\"drogas\",\"pol\u00edtica\",\"prohibicionismo\"],\"articleSection\":[\"Pol\u00edtica y Sociedad\"],\"inLanguage\":\"es\"},{\"@type\":\"WebPage\",\"@id\":\"https:\/\/www.cannabis.es\/pw\/2022\/11\/14\/mi-ciudad-cultiva-la-guerra-no-cannabis\/\",\"url\":\"https:\/\/www.cannabis.es\/pw\/2022\/11\/14\/mi-ciudad-cultiva-la-guerra-no-cannabis\/\",\"name\":\"Mi ciudad cultiva la guerra, no cannabis\",\"isPartOf\":{\"@id\":\"https:\/\/www.cannabis.es\/pw\/#website\"},\"primaryImageOfPage\":{\"@id\":\"https:\/\/www.cannabis.es\/pw\/2022\/11\/14\/mi-ciudad-cultiva-la-guerra-no-cannabis\/#primaryimage\"},\"image\":{\"@id\":\"https:\/\/www.cannabis.es\/pw\/2022\/11\/14\/mi-ciudad-cultiva-la-guerra-no-cannabis\/#primaryimage\"},\"thumbnailUrl\":\"https:\/\/www.cannabis.es\/pw\/wp-content\/uploads\/2022\/11\/PORTADA_cultivando_guerra.jpg\",\"datePublished\":\"2022-11-14T10:37:15+00:00\",\"dateModified\":\"2022-11-14T10:45:15+00:00\",\"description\":\"Entrada &#8226; Portal multimedia sobre cannabis y otras sustancias &#8226; 14 noviembre, 2022\",\"breadcrumb\":{\"@id\":\"https:\/\/www.cannabis.es\/pw\/2022\/11\/14\/mi-ciudad-cultiva-la-guerra-no-cannabis\/#breadcrumb\"},\"inLanguage\":\"es\",\"potentialAction\":[{\"@type\":\"ReadAction\",\"target\":[\"https:\/\/www.cannabis.es\/pw\/2022\/11\/14\/mi-ciudad-cultiva-la-guerra-no-cannabis\/\"]}]},{\"@type\":\"ImageObject\",\"inLanguage\":\"es\",\"@id\":\"https:\/\/www.cannabis.es\/pw\/2022\/11\/14\/mi-ciudad-cultiva-la-guerra-no-cannabis\/#primaryimage\",\"url\":\"https:\/\/www.cannabis.es\/pw\/wp-content\/uploads\/2022\/11\/PORTADA_cultivando_guerra.jpg\",\"contentUrl\":\"https:\/\/www.cannabis.es\/pw\/wp-content\/uploads\/2022\/11\/PORTADA_cultivando_guerra.jpg\",\"width\":1607,\"height\":1063},{\"@type\":\"BreadcrumbList\",\"@id\":\"https:\/\/www.cannabis.es\/pw\/2022\/11\/14\/mi-ciudad-cultiva-la-guerra-no-cannabis\/#breadcrumb\",\"itemListElement\":[{\"@type\":\"ListItem\",\"position\":1,\"name\":\"Portada\",\"item\":\"http:\/\/www.cannabis.es\/pw\/\"},{\"@type\":\"ListItem\",\"position\":2,\"name\":\"Mi ciudad cultiva la guerra, no cannabis\"}]},{\"@type\":\"WebSite\",\"@id\":\"https:\/\/www.cannabis.es\/pw\/#website\",\"url\":\"https:\/\/www.cannabis.es\/pw\/\",\"name\":\"Cannabis\",\"description\":\"Portal multimedia sobre cannabis y otras sustancias\",\"publisher\":{\"@id\":\"https:\/\/www.cannabis.es\/pw\/#organization\"},\"potentialAction\":[{\"@type\":\"SearchAction\",\"target\":{\"@type\":\"EntryPoint\",\"urlTemplate\":\"https:\/\/www.cannabis.es\/pw\/?s={search_term_string}\"},\"query-input\":{\"@type\":\"PropertyValueSpecification\",\"valueRequired\":true,\"valueName\":\"search_term_string\"}}],\"inLanguage\":\"es\"},{\"@type\":\"Organization\",\"@id\":\"https:\/\/www.cannabis.es\/pw\/#organization\",\"name\":\"Cannabis.es\",\"url\":\"https:\/\/www.cannabis.es\/pw\/\",\"logo\":{\"@type\":\"ImageObject\",\"inLanguage\":\"es\",\"@id\":\"https:\/\/www.cannabis.es\/pw\/#\/schema\/logo\/image\/\",\"url\":\"https:\/\/www.cannabis.es\/pw\/wp-content\/uploads\/2019\/04\/cropped-logo_cannabis.png\",\"contentUrl\":\"https:\/\/www.cannabis.es\/pw\/wp-content\/uploads\/2019\/04\/cropped-logo_cannabis.png\",\"width\":361,\"height\":120,\"caption\":\"Cannabis.es\"},\"image\":{\"@id\":\"https:\/\/www.cannabis.es\/pw\/#\/schema\/logo\/image\/\"},\"sameAs\":[\"https:\/\/x.com\/cannabis_es\"]},{\"@type\":\"Person\",\"@id\":\"https:\/\/www.cannabis.es\/pw\/#\/schema\/person\/ec770c03f3e99d770687f537f4ba1e89\",\"name\":\"Cannabis.es\",\"image\":{\"@type\":\"ImageObject\",\"inLanguage\":\"es\",\"@id\":\"https:\/\/www.cannabis.es\/pw\/#\/schema\/person\/image\/\",\"url\":\"https:\/\/secure.gravatar.com\/avatar\/810c93a3d6fadc3d9c2665b1d919a4aedea8ed4dd63689d001e985a804e90d83?s=96&d=mm&r=g\",\"contentUrl\":\"https:\/\/secure.gravatar.com\/avatar\/810c93a3d6fadc3d9c2665b1d919a4aedea8ed4dd63689d001e985a804e90d83?s=96&d=mm&r=g\",\"caption\":\"Cannabis.es\"},\"url\":\"https:\/\/www.cannabis.es\/pw\/author\/arnau\/\"}]}<\/script>\n<!-- \/ Yoast SEO plugin. -->","yoast_head_json":{"title":"Mi ciudad cultiva la guerra, no cannabis","description":"Entrada &#8226; Portal multimedia sobre cannabis y otras sustancias &#8226; 14 noviembre, 2022","robots":{"index":"index","follow":"follow","max-snippet":"max-snippet:-1","max-image-preview":"max-image-preview:large","max-video-preview":"max-video-preview:-1"},"canonical":"https:\/\/www.cannabis.es\/pw\/2022\/11\/14\/mi-ciudad-cultiva-la-guerra-no-cannabis\/","twitter_card":"summary_large_image","twitter_title":"Mi ciudad cultiva la guerra, no cannabis","twitter_description":"Entrada &#8226; Portal multimedia sobre cannabis y otras sustancias &#8226; 14 noviembre, 2022","twitter_image":"https:\/\/www.cannabis.es\/pw\/wp-content\/uploads\/2022\/11\/PORTADA_cultivando_guerra.jpg","twitter_creator":"@cannabis_es","twitter_site":"@cannabis_es","twitter_misc":{"Escrito por":"Cannabis.es","Tiempo de lectura":"5 minutos"},"schema":{"@context":"https:\/\/schema.org","@graph":[{"@type":"Article","@id":"https:\/\/www.cannabis.es\/pw\/2022\/11\/14\/mi-ciudad-cultiva-la-guerra-no-cannabis\/#article","isPartOf":{"@id":"https:\/\/www.cannabis.es\/pw\/2022\/11\/14\/mi-ciudad-cultiva-la-guerra-no-cannabis\/"},"author":{"name":"Cannabis.es","@id":"https:\/\/www.cannabis.es\/pw\/#\/schema\/person\/ec770c03f3e99d770687f537f4ba1e89"},"headline":"Mi ciudad cultiva la guerra, no cannabis","datePublished":"2022-11-14T10:37:15+00:00","dateModified":"2022-11-14T10:45:15+00:00","mainEntityOfPage":{"@id":"https:\/\/www.cannabis.es\/pw\/2022\/11\/14\/mi-ciudad-cultiva-la-guerra-no-cannabis\/"},"wordCount":945,"publisher":{"@id":"https:\/\/www.cannabis.es\/pw\/#organization"},"image":{"@id":"https:\/\/www.cannabis.es\/pw\/2022\/11\/14\/mi-ciudad-cultiva-la-guerra-no-cannabis\/#primaryimage"},"thumbnailUrl":"https:\/\/www.cannabis.es\/pw\/wp-content\/uploads\/2022\/11\/PORTADA_cultivando_guerra.jpg","keywords":["Arnau Alcaide","cannabis","drogas","pol\u00edtica","prohibicionismo"],"articleSection":["Pol\u00edtica y Sociedad"],"inLanguage":"es"},{"@type":"WebPage","@id":"https:\/\/www.cannabis.es\/pw\/2022\/11\/14\/mi-ciudad-cultiva-la-guerra-no-cannabis\/","url":"https:\/\/www.cannabis.es\/pw\/2022\/11\/14\/mi-ciudad-cultiva-la-guerra-no-cannabis\/","name":"Mi ciudad cultiva la guerra, no cannabis","isPartOf":{"@id":"https:\/\/www.cannabis.es\/pw\/#website"},"primaryImageOfPage":{"@id":"https:\/\/www.cannabis.es\/pw\/2022\/11\/14\/mi-ciudad-cultiva-la-guerra-no-cannabis\/#primaryimage"},"image":{"@id":"https:\/\/www.cannabis.es\/pw\/2022\/11\/14\/mi-ciudad-cultiva-la-guerra-no-cannabis\/#primaryimage"},"thumbnailUrl":"https:\/\/www.cannabis.es\/pw\/wp-content\/uploads\/2022\/11\/PORTADA_cultivando_guerra.jpg","datePublished":"2022-11-14T10:37:15+00:00","dateModified":"2022-11-14T10:45:15+00:00","description":"Entrada &#8226; Portal multimedia sobre cannabis y otras sustancias &#8226; 14 noviembre, 2022","breadcrumb":{"@id":"https:\/\/www.cannabis.es\/pw\/2022\/11\/14\/mi-ciudad-cultiva-la-guerra-no-cannabis\/#breadcrumb"},"inLanguage":"es","potentialAction":[{"@type":"ReadAction","target":["https:\/\/www.cannabis.es\/pw\/2022\/11\/14\/mi-ciudad-cultiva-la-guerra-no-cannabis\/"]}]},{"@type":"ImageObject","inLanguage":"es","@id":"https:\/\/www.cannabis.es\/pw\/2022\/11\/14\/mi-ciudad-cultiva-la-guerra-no-cannabis\/#primaryimage","url":"https:\/\/www.cannabis.es\/pw\/wp-content\/uploads\/2022\/11\/PORTADA_cultivando_guerra.jpg","contentUrl":"https:\/\/www.cannabis.es\/pw\/wp-content\/uploads\/2022\/11\/PORTADA_cultivando_guerra.jpg","width":1607,"height":1063},{"@type":"BreadcrumbList","@id":"https:\/\/www.cannabis.es\/pw\/2022\/11\/14\/mi-ciudad-cultiva-la-guerra-no-cannabis\/#breadcrumb","itemListElement":[{"@type":"ListItem","position":1,"name":"Portada","item":"http:\/\/www.cannabis.es\/pw\/"},{"@type":"ListItem","position":2,"name":"Mi ciudad cultiva la guerra, no cannabis"}]},{"@type":"WebSite","@id":"https:\/\/www.cannabis.es\/pw\/#website","url":"https:\/\/www.cannabis.es\/pw\/","name":"Cannabis","description":"Portal multimedia sobre cannabis y otras sustancias","publisher":{"@id":"https:\/\/www.cannabis.es\/pw\/#organization"},"potentialAction":[{"@type":"SearchAction","target":{"@type":"EntryPoint","urlTemplate":"https:\/\/www.cannabis.es\/pw\/?s={search_term_string}"},"query-input":{"@type":"PropertyValueSpecification","valueRequired":true,"valueName":"search_term_string"}}],"inLanguage":"es"},{"@type":"Organization","@id":"https:\/\/www.cannabis.es\/pw\/#organization","name":"Cannabis.es","url":"https:\/\/www.cannabis.es\/pw\/","logo":{"@type":"ImageObject","inLanguage":"es","@id":"https:\/\/www.cannabis.es\/pw\/#\/schema\/logo\/image\/","url":"https:\/\/www.cannabis.es\/pw\/wp-content\/uploads\/2019\/04\/cropped-logo_cannabis.png","contentUrl":"https:\/\/www.cannabis.es\/pw\/wp-content\/uploads\/2019\/04\/cropped-logo_cannabis.png","width":361,"height":120,"caption":"Cannabis.es"},"image":{"@id":"https:\/\/www.cannabis.es\/pw\/#\/schema\/logo\/image\/"},"sameAs":["https:\/\/x.com\/cannabis_es"]},{"@type":"Person","@id":"https:\/\/www.cannabis.es\/pw\/#\/schema\/person\/ec770c03f3e99d770687f537f4ba1e89","name":"Cannabis.es","image":{"@type":"ImageObject","inLanguage":"es","@id":"https:\/\/www.cannabis.es\/pw\/#\/schema\/person\/image\/","url":"https:\/\/secure.gravatar.com\/avatar\/810c93a3d6fadc3d9c2665b1d919a4aedea8ed4dd63689d001e985a804e90d83?s=96&d=mm&r=g","contentUrl":"https:\/\/secure.gravatar.com\/avatar\/810c93a3d6fadc3d9c2665b1d919a4aedea8ed4dd63689d001e985a804e90d83?s=96&d=mm&r=g","caption":"Cannabis.es"},"url":"https:\/\/www.cannabis.es\/pw\/author\/arnau\/"}]}},"_links":{"self":[{"href":"https:\/\/www.cannabis.es\/pw\/wp-json\/wp\/v2\/posts\/9126","targetHints":{"allow":["GET"]}}],"collection":[{"href":"https:\/\/www.cannabis.es\/pw\/wp-json\/wp\/v2\/posts"}],"about":[{"href":"https:\/\/www.cannabis.es\/pw\/wp-json\/wp\/v2\/types\/post"}],"author":[{"embeddable":true,"href":"https:\/\/www.cannabis.es\/pw\/wp-json\/wp\/v2\/users\/3"}],"replies":[{"embeddable":true,"href":"https:\/\/www.cannabis.es\/pw\/wp-json\/wp\/v2\/comments?post=9126"}],"version-history":[{"count":5,"href":"https:\/\/www.cannabis.es\/pw\/wp-json\/wp\/v2\/posts\/9126\/revisions"}],"predecessor-version":[{"id":9136,"href":"https:\/\/www.cannabis.es\/pw\/wp-json\/wp\/v2\/posts\/9126\/revisions\/9136"}],"wp:featuredmedia":[{"embeddable":true,"href":"https:\/\/www.cannabis.es\/pw\/wp-json\/wp\/v2\/media\/9131"}],"wp:attachment":[{"href":"https:\/\/www.cannabis.es\/pw\/wp-json\/wp\/v2\/media?parent=9126"}],"wp:term":[{"taxonomy":"category","embeddable":true,"href":"https:\/\/www.cannabis.es\/pw\/wp-json\/wp\/v2\/categories?post=9126"},{"taxonomy":"post_tag","embeddable":true,"href":"https:\/\/www.cannabis.es\/pw\/wp-json\/wp\/v2\/tags?post=9126"}],"curies":[{"name":"wp","href":"https:\/\/api.w.org\/{rel}","templated":true}]}}