{"id":9138,"date":"2022-11-22T12:08:54","date_gmt":"2022-11-22T11:08:54","guid":{"rendered":"https:\/\/www.cannabis.es\/pw\/?p=9138"},"modified":"2022-11-28T13:00:57","modified_gmt":"2022-11-28T12:00:57","slug":"el-activismo-en-malta-teme-que-el-despido-de-la-reguladora-sirva-a-un-mercado-farmaceutico","status":"publish","type":"post","link":"https:\/\/www.cannabis.es\/pw\/2022\/11\/22\/el-activismo-en-malta-teme-que-el-despido-de-la-reguladora-sirva-a-un-mercado-farmaceutico\/","title":{"rendered":"El activismo en Malta teme que el despido de la reguladora sirva a un mercado farmac\u00e9utico"},"content":{"rendered":"\n<p>Arnau Alcaide<\/p>\n\n\n\n<p>La ONG por la regulaci\u00f3n del cannabis Releaf Malta teme que<strong> el despido el pasado 11 de noviembre de la reguladora<\/strong> designada para presidir la autoridad del cannabis responsable de los reglamentos posteriores a la legalizaci\u00f3n del cannabis, con 11 meses de vida,<strong> sirva a la posibilidad de establecer un mercado farmac\u00e9utico \u00abigualmente motivado por el beneficio<\/strong> y liderado por unos pocos amigos en altos cargos\u00bb, <strong>en detrimento de las licencias de las asociaciones cann\u00e1bicas<\/strong>, para las que <a href=\"https:\/\/www.cannabis.es\/pw\/2022\/03\/14\/dimech-reguladora-del-cannabis-en-malta-empoderar-en-lugar-de-controlar-y-castigar\/\">Mariella Dimech<\/a> aleg\u00f3 que no se la hab\u00eda dotado de \u00abpersonal, presupuesto ni conformidad con la estrategia pol\u00edtica\u00bb.<\/p>\n\n\n\n<p>As\u00ed lo ha venido recogiendo <a href=\"https:\/\/www.maltatoday.com.mt\/news\/national\/119914\/activists_fear_medical_cannabis_companies_want_in_on_recreational_market#.Y3tWLnbMK3A\">Malta Today<\/a> en diferentes informaciones que anuncian un panorama de retroceso desde que el ministro de Interior despidiese a Dimech y pusiese en su lugar al antiguo responsable de Vivienda, Leonid McKay, que ven\u00eda de dirigir el servicio de C\u00e1ritas de drogodependencias basado en los valores tradicionales que se suelen aplicar en entornos prohibicionistas y que Dimech calific\u00f3 en exclusiva para Cannabis.es de \u00abconductista\u00bb, \u00ababusivo\u00bb y \u00abbasura\u00bb en una entrevista a su nombramiento en la que despleg\u00f3 su filosof\u00eda de aproximaci\u00f3n a la pol\u00edtica de drogas. Relaf Malta ha tachado el nombramiento de McKay de \u00abinsulto al esp\u00edritu de la ley\u00bb.<\/p>\n\n\n\n<p><em>\u201cEs lamentable observar que, una vez m\u00e1s, las personas que consumen cannabis son tratadas como ciudadanos de segunda clase, se les niega una representaci\u00f3n significativa, se les empuja a los m\u00e1rgenes y se las acerca una vez m\u00e1s a una mentalidad prohibicionista\u201d, <\/em>denunci\u00f3 la ONG para<a href=\"https:\/\/www.maltatoday.com.mt\/news\/national\/119761\/an_direct_insult_to_the_spirit_of_the_law_ngo_concerned_that_former_caritas_director_will_head_cannabis_authority_#.Y3tapXbMK3D\"> Malta Today<\/a><em> <\/em>al saber el reemplazo en la agencia reguladora. La organizaci\u00f3n explica que precisamente C\u00e1ritas ha tratado de frenar cualquier transformaci\u00f3n de la pol\u00edtica hacia la legalizaci\u00f3n.<\/p>\n\n\n\n<p>Releaf Malta recuerda que la ley se deb\u00eda basar en la reducci\u00f3n de riesgos y da\u00f1os y salir del paradigma de que las personas usuarias son enfermas, criminales o que lo \u00fanico que necesitan son pol\u00edticas de abstinencia. Por lo tanto, cuestiona<em> \u00ablas credenciales del nuevo designado para establecer un modelo de cannabis sin fines de lucro liderado por la comunidad que garantice que la pol\u00edtica trata a los consumidores de cannabis como socios informados, iguales y respetables\u00bb.<\/em> La organizaci\u00f3n ha pedido una declaraci\u00f3n del nuevo mandatario en l\u00ednea con la reducci\u00f3n de riesgos y da\u00f1os y que se anuncie una fecha para la emisi\u00f3n de las licencias de las asociaciones.<\/p>\n\n\n\n<h2 class=\"wp-block-heading\"><strong>Malta Today entiende que al menos una farmac\u00e9utica ha contactado al gobierno para saber la hoja de ruta<\/strong><\/h2>\n\n\n\n<p>Malta Today entiende que una empresa de cannabis medicinal ya se ha comunicado con el gobierno para \u00abconocer el camino a seguir\u00bb en el cannabis recreativo. Sus fuentes sospechan que esto podr\u00eda ser una se\u00f1al de inter\u00e9s comercial en el r\u00e9gimen \u00absin fines de lucro\u00bb del cannabis recreativo.<em> \u201c\u00bfPor qu\u00e9 si no se acercar\u00edan al gobierno? Ya est\u00e1n establecidos en la industria del cannabis medicinal y no tendr\u00edan otra intenci\u00f3n que la de obtener ganancias\u201d<\/em>, dijeron sus fuentes.<\/p>\n\n\n\n<p>El portavoz de Releaf, Andrew Bonello, piensa que la bandera roja en la implementaci\u00f3n de la legalizaci\u00f3n son las asociaciones cann\u00e1bicas, que se tratar\u00edan de frenar o pasar a modelos de lucro. De momento la ley ha permitido activar el autocultivo y la eliminaci\u00f3n de los antecedentes penales<em>. <\/em>Recuerda que Dimech les asegur\u00f3 que la hoja de ruta era sin \u00e1nimo de lucro y se\u00f1ala: <strong><em>\u201cNo queremos que las asociaciones se conviertan en espacios comerciales, porque un enfoque basado en la comunidad proporciona un espacio seguro para los usuarios\u201d.<\/em><\/strong><\/p>\n\n\n\n<p>El ministro del Interior, Byron Camilleri, responsable de fulminar a Dimech, ha insistido para Malta Today en que las asociaciones cann\u00e1bicas no tendr\u00e1n fines lucrativos, como prometieron. <em>\u201cLa ley es clara. Sigo creyendo que esto no debe comercializarse. Implementaremos la ley y tenemos que asegurarnos de que se implemente tal como fue aprobada en el parlamento\u201d.<\/em> Pero el ministro no ha respondido al medio malt\u00e9s sobre si alg\u00fan grupo empresarial ha manifestado su inter\u00e9s en dirigir asociaciones cann\u00e1bicas.<em> \u201cTomemos como ejemplo los clubes de bandas: obtienen peque\u00f1as ganancias al final del a\u00f1o, pero siguen siendo organizaciones sin fines de lucro. No obtienen grandes ganancias\u201d.<\/em><\/p>\n\n\n\n<p>A su despido, la reguladora de Malta ya dej\u00f3 un recado en esta direcci\u00f3n:<em> <strong>\u201cEspero que cualquier implementaci\u00f3n de pol\u00edtica futura <\/strong>reconozca la gran sensibilidad de esta iniciativa y <strong>asegure que la primera prioridad no sea la ganancia financiera<\/strong> de unos pocos sobre los intereses generales y el tejido de nuestras comunidades nacionales\u201d.<\/em><\/p>\n\n\n\n<p>Aprovecho para despedirme, pues este ser\u00e1 mi \u00faltimo art\u00edculo, ya que Cannabis.es no seguir\u00e1 contando conmigo. Espero escribiros pronto.<\/p>\n","protected":false},"excerpt":{"rendered":"<span class=\"span-reading-time rt-reading-time\" style=\"display: block;\"><span class=\"rt-label rt-prefix\">Tiempo de lectura:<\/span> <span class=\"rt-time\"> 3<\/span> <span class=\"rt-label rt-postfix\">minutos<\/span><\/span>Arnau Alcaide La ONG por la regulaci\u00f3n del cannabis Releaf Malta teme que el despido el pasado 11 de noviembre de la reguladora designada para presidir la autoridad del cannabis responsable de los reglamentos posteriores a la legalizaci\u00f3n del cannabis, con 11 meses de vida, sirva a la posibilidad de establecer un mercado farmac\u00e9utico \u00abigualmente [&hellip;]","protected":false},"author":3,"featured_media":9143,"comment_status":"closed","ping_status":"closed","sticky":true,"template":"","format":"standard","meta":{"loftocean-featured-post":"","loftocean_post_format_gallery":"","loftocean_post_format_gallery_ids":"","loftocean_post_format_gallery_urls":"","loftocean_post_format_video_id":"","loftocean_post_format_video_url":"","loftocean_post_format_video_type":"","loftocean_post_format_video":"","loftocean_post_format_audio_type":"","loftocean_post_format_audio_url":"","loftocean_post_format_audio_id":"","loftocean_post_format_audio":"","loftocean_post_format_quote_text":"","loftocean_post_format_quote_byline":"","loftocean_post_format_link_text":"","loftocean_post_format_link_url":"","ceramag_post_header_style":"","ceramag_enable_background_video":"","ceramag_show_in_top_slider":"","ceramag_post_background_video_start":"","ceramag_post_background_video_end":"","loftocean_page_background_video_id":"","loftocean_page_background_video_url":"","loftocean_page_background_video_type":"","loftocean_page_background_video":"","ceramag_background_video_start":"","ceramag_background_video_end":"","ceramag_single_page_hide_header":"","footnotes":""},"categories":[35],"tags":[540,41,54,42,58],"class_list":["post-9138","post","type-post","status-publish","format-standard","has-post-thumbnail","hentry","category-politica-y-sociedad","tag-arnau-alcaide","tag-cannabis","tag-legalizacion","tag-politica","tag-reduccion-de-riesgos"],"yoast_head":"<!-- This site is optimized with the Yoast SEO plugin v24.9 - https:\/\/yoast.com\/wordpress\/plugins\/seo\/ -->\n<title>El activismo en Malta teme que el despido de la reguladora sirva a un mercado farmac\u00e9utico<\/title>\n<meta name=\"description\" content=\"Entrada &#8226; Portal multimedia sobre cannabis y otras sustancias &#8226; 22 noviembre, 2022\" \/>\n<meta name=\"robots\" content=\"index, follow, max-snippet:-1, max-image-preview:large, max-video-preview:-1\" \/>\n<link rel=\"canonical\" href=\"https:\/\/www.cannabis.es\/pw\/2022\/11\/22\/el-activismo-en-malta-teme-que-el-despido-de-la-reguladora-sirva-a-un-mercado-farmaceutico\/\" \/>\n<meta name=\"twitter:card\" content=\"summary_large_image\" \/>\n<meta name=\"twitter:title\" content=\"El activismo en Malta teme que el despido de la reguladora sirva a un mercado farmac\u00e9utico\" \/>\n<meta name=\"twitter:description\" content=\"Entrada &#8226; Portal multimedia sobre cannabis y otras sustancias &#8226; 22 noviembre, 2022\" \/>\n<meta name=\"twitter:image\" content=\"https:\/\/www.cannabis.es\/pw\/wp-content\/uploads\/2022\/11\/PORTADA_ACTIVISMO_MALTA_DUDAS.jpg\" \/>\n<meta name=\"twitter:creator\" content=\"@cannabis_es\" \/>\n<meta name=\"twitter:site\" content=\"@cannabis_es\" \/>\n<meta name=\"twitter:label1\" content=\"Escrito por\" \/>\n\t<meta name=\"twitter:data1\" content=\"Cannabis.es\" \/>\n\t<meta name=\"twitter:label2\" content=\"Tiempo de lectura\" \/>\n\t<meta name=\"twitter:data2\" content=\"4 minutos\" \/>\n<script type=\"application\/ld+json\" class=\"yoast-schema-graph\">{\"@context\":\"https:\/\/schema.org\",\"@graph\":[{\"@type\":\"Article\",\"@id\":\"https:\/\/www.cannabis.es\/pw\/2022\/11\/22\/el-activismo-en-malta-teme-que-el-despido-de-la-reguladora-sirva-a-un-mercado-farmaceutico\/#article\",\"isPartOf\":{\"@id\":\"https:\/\/www.cannabis.es\/pw\/2022\/11\/22\/el-activismo-en-malta-teme-que-el-despido-de-la-reguladora-sirva-a-un-mercado-farmaceutico\/\"},\"author\":{\"name\":\"Cannabis.es\",\"@id\":\"https:\/\/www.cannabis.es\/pw\/#\/schema\/person\/ec770c03f3e99d770687f537f4ba1e89\"},\"headline\":\"El activismo en Malta teme que el despido de la reguladora sirva a un mercado farmac\u00e9utico\",\"datePublished\":\"2022-11-22T11:08:54+00:00\",\"dateModified\":\"2022-11-28T12:00:57+00:00\",\"mainEntityOfPage\":{\"@id\":\"https:\/\/www.cannabis.es\/pw\/2022\/11\/22\/el-activismo-en-malta-teme-que-el-despido-de-la-reguladora-sirva-a-un-mercado-farmaceutico\/\"},\"wordCount\":826,\"publisher\":{\"@id\":\"https:\/\/www.cannabis.es\/pw\/#organization\"},\"image\":{\"@id\":\"https:\/\/www.cannabis.es\/pw\/2022\/11\/22\/el-activismo-en-malta-teme-que-el-despido-de-la-reguladora-sirva-a-un-mercado-farmaceutico\/#primaryimage\"},\"thumbnailUrl\":\"https:\/\/www.cannabis.es\/pw\/wp-content\/uploads\/2022\/11\/PORTADA_ACTIVISMO_MALTA_DUDAS.jpg\",\"keywords\":[\"Arnau Alcaide\",\"cannabis\",\"legalizaci\u00f3n\",\"pol\u00edtica\",\"reducci\u00f3n de riesgos\"],\"articleSection\":[\"Pol\u00edtica y Sociedad\"],\"inLanguage\":\"es\"},{\"@type\":\"WebPage\",\"@id\":\"https:\/\/www.cannabis.es\/pw\/2022\/11\/22\/el-activismo-en-malta-teme-que-el-despido-de-la-reguladora-sirva-a-un-mercado-farmaceutico\/\",\"url\":\"https:\/\/www.cannabis.es\/pw\/2022\/11\/22\/el-activismo-en-malta-teme-que-el-despido-de-la-reguladora-sirva-a-un-mercado-farmaceutico\/\",\"name\":\"El activismo en Malta teme que el despido de la reguladora sirva a un mercado farmac\u00e9utico\",\"isPartOf\":{\"@id\":\"https:\/\/www.cannabis.es\/pw\/#website\"},\"primaryImageOfPage\":{\"@id\":\"https:\/\/www.cannabis.es\/pw\/2022\/11\/22\/el-activismo-en-malta-teme-que-el-despido-de-la-reguladora-sirva-a-un-mercado-farmaceutico\/#primaryimage\"},\"image\":{\"@id\":\"https:\/\/www.cannabis.es\/pw\/2022\/11\/22\/el-activismo-en-malta-teme-que-el-despido-de-la-reguladora-sirva-a-un-mercado-farmaceutico\/#primaryimage\"},\"thumbnailUrl\":\"https:\/\/www.cannabis.es\/pw\/wp-content\/uploads\/2022\/11\/PORTADA_ACTIVISMO_MALTA_DUDAS.jpg\",\"datePublished\":\"2022-11-22T11:08:54+00:00\",\"dateModified\":\"2022-11-28T12:00:57+00:00\",\"description\":\"Entrada &#8226; Portal multimedia sobre cannabis y otras sustancias &#8226; 22 noviembre, 2022\",\"breadcrumb\":{\"@id\":\"https:\/\/www.cannabis.es\/pw\/2022\/11\/22\/el-activismo-en-malta-teme-que-el-despido-de-la-reguladora-sirva-a-un-mercado-farmaceutico\/#breadcrumb\"},\"inLanguage\":\"es\",\"potentialAction\":[{\"@type\":\"ReadAction\",\"target\":[\"https:\/\/www.cannabis.es\/pw\/2022\/11\/22\/el-activismo-en-malta-teme-que-el-despido-de-la-reguladora-sirva-a-un-mercado-farmaceutico\/\"]}]},{\"@type\":\"ImageObject\",\"inLanguage\":\"es\",\"@id\":\"https:\/\/www.cannabis.es\/pw\/2022\/11\/22\/el-activismo-en-malta-teme-que-el-despido-de-la-reguladora-sirva-a-un-mercado-farmaceutico\/#primaryimage\",\"url\":\"https:\/\/www.cannabis.es\/pw\/wp-content\/uploads\/2022\/11\/PORTADA_ACTIVISMO_MALTA_DUDAS.jpg\",\"contentUrl\":\"https:\/\/www.cannabis.es\/pw\/wp-content\/uploads\/2022\/11\/PORTADA_ACTIVISMO_MALTA_DUDAS.jpg\",\"width\":1607,\"height\":1063},{\"@type\":\"BreadcrumbList\",\"@id\":\"https:\/\/www.cannabis.es\/pw\/2022\/11\/22\/el-activismo-en-malta-teme-que-el-despido-de-la-reguladora-sirva-a-un-mercado-farmaceutico\/#breadcrumb\",\"itemListElement\":[{\"@type\":\"ListItem\",\"position\":1,\"name\":\"Portada\",\"item\":\"http:\/\/www.cannabis.es\/pw\/\"},{\"@type\":\"ListItem\",\"position\":2,\"name\":\"El activismo en Malta teme que el despido de la reguladora sirva a un mercado farmac\u00e9utico\"}]},{\"@type\":\"WebSite\",\"@id\":\"https:\/\/www.cannabis.es\/pw\/#website\",\"url\":\"https:\/\/www.cannabis.es\/pw\/\",\"name\":\"Cannabis\",\"description\":\"Portal multimedia sobre cannabis y otras sustancias\",\"publisher\":{\"@id\":\"https:\/\/www.cannabis.es\/pw\/#organization\"},\"potentialAction\":[{\"@type\":\"SearchAction\",\"target\":{\"@type\":\"EntryPoint\",\"urlTemplate\":\"https:\/\/www.cannabis.es\/pw\/?s={search_term_string}\"},\"query-input\":{\"@type\":\"PropertyValueSpecification\",\"valueRequired\":true,\"valueName\":\"search_term_string\"}}],\"inLanguage\":\"es\"},{\"@type\":\"Organization\",\"@id\":\"https:\/\/www.cannabis.es\/pw\/#organization\",\"name\":\"Cannabis.es\",\"url\":\"https:\/\/www.cannabis.es\/pw\/\",\"logo\":{\"@type\":\"ImageObject\",\"inLanguage\":\"es\",\"@id\":\"https:\/\/www.cannabis.es\/pw\/#\/schema\/logo\/image\/\",\"url\":\"https:\/\/www.cannabis.es\/pw\/wp-content\/uploads\/2019\/04\/cropped-logo_cannabis.png\",\"contentUrl\":\"https:\/\/www.cannabis.es\/pw\/wp-content\/uploads\/2019\/04\/cropped-logo_cannabis.png\",\"width\":361,\"height\":120,\"caption\":\"Cannabis.es\"},\"image\":{\"@id\":\"https:\/\/www.cannabis.es\/pw\/#\/schema\/logo\/image\/\"},\"sameAs\":[\"https:\/\/x.com\/cannabis_es\"]},{\"@type\":\"Person\",\"@id\":\"https:\/\/www.cannabis.es\/pw\/#\/schema\/person\/ec770c03f3e99d770687f537f4ba1e89\",\"name\":\"Cannabis.es\",\"image\":{\"@type\":\"ImageObject\",\"inLanguage\":\"es\",\"@id\":\"https:\/\/www.cannabis.es\/pw\/#\/schema\/person\/image\/\",\"url\":\"https:\/\/secure.gravatar.com\/avatar\/810c93a3d6fadc3d9c2665b1d919a4aedea8ed4dd63689d001e985a804e90d83?s=96&d=mm&r=g\",\"contentUrl\":\"https:\/\/secure.gravatar.com\/avatar\/810c93a3d6fadc3d9c2665b1d919a4aedea8ed4dd63689d001e985a804e90d83?s=96&d=mm&r=g\",\"caption\":\"Cannabis.es\"},\"url\":\"https:\/\/www.cannabis.es\/pw\/author\/arnau\/\"}]}<\/script>\n<!-- \/ Yoast SEO plugin. -->","yoast_head_json":{"title":"El activismo en Malta teme que el despido de la reguladora sirva a un mercado farmac\u00e9utico","description":"Entrada &#8226; Portal multimedia sobre cannabis y otras sustancias &#8226; 22 noviembre, 2022","robots":{"index":"index","follow":"follow","max-snippet":"max-snippet:-1","max-image-preview":"max-image-preview:large","max-video-preview":"max-video-preview:-1"},"canonical":"https:\/\/www.cannabis.es\/pw\/2022\/11\/22\/el-activismo-en-malta-teme-que-el-despido-de-la-reguladora-sirva-a-un-mercado-farmaceutico\/","twitter_card":"summary_large_image","twitter_title":"El activismo en Malta teme que el despido de la reguladora sirva a un mercado farmac\u00e9utico","twitter_description":"Entrada &#8226; Portal multimedia sobre cannabis y otras sustancias &#8226; 22 noviembre, 2022","twitter_image":"https:\/\/www.cannabis.es\/pw\/wp-content\/uploads\/2022\/11\/PORTADA_ACTIVISMO_MALTA_DUDAS.jpg","twitter_creator":"@cannabis_es","twitter_site":"@cannabis_es","twitter_misc":{"Escrito por":"Cannabis.es","Tiempo de lectura":"4 minutos"},"schema":{"@context":"https:\/\/schema.org","@graph":[{"@type":"Article","@id":"https:\/\/www.cannabis.es\/pw\/2022\/11\/22\/el-activismo-en-malta-teme-que-el-despido-de-la-reguladora-sirva-a-un-mercado-farmaceutico\/#article","isPartOf":{"@id":"https:\/\/www.cannabis.es\/pw\/2022\/11\/22\/el-activismo-en-malta-teme-que-el-despido-de-la-reguladora-sirva-a-un-mercado-farmaceutico\/"},"author":{"name":"Cannabis.es","@id":"https:\/\/www.cannabis.es\/pw\/#\/schema\/person\/ec770c03f3e99d770687f537f4ba1e89"},"headline":"El activismo en Malta teme que el despido de la reguladora sirva a un mercado farmac\u00e9utico","datePublished":"2022-11-22T11:08:54+00:00","dateModified":"2022-11-28T12:00:57+00:00","mainEntityOfPage":{"@id":"https:\/\/www.cannabis.es\/pw\/2022\/11\/22\/el-activismo-en-malta-teme-que-el-despido-de-la-reguladora-sirva-a-un-mercado-farmaceutico\/"},"wordCount":826,"publisher":{"@id":"https:\/\/www.cannabis.es\/pw\/#organization"},"image":{"@id":"https:\/\/www.cannabis.es\/pw\/2022\/11\/22\/el-activismo-en-malta-teme-que-el-despido-de-la-reguladora-sirva-a-un-mercado-farmaceutico\/#primaryimage"},"thumbnailUrl":"https:\/\/www.cannabis.es\/pw\/wp-content\/uploads\/2022\/11\/PORTADA_ACTIVISMO_MALTA_DUDAS.jpg","keywords":["Arnau Alcaide","cannabis","legalizaci\u00f3n","pol\u00edtica","reducci\u00f3n de riesgos"],"articleSection":["Pol\u00edtica y Sociedad"],"inLanguage":"es"},{"@type":"WebPage","@id":"https:\/\/www.cannabis.es\/pw\/2022\/11\/22\/el-activismo-en-malta-teme-que-el-despido-de-la-reguladora-sirva-a-un-mercado-farmaceutico\/","url":"https:\/\/www.cannabis.es\/pw\/2022\/11\/22\/el-activismo-en-malta-teme-que-el-despido-de-la-reguladora-sirva-a-un-mercado-farmaceutico\/","name":"El activismo en Malta teme que el despido de la reguladora sirva a un mercado farmac\u00e9utico","isPartOf":{"@id":"https:\/\/www.cannabis.es\/pw\/#website"},"primaryImageOfPage":{"@id":"https:\/\/www.cannabis.es\/pw\/2022\/11\/22\/el-activismo-en-malta-teme-que-el-despido-de-la-reguladora-sirva-a-un-mercado-farmaceutico\/#primaryimage"},"image":{"@id":"https:\/\/www.cannabis.es\/pw\/2022\/11\/22\/el-activismo-en-malta-teme-que-el-despido-de-la-reguladora-sirva-a-un-mercado-farmaceutico\/#primaryimage"},"thumbnailUrl":"https:\/\/www.cannabis.es\/pw\/wp-content\/uploads\/2022\/11\/PORTADA_ACTIVISMO_MALTA_DUDAS.jpg","datePublished":"2022-11-22T11:08:54+00:00","dateModified":"2022-11-28T12:00:57+00:00","description":"Entrada &#8226; Portal multimedia sobre cannabis y otras sustancias &#8226; 22 noviembre, 2022","breadcrumb":{"@id":"https:\/\/www.cannabis.es\/pw\/2022\/11\/22\/el-activismo-en-malta-teme-que-el-despido-de-la-reguladora-sirva-a-un-mercado-farmaceutico\/#breadcrumb"},"inLanguage":"es","potentialAction":[{"@type":"ReadAction","target":["https:\/\/www.cannabis.es\/pw\/2022\/11\/22\/el-activismo-en-malta-teme-que-el-despido-de-la-reguladora-sirva-a-un-mercado-farmaceutico\/"]}]},{"@type":"ImageObject","inLanguage":"es","@id":"https:\/\/www.cannabis.es\/pw\/2022\/11\/22\/el-activismo-en-malta-teme-que-el-despido-de-la-reguladora-sirva-a-un-mercado-farmaceutico\/#primaryimage","url":"https:\/\/www.cannabis.es\/pw\/wp-content\/uploads\/2022\/11\/PORTADA_ACTIVISMO_MALTA_DUDAS.jpg","contentUrl":"https:\/\/www.cannabis.es\/pw\/wp-content\/uploads\/2022\/11\/PORTADA_ACTIVISMO_MALTA_DUDAS.jpg","width":1607,"height":1063},{"@type":"BreadcrumbList","@id":"https:\/\/www.cannabis.es\/pw\/2022\/11\/22\/el-activismo-en-malta-teme-que-el-despido-de-la-reguladora-sirva-a-un-mercado-farmaceutico\/#breadcrumb","itemListElement":[{"@type":"ListItem","position":1,"name":"Portada","item":"http:\/\/www.cannabis.es\/pw\/"},{"@type":"ListItem","position":2,"name":"El activismo en Malta teme que el despido de la reguladora sirva a un mercado farmac\u00e9utico"}]},{"@type":"WebSite","@id":"https:\/\/www.cannabis.es\/pw\/#website","url":"https:\/\/www.cannabis.es\/pw\/","name":"Cannabis","description":"Portal multimedia sobre cannabis y otras sustancias","publisher":{"@id":"https:\/\/www.cannabis.es\/pw\/#organization"},"potentialAction":[{"@type":"SearchAction","target":{"@type":"EntryPoint","urlTemplate":"https:\/\/www.cannabis.es\/pw\/?s={search_term_string}"},"query-input":{"@type":"PropertyValueSpecification","valueRequired":true,"valueName":"search_term_string"}}],"inLanguage":"es"},{"@type":"Organization","@id":"https:\/\/www.cannabis.es\/pw\/#organization","name":"Cannabis.es","url":"https:\/\/www.cannabis.es\/pw\/","logo":{"@type":"ImageObject","inLanguage":"es","@id":"https:\/\/www.cannabis.es\/pw\/#\/schema\/logo\/image\/","url":"https:\/\/www.cannabis.es\/pw\/wp-content\/uploads\/2019\/04\/cropped-logo_cannabis.png","contentUrl":"https:\/\/www.cannabis.es\/pw\/wp-content\/uploads\/2019\/04\/cropped-logo_cannabis.png","width":361,"height":120,"caption":"Cannabis.es"},"image":{"@id":"https:\/\/www.cannabis.es\/pw\/#\/schema\/logo\/image\/"},"sameAs":["https:\/\/x.com\/cannabis_es"]},{"@type":"Person","@id":"https:\/\/www.cannabis.es\/pw\/#\/schema\/person\/ec770c03f3e99d770687f537f4ba1e89","name":"Cannabis.es","image":{"@type":"ImageObject","inLanguage":"es","@id":"https:\/\/www.cannabis.es\/pw\/#\/schema\/person\/image\/","url":"https:\/\/secure.gravatar.com\/avatar\/810c93a3d6fadc3d9c2665b1d919a4aedea8ed4dd63689d001e985a804e90d83?s=96&d=mm&r=g","contentUrl":"https:\/\/secure.gravatar.com\/avatar\/810c93a3d6fadc3d9c2665b1d919a4aedea8ed4dd63689d001e985a804e90d83?s=96&d=mm&r=g","caption":"Cannabis.es"},"url":"https:\/\/www.cannabis.es\/pw\/author\/arnau\/"}]}},"_links":{"self":[{"href":"https:\/\/www.cannabis.es\/pw\/wp-json\/wp\/v2\/posts\/9138","targetHints":{"allow":["GET"]}}],"collection":[{"href":"https:\/\/www.cannabis.es\/pw\/wp-json\/wp\/v2\/posts"}],"about":[{"href":"https:\/\/www.cannabis.es\/pw\/wp-json\/wp\/v2\/types\/post"}],"author":[{"embeddable":true,"href":"https:\/\/www.cannabis.es\/pw\/wp-json\/wp\/v2\/users\/3"}],"replies":[{"embeddable":true,"href":"https:\/\/www.cannabis.es\/pw\/wp-json\/wp\/v2\/comments?post=9138"}],"version-history":[{"count":3,"href":"https:\/\/www.cannabis.es\/pw\/wp-json\/wp\/v2\/posts\/9138\/revisions"}],"predecessor-version":[{"id":9141,"href":"https:\/\/www.cannabis.es\/pw\/wp-json\/wp\/v2\/posts\/9138\/revisions\/9141"}],"wp:featuredmedia":[{"embeddable":true,"href":"https:\/\/www.cannabis.es\/pw\/wp-json\/wp\/v2\/media\/9143"}],"wp:attachment":[{"href":"https:\/\/www.cannabis.es\/pw\/wp-json\/wp\/v2\/media?parent=9138"}],"wp:term":[{"taxonomy":"category","embeddable":true,"href":"https:\/\/www.cannabis.es\/pw\/wp-json\/wp\/v2\/categories?post=9138"},{"taxonomy":"post_tag","embeddable":true,"href":"https:\/\/www.cannabis.es\/pw\/wp-json\/wp\/v2\/tags?post=9138"}],"curies":[{"name":"wp","href":"https:\/\/api.w.org\/{rel}","templated":true}]}}