{"id":9205,"date":"2023-07-24T09:00:22","date_gmt":"2023-07-24T07:00:22","guid":{"rendered":"https:\/\/www.cannabis.es\/pw\/?p=9205"},"modified":"2023-07-24T13:25:18","modified_gmt":"2023-07-24T11:25:18","slug":"cannabis-alemania","status":"publish","type":"post","link":"https:\/\/www.cannabis.es\/pw\/2023\/07\/24\/cannabis-alemania\/","title":{"rendered":"Alemania presenta un proyecto de ley para legalizar el cannabis"},"content":{"rendered":"\n<h2 class=\"wp-block-heading\"><strong>El documento contempla el cultivo de 3 plantas para uso personal, la posesi\u00f3n de 25 gramos y apertura de clubs sociales<\/strong><\/h2>\n\n\n\n<p>El Ministerio de Sanidad alem\u00e1n ha dado a conocer un proyecto de ley de legalizaci\u00f3n del cannabis, que todav\u00eda tiene que ser revisado por los \u00f3rganos estatales.<\/p>\n\n\n\n<p>La legislaci\u00f3n permitir\u00eda a los adultos cultivar un n\u00famero limitado de plantas de cannabis para uso personal y establecer\u00eda normas para la creaci\u00f3n de clubes sociales. Los funcionarios tambi\u00e9n tienen previsto presentar una segunda medida complementaria que establecer\u00eda programas piloto de venta comercial en ciudades de todo el pa\u00eds.<\/p>\n\n\n\n<p>El ministro de Sanidad, Karl Lauterbach, declar\u00f3 que el pa\u00eds \u00abpuede acabar con el mercado negro y luchar contra la delincuencia haciendo posible la venta de cannabis a adultos dentro de unos l\u00edmites claros\u00bb, seg\u00fan una traducci\u00f3n. Tambi\u00e9n subray\u00f3 que se pondr\u00e1n barreras para evitar el acceso de los j\u00f3venes al cannabis.<\/p>\n\n\n\n<p>La nueva propuesta permitir\u00eda a los adultos mayores de 18 a\u00f1os cultivar un m\u00e1ximo de tres plantas para uso personal. No se permitir\u00e1 extraer aceites ni fabricar concentrados de cannabis.<\/p>\n\n\n\n<p>La posesi\u00f3n personal tendr\u00eda un l\u00edmite de 25 gramos, con excepciones para quienes trabajen en los clubes sociales. Esos clubes no podr\u00edan estar situados a menos de 200 metros de una escuela, y cada ciudad o distrito determinado s\u00f3lo podr\u00eda tener un club por cada 6.000 residentes.<\/p>\n\n\n\n<p>Un permiso de club social tendr\u00eda una validez m\u00e1xima de siete a\u00f1os, con posibilidad de pr\u00f3rroga a los cinco a\u00f1os. Seg\u00fan el proyecto de ley, la afiliaci\u00f3n a los clubes tendr\u00eda que durar al menos dos meses.<\/p>\n\n\n\n<p>Tras una revisi\u00f3n administrativa, se espera que el primer pilar del plan de legalizaci\u00f3n pase por el Consejo de Ministros el pr\u00f3ximo mes. Las autoridades pretenden publicar por separado el segundo pilar, relativo a un programa piloto de venta comercial de cannabis, en el segundo semestre de este a\u00f1o.<\/p>\n\n\n\n<p>\u00abLos acontecimientos actuales muestran que el consumo de cannabis est\u00e1 aumentando, especialmente entre los j\u00f3venes, a pesar de las normas de prohibici\u00f3n existentes\u00bb, se\u00f1ala el documento del proyecto de ley. \u00abLa ley pretende contribuir a mejorar la protecci\u00f3n de la salud, reforzar la educaci\u00f3n y la prevenci\u00f3n relacionadas con el cannabis, frenar el mercado ilegal de cannabis y reforzar la protecci\u00f3n de la infancia y la juventud. Para proteger a los consumidores, debe controlarse la calidad del cannabis de consumo y evitarse la transferencia de sustancias contaminadas.\u00bb<\/p>\n\n\n\n<p>\u00abEl proyecto de ley facilitar\u00e1 a los consumidores un uso responsable del cannabis\u00bb, contin\u00faa el documento. \u00abSe posibilita el autocultivo privado, el autocultivo comunitario no comercial y la transferencia controlada de cannabis de consumo a adultos para consumo personal.\u00bb<\/p>\n\n\n\n<p>El resumen del proyecto de ley de 163 p\u00e1ginas tambi\u00e9n esboza las estimaciones de los costes de aplicaci\u00f3n y regulaci\u00f3n del programa, as\u00ed como el ahorro derivado de la reducci\u00f3n de la aplicaci\u00f3n de la ley y los nuevos ingresos que se espera que se creen a trav\u00e9s de los impuestos sobre los salarios de las personas que trabajan en los clubes de cannabis.<\/p>\n\n\n\n<p>Mientras el gobierno trabaja para avanzar en el pilar del cultivo dom\u00e9stico y los clubes sociales, el plan es enviar la legislaci\u00f3n del programa piloto comercial por separado a la Comisi\u00f3n Europea para su revisi\u00f3n antes de proceder a su promulgaci\u00f3n.<\/p>\n\n\n\n<p>La medida, tal y como la han descrito anteriormente los funcionarios, permitir\u00eda la venta de cannabis a minoristas en determinadas jurisdicciones como parte del programa piloto que permitir\u00eda al pa\u00eds evaluar nuevas reformas a lo largo de cinco a\u00f1os. En concreto, los funcionarios estudiar\u00edan el impacto de las tiendas en las tendencias de consumo y el mercado il\u00edcito. Las localidades tendr\u00edan que optar por permitir el funcionamiento de las tiendas.<\/p>\n\n\n\n<p>Fuente: <a href=\"https:\/\/www.marijuanamoment.net\/top-german-officials-unveil-draft-marijuana-legalization-bill\/\">https:\/\/www.marijuanamoment.net\/top-german-officials-unveil-draft-marijuana-legalization-bill\/<\/a><\/p>\n\n\n\n\n","protected":false},"excerpt":{"rendered":"<span class=\"span-reading-time rt-reading-time\" style=\"display: block;\"><span class=\"rt-label rt-prefix\">Tiempo de lectura:<\/span> <span class=\"rt-time\"> 3<\/span> <span class=\"rt-label rt-postfix\">minutos<\/span><\/span>El documento contempla el cultivo de 3 plantas para uso personal, la posesi\u00f3n de 25 gramos y apertura de clubs sociales El Ministerio de Sanidad alem\u00e1n ha dado a conocer un proyecto de ley de legalizaci\u00f3n del cannabis, que todav\u00eda tiene que ser revisado por los \u00f3rganos estatales. La legislaci\u00f3n permitir\u00eda a los adultos cultivar [&hellip;]","protected":false},"author":4,"featured_media":9206,"comment_status":"closed","ping_status":"closed","sticky":true,"template":"","format":"standard","meta":{"loftocean-featured-post":"","loftocean_post_format_gallery":"","loftocean_post_format_gallery_ids":"","loftocean_post_format_gallery_urls":"","loftocean_post_format_video_id":"","loftocean_post_format_video_url":"","loftocean_post_format_video_type":"","loftocean_post_format_video":"","loftocean_post_format_audio_type":"","loftocean_post_format_audio_url":"","loftocean_post_format_audio_id":"","loftocean_post_format_audio":"","loftocean_post_format_quote_text":"","loftocean_post_format_quote_byline":"","loftocean_post_format_link_text":"","loftocean_post_format_link_url":"","ceramag_post_header_style":"","ceramag_enable_background_video":"","ceramag_show_in_top_slider":"","ceramag_post_background_video_start":"","ceramag_post_background_video_end":"","loftocean_page_background_video_id":"","loftocean_page_background_video_url":"","loftocean_page_background_video_type":"","loftocean_page_background_video":"","ceramag_background_video_start":"","ceramag_background_video_end":"","ceramag_single_page_hide_header":"","footnotes":""},"categories":[35],"tags":[],"class_list":["post-9205","post","type-post","status-publish","format-standard","has-post-thumbnail","hentry","category-politica-y-sociedad"],"yoast_head":"<!-- This site is optimized with the Yoast SEO plugin v24.9 - https:\/\/yoast.com\/wordpress\/plugins\/seo\/ -->\n<title>legalizaci\u00f3n cannabis Alemania<\/title>\n<meta name=\"description\" content=\"Entrada &#8226; Portal multimedia sobre cannabis y otras sustancias &#8226; 24 julio, 2023\" \/>\n<meta name=\"robots\" content=\"index, follow, max-snippet:-1, max-image-preview:large, max-video-preview:-1\" \/>\n<link rel=\"canonical\" href=\"https:\/\/www.cannabis.es\/pw\/2023\/07\/24\/cannabis-alemania\/\" \/>\n<meta name=\"twitter:card\" content=\"summary_large_image\" \/>\n<meta name=\"twitter:title\" content=\"legalizaci\u00f3n cannabis Alemania\" \/>\n<meta name=\"twitter:description\" content=\"Entrada &#8226; Portal multimedia sobre cannabis y otras sustancias &#8226; 24 julio, 2023\" \/>\n<meta name=\"twitter:image\" content=\"https:\/\/www.cannabis.es\/pw\/wp-content\/uploads\/2023\/07\/PORTADA_alemania_07-23.jpg\" \/>\n<meta name=\"twitter:creator\" content=\"@cannabis_es\" \/>\n<meta name=\"twitter:site\" content=\"@cannabis_es\" \/>\n<meta name=\"twitter:label1\" content=\"Escrito por\" \/>\n\t<meta name=\"twitter:data1\" content=\"Cannabis.es\" \/>\n\t<meta name=\"twitter:label2\" content=\"Tiempo de lectura\" \/>\n\t<meta name=\"twitter:data2\" content=\"3 minutos\" \/>\n<script type=\"application\/ld+json\" class=\"yoast-schema-graph\">{\"@context\":\"https:\/\/schema.org\",\"@graph\":[{\"@type\":\"Article\",\"@id\":\"https:\/\/www.cannabis.es\/pw\/2023\/07\/24\/cannabis-alemania\/#article\",\"isPartOf\":{\"@id\":\"https:\/\/www.cannabis.es\/pw\/2023\/07\/24\/cannabis-alemania\/\"},\"author\":{\"name\":\"Cannabis.es\",\"@id\":\"https:\/\/www.cannabis.es\/pw\/#\/schema\/person\/f7ee6c4eae060796ce7b76b7e29c62d0\"},\"headline\":\"Alemania presenta un proyecto de ley para legalizar el cannabis\",\"datePublished\":\"2023-07-24T07:00:22+00:00\",\"dateModified\":\"2023-07-24T11:25:18+00:00\",\"mainEntityOfPage\":{\"@id\":\"https:\/\/www.cannabis.es\/pw\/2023\/07\/24\/cannabis-alemania\/\"},\"wordCount\":689,\"publisher\":{\"@id\":\"https:\/\/www.cannabis.es\/pw\/#organization\"},\"image\":{\"@id\":\"https:\/\/www.cannabis.es\/pw\/2023\/07\/24\/cannabis-alemania\/#primaryimage\"},\"thumbnailUrl\":\"https:\/\/www.cannabis.es\/pw\/wp-content\/uploads\/2023\/07\/PORTADA_alemania_07-23.jpg\",\"articleSection\":[\"Pol\u00edtica y Sociedad\"],\"inLanguage\":\"es\"},{\"@type\":\"WebPage\",\"@id\":\"https:\/\/www.cannabis.es\/pw\/2023\/07\/24\/cannabis-alemania\/\",\"url\":\"https:\/\/www.cannabis.es\/pw\/2023\/07\/24\/cannabis-alemania\/\",\"name\":\"legalizaci\u00f3n cannabis Alemania\",\"isPartOf\":{\"@id\":\"https:\/\/www.cannabis.es\/pw\/#website\"},\"primaryImageOfPage\":{\"@id\":\"https:\/\/www.cannabis.es\/pw\/2023\/07\/24\/cannabis-alemania\/#primaryimage\"},\"image\":{\"@id\":\"https:\/\/www.cannabis.es\/pw\/2023\/07\/24\/cannabis-alemania\/#primaryimage\"},\"thumbnailUrl\":\"https:\/\/www.cannabis.es\/pw\/wp-content\/uploads\/2023\/07\/PORTADA_alemania_07-23.jpg\",\"datePublished\":\"2023-07-24T07:00:22+00:00\",\"dateModified\":\"2023-07-24T11:25:18+00:00\",\"description\":\"Entrada &#8226; Portal multimedia sobre cannabis y otras sustancias &#8226; 24 julio, 2023\",\"breadcrumb\":{\"@id\":\"https:\/\/www.cannabis.es\/pw\/2023\/07\/24\/cannabis-alemania\/#breadcrumb\"},\"inLanguage\":\"es\",\"potentialAction\":[{\"@type\":\"ReadAction\",\"target\":[\"https:\/\/www.cannabis.es\/pw\/2023\/07\/24\/cannabis-alemania\/\"]}]},{\"@type\":\"ImageObject\",\"inLanguage\":\"es\",\"@id\":\"https:\/\/www.cannabis.es\/pw\/2023\/07\/24\/cannabis-alemania\/#primaryimage\",\"url\":\"https:\/\/www.cannabis.es\/pw\/wp-content\/uploads\/2023\/07\/PORTADA_alemania_07-23.jpg\",\"contentUrl\":\"https:\/\/www.cannabis.es\/pw\/wp-content\/uploads\/2023\/07\/PORTADA_alemania_07-23.jpg\",\"width\":1607,\"height\":1063,\"caption\":\"legalizacion cannabis alemania\"},{\"@type\":\"BreadcrumbList\",\"@id\":\"https:\/\/www.cannabis.es\/pw\/2023\/07\/24\/cannabis-alemania\/#breadcrumb\",\"itemListElement\":[{\"@type\":\"ListItem\",\"position\":1,\"name\":\"Portada\",\"item\":\"http:\/\/www.cannabis.es\/pw\/\"},{\"@type\":\"ListItem\",\"position\":2,\"name\":\"Alemania presenta un proyecto de ley para legalizar el cannabis\"}]},{\"@type\":\"WebSite\",\"@id\":\"https:\/\/www.cannabis.es\/pw\/#website\",\"url\":\"https:\/\/www.cannabis.es\/pw\/\",\"name\":\"Cannabis\",\"description\":\"Portal multimedia sobre cannabis y otras sustancias\",\"publisher\":{\"@id\":\"https:\/\/www.cannabis.es\/pw\/#organization\"},\"potentialAction\":[{\"@type\":\"SearchAction\",\"target\":{\"@type\":\"EntryPoint\",\"urlTemplate\":\"https:\/\/www.cannabis.es\/pw\/?s={search_term_string}\"},\"query-input\":{\"@type\":\"PropertyValueSpecification\",\"valueRequired\":true,\"valueName\":\"search_term_string\"}}],\"inLanguage\":\"es\"},{\"@type\":\"Organization\",\"@id\":\"https:\/\/www.cannabis.es\/pw\/#organization\",\"name\":\"Cannabis.es\",\"url\":\"https:\/\/www.cannabis.es\/pw\/\",\"logo\":{\"@type\":\"ImageObject\",\"inLanguage\":\"es\",\"@id\":\"https:\/\/www.cannabis.es\/pw\/#\/schema\/logo\/image\/\",\"url\":\"https:\/\/www.cannabis.es\/pw\/wp-content\/uploads\/2019\/04\/cropped-logo_cannabis.png\",\"contentUrl\":\"https:\/\/www.cannabis.es\/pw\/wp-content\/uploads\/2019\/04\/cropped-logo_cannabis.png\",\"width\":361,\"height\":120,\"caption\":\"Cannabis.es\"},\"image\":{\"@id\":\"https:\/\/www.cannabis.es\/pw\/#\/schema\/logo\/image\/\"},\"sameAs\":[\"https:\/\/x.com\/cannabis_es\"]},{\"@type\":\"Person\",\"@id\":\"https:\/\/www.cannabis.es\/pw\/#\/schema\/person\/f7ee6c4eae060796ce7b76b7e29c62d0\",\"name\":\"Cannabis.es\",\"image\":{\"@type\":\"ImageObject\",\"inLanguage\":\"es\",\"@id\":\"https:\/\/www.cannabis.es\/pw\/#\/schema\/person\/image\/\",\"url\":\"https:\/\/secure.gravatar.com\/avatar\/3fa2bc2faaa3728595c645d2da0c2c7a014ade33e372c7b45420a0a3f2cb0063?s=96&d=mm&r=g\",\"contentUrl\":\"https:\/\/secure.gravatar.com\/avatar\/3fa2bc2faaa3728595c645d2da0c2c7a014ade33e372c7b45420a0a3f2cb0063?s=96&d=mm&r=g\",\"caption\":\"Cannabis.es\"},\"url\":\"https:\/\/www.cannabis.es\/pw\/author\/redaccion\/\"}]}<\/script>\n<!-- \/ Yoast SEO plugin. -->","yoast_head_json":{"title":"legalizaci\u00f3n cannabis Alemania","description":"Entrada &#8226; Portal multimedia sobre cannabis y otras sustancias &#8226; 24 julio, 2023","robots":{"index":"index","follow":"follow","max-snippet":"max-snippet:-1","max-image-preview":"max-image-preview:large","max-video-preview":"max-video-preview:-1"},"canonical":"https:\/\/www.cannabis.es\/pw\/2023\/07\/24\/cannabis-alemania\/","twitter_card":"summary_large_image","twitter_title":"legalizaci\u00f3n cannabis Alemania","twitter_description":"Entrada &#8226; Portal multimedia sobre cannabis y otras sustancias &#8226; 24 julio, 2023","twitter_image":"https:\/\/www.cannabis.es\/pw\/wp-content\/uploads\/2023\/07\/PORTADA_alemania_07-23.jpg","twitter_creator":"@cannabis_es","twitter_site":"@cannabis_es","twitter_misc":{"Escrito por":"Cannabis.es","Tiempo de lectura":"3 minutos"},"schema":{"@context":"https:\/\/schema.org","@graph":[{"@type":"Article","@id":"https:\/\/www.cannabis.es\/pw\/2023\/07\/24\/cannabis-alemania\/#article","isPartOf":{"@id":"https:\/\/www.cannabis.es\/pw\/2023\/07\/24\/cannabis-alemania\/"},"author":{"name":"Cannabis.es","@id":"https:\/\/www.cannabis.es\/pw\/#\/schema\/person\/f7ee6c4eae060796ce7b76b7e29c62d0"},"headline":"Alemania presenta un proyecto de ley para legalizar el cannabis","datePublished":"2023-07-24T07:00:22+00:00","dateModified":"2023-07-24T11:25:18+00:00","mainEntityOfPage":{"@id":"https:\/\/www.cannabis.es\/pw\/2023\/07\/24\/cannabis-alemania\/"},"wordCount":689,"publisher":{"@id":"https:\/\/www.cannabis.es\/pw\/#organization"},"image":{"@id":"https:\/\/www.cannabis.es\/pw\/2023\/07\/24\/cannabis-alemania\/#primaryimage"},"thumbnailUrl":"https:\/\/www.cannabis.es\/pw\/wp-content\/uploads\/2023\/07\/PORTADA_alemania_07-23.jpg","articleSection":["Pol\u00edtica y Sociedad"],"inLanguage":"es"},{"@type":"WebPage","@id":"https:\/\/www.cannabis.es\/pw\/2023\/07\/24\/cannabis-alemania\/","url":"https:\/\/www.cannabis.es\/pw\/2023\/07\/24\/cannabis-alemania\/","name":"legalizaci\u00f3n cannabis Alemania","isPartOf":{"@id":"https:\/\/www.cannabis.es\/pw\/#website"},"primaryImageOfPage":{"@id":"https:\/\/www.cannabis.es\/pw\/2023\/07\/24\/cannabis-alemania\/#primaryimage"},"image":{"@id":"https:\/\/www.cannabis.es\/pw\/2023\/07\/24\/cannabis-alemania\/#primaryimage"},"thumbnailUrl":"https:\/\/www.cannabis.es\/pw\/wp-content\/uploads\/2023\/07\/PORTADA_alemania_07-23.jpg","datePublished":"2023-07-24T07:00:22+00:00","dateModified":"2023-07-24T11:25:18+00:00","description":"Entrada &#8226; Portal multimedia sobre cannabis y otras sustancias &#8226; 24 julio, 2023","breadcrumb":{"@id":"https:\/\/www.cannabis.es\/pw\/2023\/07\/24\/cannabis-alemania\/#breadcrumb"},"inLanguage":"es","potentialAction":[{"@type":"ReadAction","target":["https:\/\/www.cannabis.es\/pw\/2023\/07\/24\/cannabis-alemania\/"]}]},{"@type":"ImageObject","inLanguage":"es","@id":"https:\/\/www.cannabis.es\/pw\/2023\/07\/24\/cannabis-alemania\/#primaryimage","url":"https:\/\/www.cannabis.es\/pw\/wp-content\/uploads\/2023\/07\/PORTADA_alemania_07-23.jpg","contentUrl":"https:\/\/www.cannabis.es\/pw\/wp-content\/uploads\/2023\/07\/PORTADA_alemania_07-23.jpg","width":1607,"height":1063,"caption":"legalizacion cannabis alemania"},{"@type":"BreadcrumbList","@id":"https:\/\/www.cannabis.es\/pw\/2023\/07\/24\/cannabis-alemania\/#breadcrumb","itemListElement":[{"@type":"ListItem","position":1,"name":"Portada","item":"http:\/\/www.cannabis.es\/pw\/"},{"@type":"ListItem","position":2,"name":"Alemania presenta un proyecto de ley para legalizar el cannabis"}]},{"@type":"WebSite","@id":"https:\/\/www.cannabis.es\/pw\/#website","url":"https:\/\/www.cannabis.es\/pw\/","name":"Cannabis","description":"Portal multimedia sobre cannabis y otras sustancias","publisher":{"@id":"https:\/\/www.cannabis.es\/pw\/#organization"},"potentialAction":[{"@type":"SearchAction","target":{"@type":"EntryPoint","urlTemplate":"https:\/\/www.cannabis.es\/pw\/?s={search_term_string}"},"query-input":{"@type":"PropertyValueSpecification","valueRequired":true,"valueName":"search_term_string"}}],"inLanguage":"es"},{"@type":"Organization","@id":"https:\/\/www.cannabis.es\/pw\/#organization","name":"Cannabis.es","url":"https:\/\/www.cannabis.es\/pw\/","logo":{"@type":"ImageObject","inLanguage":"es","@id":"https:\/\/www.cannabis.es\/pw\/#\/schema\/logo\/image\/","url":"https:\/\/www.cannabis.es\/pw\/wp-content\/uploads\/2019\/04\/cropped-logo_cannabis.png","contentUrl":"https:\/\/www.cannabis.es\/pw\/wp-content\/uploads\/2019\/04\/cropped-logo_cannabis.png","width":361,"height":120,"caption":"Cannabis.es"},"image":{"@id":"https:\/\/www.cannabis.es\/pw\/#\/schema\/logo\/image\/"},"sameAs":["https:\/\/x.com\/cannabis_es"]},{"@type":"Person","@id":"https:\/\/www.cannabis.es\/pw\/#\/schema\/person\/f7ee6c4eae060796ce7b76b7e29c62d0","name":"Cannabis.es","image":{"@type":"ImageObject","inLanguage":"es","@id":"https:\/\/www.cannabis.es\/pw\/#\/schema\/person\/image\/","url":"https:\/\/secure.gravatar.com\/avatar\/3fa2bc2faaa3728595c645d2da0c2c7a014ade33e372c7b45420a0a3f2cb0063?s=96&d=mm&r=g","contentUrl":"https:\/\/secure.gravatar.com\/avatar\/3fa2bc2faaa3728595c645d2da0c2c7a014ade33e372c7b45420a0a3f2cb0063?s=96&d=mm&r=g","caption":"Cannabis.es"},"url":"https:\/\/www.cannabis.es\/pw\/author\/redaccion\/"}]}},"_links":{"self":[{"href":"https:\/\/www.cannabis.es\/pw\/wp-json\/wp\/v2\/posts\/9205","targetHints":{"allow":["GET"]}}],"collection":[{"href":"https:\/\/www.cannabis.es\/pw\/wp-json\/wp\/v2\/posts"}],"about":[{"href":"https:\/\/www.cannabis.es\/pw\/wp-json\/wp\/v2\/types\/post"}],"author":[{"embeddable":true,"href":"https:\/\/www.cannabis.es\/pw\/wp-json\/wp\/v2\/users\/4"}],"replies":[{"embeddable":true,"href":"https:\/\/www.cannabis.es\/pw\/wp-json\/wp\/v2\/comments?post=9205"}],"version-history":[{"count":3,"href":"https:\/\/www.cannabis.es\/pw\/wp-json\/wp\/v2\/posts\/9205\/revisions"}],"predecessor-version":[{"id":9209,"href":"https:\/\/www.cannabis.es\/pw\/wp-json\/wp\/v2\/posts\/9205\/revisions\/9209"}],"wp:featuredmedia":[{"embeddable":true,"href":"https:\/\/www.cannabis.es\/pw\/wp-json\/wp\/v2\/media\/9206"}],"wp:attachment":[{"href":"https:\/\/www.cannabis.es\/pw\/wp-json\/wp\/v2\/media?parent=9205"}],"wp:term":[{"taxonomy":"category","embeddable":true,"href":"https:\/\/www.cannabis.es\/pw\/wp-json\/wp\/v2\/categories?post=9205"},{"taxonomy":"post_tag","embeddable":true,"href":"https:\/\/www.cannabis.es\/pw\/wp-json\/wp\/v2\/tags?post=9205"}],"curies":[{"name":"wp","href":"https:\/\/api.w.org\/{rel}","templated":true}]}}