{"id":9210,"date":"2023-07-28T13:48:20","date_gmt":"2023-07-28T11:48:20","guid":{"rendered":"https:\/\/www.cannabis.es\/pw\/?p=9210"},"modified":"2023-07-28T13:55:23","modified_gmt":"2023-07-28T11:55:23","slug":"legalizacion-cannabis-luxemburgo","status":"publish","type":"post","link":"https:\/\/www.cannabis.es\/pw\/2023\/07\/28\/legalizacion-cannabis-luxemburgo\/","title":{"rendered":"Luxemburgo: entra en vigor la legalizaci\u00f3n del cannabis"},"content":{"rendered":"\n<h2 class=\"wp-block-heading\"><strong>Se trata del segundo pa\u00eds de la UE por detr\u00e1s de Malta en dar v\u00eda libre a la legalizaci\u00f3n<\/strong><\/h2>\n\n\n\n<p>El pasado viernes 21 de julio entr\u00f3 oficialmente en vigor la nueva ley de legalizaci\u00f3n de cannabis en Luxemburgo que legaliza la posesi\u00f3n y el cultivo de cannabis para adultos.<\/p>\n\n\n\n<p>Esto se produce aproximadamente un mes despu\u00e9s de que el Parlamento de Luxemburgo aprobara un proyecto de ley de legalizaci\u00f3n, convirti\u00e9ndose en el segundo pa\u00eds de la Uni\u00f3n Europea en poner fin a la prohibici\u00f3n del cannabis tras el voto de <a href=\"https:\/\/www.cannabis.es\/pw\/2022\/03\/14\/dimech-reguladora-del-cannabis-en-malta-empoderar-en-lugar-de-controlar-y-castigar\/\">Malta a favor de la legalizaci\u00f3n en 2021.<\/a><\/p>\n\n\n\n<p>La ley de Luxemburgo, que fue propuesta por primera vez por los ministros de Justicia y Seguridad Interior en 2021, permite a los adultos poseer hasta tres gramos de cannabis y cultivar hasta cuatro plantas en un lugar seguro dentro de su residencia privada.<\/p>\n\n\n\n<p>Junto con la entrada en vigor de la ley, el Ministerio de Salud lanz\u00f3 un <a href=\"https:\/\/cannabis-information.lu\/en\/\">sitio web<\/a> para explicar las nuevas reglas de cannabis del pa\u00eds y la raz\u00f3n del cambio.<\/p>\n\n\n\n<p>\u00abLa autorizaci\u00f3n del cultivo dom\u00e9stico y la reducci\u00f3n de las penas por peque\u00f1as cantidades de cannabis en lugares p\u00fablicos representan la primera etapa de la aplicaci\u00f3n del proyecto piloto para el acceso legal al cannabis con fines recreativos\u00bb, apunta el sitio web.<\/p>\n\n\n\n<p>\u00abAl optar por regular el cultivo de cannabis en casa, el Gobierno pretende regular su consumo y reducir los riesgos y da\u00f1os relacionados\u00bb, sigue el sitio.<\/p>\n\n\n\n<p>\u00abLa decisi\u00f3n forma parte de un enfoque proactivo y constructivo de la salud p\u00fablica derivado de la voluntad pol\u00edtica de establecer un equilibrio entre la prevenci\u00f3n, la reducci\u00f3n de riesgos y la lucha contra la delincuencia\u00bb.<\/p>\n\n\n\n<p>El sitio incluye informaci\u00f3n b\u00e1sica sobre el cannabis, as\u00ed como una descripci\u00f3n general del cultivo casero, e incluso se\u00f1ala que \u00ablas semillas para autocultivo ya no se consideran estupefacientes y, por tanto, pueden comprarse en tiendas o v\u00eda online\u00bb.<\/p>\n\n\n\n<p>La legislaci\u00f3n que ahora se aplica establece penas por posesi\u00f3n y cultivo por encima de la cantidad permitida. Comprar y poseer m\u00e1s de tres gramos de marihuana podr\u00eda castigarse con una pena de prisi\u00f3n de hasta seis meses, una pena muy dura, sobre todo teniendo en cuenta el l\u00edmite de posesi\u00f3n relativamente bajo. El consumo p\u00fablico tambi\u00e9n sigue estando prohibido.<\/p>\n\n\n\n<p>Al t\u00e9rmino del debate del mes pasado, el Ministro de Justicia, Sam Tanson, afirm\u00f3 que la penalizaci\u00f3n del cannabis ha sido un \u00abfracaso absoluto\u00bb. Por eso, dijo, \u00abdebemos atrevernos a tomar otro camino\u00bb y \u00abbuscar soluciones\u00bb.<\/p>\n\n\n\n<p>Fuente: <a href=\"https:\/\/www.marijuanamoment.net\/marijuana-legalization-law-officially-takes-effect-in-luxembourg\/\">https:\/\/www.marijuanamoment.net\/marijuana-legalization-law-officially-takes-effect-in-luxembourg\/<\/a><\/p>\n","protected":false},"excerpt":{"rendered":"<span class=\"span-reading-time rt-reading-time\" style=\"display: block;\"><span class=\"rt-label rt-prefix\">Tiempo de lectura:<\/span> <span class=\"rt-time\"> 2<\/span> <span class=\"rt-label rt-postfix\">minutos<\/span><\/span>Se trata del segundo pa\u00eds de la UE por detr\u00e1s de Malta en dar v\u00eda libre a la legalizaci\u00f3n El pasado viernes 21 de julio entr\u00f3 oficialmente en vigor la nueva ley de legalizaci\u00f3n de cannabis en Luxemburgo que legaliza la posesi\u00f3n y el cultivo de cannabis para adultos. Esto se produce aproximadamente un mes [&hellip;]","protected":false},"author":4,"featured_media":9212,"comment_status":"closed","ping_status":"closed","sticky":true,"template":"","format":"standard","meta":{"loftocean-featured-post":"","loftocean_post_format_gallery":"","loftocean_post_format_gallery_ids":"","loftocean_post_format_gallery_urls":"","loftocean_post_format_video_id":"","loftocean_post_format_video_url":"","loftocean_post_format_video_type":"","loftocean_post_format_video":"","loftocean_post_format_audio_type":"","loftocean_post_format_audio_url":"","loftocean_post_format_audio_id":"","loftocean_post_format_audio":"","loftocean_post_format_quote_text":"","loftocean_post_format_quote_byline":"","loftocean_post_format_link_text":"","loftocean_post_format_link_url":"","ceramag_post_header_style":"","ceramag_enable_background_video":"","ceramag_show_in_top_slider":"","ceramag_post_background_video_start":"","ceramag_post_background_video_end":"","loftocean_page_background_video_id":"","loftocean_page_background_video_url":"","loftocean_page_background_video_type":"","loftocean_page_background_video":"","ceramag_background_video_start":"","ceramag_background_video_end":"","ceramag_single_page_hide_header":"","footnotes":""},"categories":[35],"tags":[1509,1507],"class_list":["post-9210","post","type-post","status-publish","format-standard","has-post-thumbnail","hentry","category-politica-y-sociedad","tag-legalizacion-cannabis","tag-luxemburgo"],"yoast_head":"<!-- This site is optimized with the Yoast SEO plugin v24.9 - https:\/\/yoast.com\/wordpress\/plugins\/seo\/ -->\n<title>legalizaci\u00f3n cannabis Luxemburgo<\/title>\n<meta name=\"description\" content=\"Entrada &#8226; Portal multimedia sobre cannabis y otras sustancias &#8226; 28 julio, 2023\" \/>\n<meta name=\"robots\" content=\"index, follow, max-snippet:-1, max-image-preview:large, max-video-preview:-1\" \/>\n<link rel=\"canonical\" href=\"https:\/\/www.cannabis.es\/pw\/2023\/07\/28\/legalizacion-cannabis-luxemburgo\/\" \/>\n<meta name=\"twitter:card\" content=\"summary_large_image\" \/>\n<meta name=\"twitter:title\" content=\"legalizaci\u00f3n cannabis Luxemburgo\" \/>\n<meta name=\"twitter:description\" content=\"Entrada &#8226; Portal multimedia sobre cannabis y otras sustancias &#8226; 28 julio, 2023\" \/>\n<meta name=\"twitter:image\" content=\"https:\/\/www.cannabis.es\/pw\/wp-content\/uploads\/2023\/07\/PORTADA_Luxemburgo.jpg\" \/>\n<meta name=\"twitter:creator\" content=\"@cannabis_es\" \/>\n<meta name=\"twitter:site\" content=\"@cannabis_es\" \/>\n<meta name=\"twitter:label1\" content=\"Escrito por\" \/>\n\t<meta name=\"twitter:data1\" content=\"Cannabis.es\" \/>\n\t<meta name=\"twitter:label2\" content=\"Tiempo de lectura\" \/>\n\t<meta name=\"twitter:data2\" content=\"2 minutos\" \/>\n<script type=\"application\/ld+json\" class=\"yoast-schema-graph\">{\"@context\":\"https:\/\/schema.org\",\"@graph\":[{\"@type\":\"Article\",\"@id\":\"https:\/\/www.cannabis.es\/pw\/2023\/07\/28\/legalizacion-cannabis-luxemburgo\/#article\",\"isPartOf\":{\"@id\":\"https:\/\/www.cannabis.es\/pw\/2023\/07\/28\/legalizacion-cannabis-luxemburgo\/\"},\"author\":{\"name\":\"Cannabis.es\",\"@id\":\"https:\/\/www.cannabis.es\/pw\/#\/schema\/person\/f7ee6c4eae060796ce7b76b7e29c62d0\"},\"headline\":\"Luxemburgo: entra en vigor la legalizaci\u00f3n del cannabis\",\"datePublished\":\"2023-07-28T11:48:20+00:00\",\"dateModified\":\"2023-07-28T11:55:23+00:00\",\"mainEntityOfPage\":{\"@id\":\"https:\/\/www.cannabis.es\/pw\/2023\/07\/28\/legalizacion-cannabis-luxemburgo\/\"},\"wordCount\":467,\"publisher\":{\"@id\":\"https:\/\/www.cannabis.es\/pw\/#organization\"},\"image\":{\"@id\":\"https:\/\/www.cannabis.es\/pw\/2023\/07\/28\/legalizacion-cannabis-luxemburgo\/#primaryimage\"},\"thumbnailUrl\":\"https:\/\/www.cannabis.es\/pw\/wp-content\/uploads\/2023\/07\/PORTADA_Luxemburgo.jpg\",\"keywords\":[\"legalizaci\u00f3n cannabis\",\"luxemburgo\"],\"articleSection\":[\"Pol\u00edtica y Sociedad\"],\"inLanguage\":\"es\"},{\"@type\":\"WebPage\",\"@id\":\"https:\/\/www.cannabis.es\/pw\/2023\/07\/28\/legalizacion-cannabis-luxemburgo\/\",\"url\":\"https:\/\/www.cannabis.es\/pw\/2023\/07\/28\/legalizacion-cannabis-luxemburgo\/\",\"name\":\"legalizaci\u00f3n cannabis Luxemburgo\",\"isPartOf\":{\"@id\":\"https:\/\/www.cannabis.es\/pw\/#website\"},\"primaryImageOfPage\":{\"@id\":\"https:\/\/www.cannabis.es\/pw\/2023\/07\/28\/legalizacion-cannabis-luxemburgo\/#primaryimage\"},\"image\":{\"@id\":\"https:\/\/www.cannabis.es\/pw\/2023\/07\/28\/legalizacion-cannabis-luxemburgo\/#primaryimage\"},\"thumbnailUrl\":\"https:\/\/www.cannabis.es\/pw\/wp-content\/uploads\/2023\/07\/PORTADA_Luxemburgo.jpg\",\"datePublished\":\"2023-07-28T11:48:20+00:00\",\"dateModified\":\"2023-07-28T11:55:23+00:00\",\"description\":\"Entrada &#8226; Portal multimedia sobre cannabis y otras sustancias &#8226; 28 julio, 2023\",\"breadcrumb\":{\"@id\":\"https:\/\/www.cannabis.es\/pw\/2023\/07\/28\/legalizacion-cannabis-luxemburgo\/#breadcrumb\"},\"inLanguage\":\"es\",\"potentialAction\":[{\"@type\":\"ReadAction\",\"target\":[\"https:\/\/www.cannabis.es\/pw\/2023\/07\/28\/legalizacion-cannabis-luxemburgo\/\"]}]},{\"@type\":\"ImageObject\",\"inLanguage\":\"es\",\"@id\":\"https:\/\/www.cannabis.es\/pw\/2023\/07\/28\/legalizacion-cannabis-luxemburgo\/#primaryimage\",\"url\":\"https:\/\/www.cannabis.es\/pw\/wp-content\/uploads\/2023\/07\/PORTADA_Luxemburgo.jpg\",\"contentUrl\":\"https:\/\/www.cannabis.es\/pw\/wp-content\/uploads\/2023\/07\/PORTADA_Luxemburgo.jpg\",\"width\":1607,\"height\":1063,\"caption\":\"legalizacion cannabis luxembrugo\"},{\"@type\":\"BreadcrumbList\",\"@id\":\"https:\/\/www.cannabis.es\/pw\/2023\/07\/28\/legalizacion-cannabis-luxemburgo\/#breadcrumb\",\"itemListElement\":[{\"@type\":\"ListItem\",\"position\":1,\"name\":\"Portada\",\"item\":\"http:\/\/www.cannabis.es\/pw\/\"},{\"@type\":\"ListItem\",\"position\":2,\"name\":\"Luxemburgo: entra en vigor la legalizaci\u00f3n del cannabis\"}]},{\"@type\":\"WebSite\",\"@id\":\"https:\/\/www.cannabis.es\/pw\/#website\",\"url\":\"https:\/\/www.cannabis.es\/pw\/\",\"name\":\"Cannabis\",\"description\":\"Portal multimedia sobre cannabis y otras sustancias\",\"publisher\":{\"@id\":\"https:\/\/www.cannabis.es\/pw\/#organization\"},\"potentialAction\":[{\"@type\":\"SearchAction\",\"target\":{\"@type\":\"EntryPoint\",\"urlTemplate\":\"https:\/\/www.cannabis.es\/pw\/?s={search_term_string}\"},\"query-input\":{\"@type\":\"PropertyValueSpecification\",\"valueRequired\":true,\"valueName\":\"search_term_string\"}}],\"inLanguage\":\"es\"},{\"@type\":\"Organization\",\"@id\":\"https:\/\/www.cannabis.es\/pw\/#organization\",\"name\":\"Cannabis.es\",\"url\":\"https:\/\/www.cannabis.es\/pw\/\",\"logo\":{\"@type\":\"ImageObject\",\"inLanguage\":\"es\",\"@id\":\"https:\/\/www.cannabis.es\/pw\/#\/schema\/logo\/image\/\",\"url\":\"https:\/\/www.cannabis.es\/pw\/wp-content\/uploads\/2019\/04\/cropped-logo_cannabis.png\",\"contentUrl\":\"https:\/\/www.cannabis.es\/pw\/wp-content\/uploads\/2019\/04\/cropped-logo_cannabis.png\",\"width\":361,\"height\":120,\"caption\":\"Cannabis.es\"},\"image\":{\"@id\":\"https:\/\/www.cannabis.es\/pw\/#\/schema\/logo\/image\/\"},\"sameAs\":[\"https:\/\/x.com\/cannabis_es\"]},{\"@type\":\"Person\",\"@id\":\"https:\/\/www.cannabis.es\/pw\/#\/schema\/person\/f7ee6c4eae060796ce7b76b7e29c62d0\",\"name\":\"Cannabis.es\",\"image\":{\"@type\":\"ImageObject\",\"inLanguage\":\"es\",\"@id\":\"https:\/\/www.cannabis.es\/pw\/#\/schema\/person\/image\/\",\"url\":\"https:\/\/secure.gravatar.com\/avatar\/3fa2bc2faaa3728595c645d2da0c2c7a014ade33e372c7b45420a0a3f2cb0063?s=96&d=mm&r=g\",\"contentUrl\":\"https:\/\/secure.gravatar.com\/avatar\/3fa2bc2faaa3728595c645d2da0c2c7a014ade33e372c7b45420a0a3f2cb0063?s=96&d=mm&r=g\",\"caption\":\"Cannabis.es\"},\"url\":\"https:\/\/www.cannabis.es\/pw\/author\/redaccion\/\"}]}<\/script>\n<!-- \/ Yoast SEO plugin. -->","yoast_head_json":{"title":"legalizaci\u00f3n cannabis Luxemburgo","description":"Entrada &#8226; Portal multimedia sobre cannabis y otras sustancias &#8226; 28 julio, 2023","robots":{"index":"index","follow":"follow","max-snippet":"max-snippet:-1","max-image-preview":"max-image-preview:large","max-video-preview":"max-video-preview:-1"},"canonical":"https:\/\/www.cannabis.es\/pw\/2023\/07\/28\/legalizacion-cannabis-luxemburgo\/","twitter_card":"summary_large_image","twitter_title":"legalizaci\u00f3n cannabis Luxemburgo","twitter_description":"Entrada &#8226; Portal multimedia sobre cannabis y otras sustancias &#8226; 28 julio, 2023","twitter_image":"https:\/\/www.cannabis.es\/pw\/wp-content\/uploads\/2023\/07\/PORTADA_Luxemburgo.jpg","twitter_creator":"@cannabis_es","twitter_site":"@cannabis_es","twitter_misc":{"Escrito por":"Cannabis.es","Tiempo de lectura":"2 minutos"},"schema":{"@context":"https:\/\/schema.org","@graph":[{"@type":"Article","@id":"https:\/\/www.cannabis.es\/pw\/2023\/07\/28\/legalizacion-cannabis-luxemburgo\/#article","isPartOf":{"@id":"https:\/\/www.cannabis.es\/pw\/2023\/07\/28\/legalizacion-cannabis-luxemburgo\/"},"author":{"name":"Cannabis.es","@id":"https:\/\/www.cannabis.es\/pw\/#\/schema\/person\/f7ee6c4eae060796ce7b76b7e29c62d0"},"headline":"Luxemburgo: entra en vigor la legalizaci\u00f3n del cannabis","datePublished":"2023-07-28T11:48:20+00:00","dateModified":"2023-07-28T11:55:23+00:00","mainEntityOfPage":{"@id":"https:\/\/www.cannabis.es\/pw\/2023\/07\/28\/legalizacion-cannabis-luxemburgo\/"},"wordCount":467,"publisher":{"@id":"https:\/\/www.cannabis.es\/pw\/#organization"},"image":{"@id":"https:\/\/www.cannabis.es\/pw\/2023\/07\/28\/legalizacion-cannabis-luxemburgo\/#primaryimage"},"thumbnailUrl":"https:\/\/www.cannabis.es\/pw\/wp-content\/uploads\/2023\/07\/PORTADA_Luxemburgo.jpg","keywords":["legalizaci\u00f3n cannabis","luxemburgo"],"articleSection":["Pol\u00edtica y Sociedad"],"inLanguage":"es"},{"@type":"WebPage","@id":"https:\/\/www.cannabis.es\/pw\/2023\/07\/28\/legalizacion-cannabis-luxemburgo\/","url":"https:\/\/www.cannabis.es\/pw\/2023\/07\/28\/legalizacion-cannabis-luxemburgo\/","name":"legalizaci\u00f3n cannabis Luxemburgo","isPartOf":{"@id":"https:\/\/www.cannabis.es\/pw\/#website"},"primaryImageOfPage":{"@id":"https:\/\/www.cannabis.es\/pw\/2023\/07\/28\/legalizacion-cannabis-luxemburgo\/#primaryimage"},"image":{"@id":"https:\/\/www.cannabis.es\/pw\/2023\/07\/28\/legalizacion-cannabis-luxemburgo\/#primaryimage"},"thumbnailUrl":"https:\/\/www.cannabis.es\/pw\/wp-content\/uploads\/2023\/07\/PORTADA_Luxemburgo.jpg","datePublished":"2023-07-28T11:48:20+00:00","dateModified":"2023-07-28T11:55:23+00:00","description":"Entrada &#8226; Portal multimedia sobre cannabis y otras sustancias &#8226; 28 julio, 2023","breadcrumb":{"@id":"https:\/\/www.cannabis.es\/pw\/2023\/07\/28\/legalizacion-cannabis-luxemburgo\/#breadcrumb"},"inLanguage":"es","potentialAction":[{"@type":"ReadAction","target":["https:\/\/www.cannabis.es\/pw\/2023\/07\/28\/legalizacion-cannabis-luxemburgo\/"]}]},{"@type":"ImageObject","inLanguage":"es","@id":"https:\/\/www.cannabis.es\/pw\/2023\/07\/28\/legalizacion-cannabis-luxemburgo\/#primaryimage","url":"https:\/\/www.cannabis.es\/pw\/wp-content\/uploads\/2023\/07\/PORTADA_Luxemburgo.jpg","contentUrl":"https:\/\/www.cannabis.es\/pw\/wp-content\/uploads\/2023\/07\/PORTADA_Luxemburgo.jpg","width":1607,"height":1063,"caption":"legalizacion cannabis luxembrugo"},{"@type":"BreadcrumbList","@id":"https:\/\/www.cannabis.es\/pw\/2023\/07\/28\/legalizacion-cannabis-luxemburgo\/#breadcrumb","itemListElement":[{"@type":"ListItem","position":1,"name":"Portada","item":"http:\/\/www.cannabis.es\/pw\/"},{"@type":"ListItem","position":2,"name":"Luxemburgo: entra en vigor la legalizaci\u00f3n del cannabis"}]},{"@type":"WebSite","@id":"https:\/\/www.cannabis.es\/pw\/#website","url":"https:\/\/www.cannabis.es\/pw\/","name":"Cannabis","description":"Portal multimedia sobre cannabis y otras sustancias","publisher":{"@id":"https:\/\/www.cannabis.es\/pw\/#organization"},"potentialAction":[{"@type":"SearchAction","target":{"@type":"EntryPoint","urlTemplate":"https:\/\/www.cannabis.es\/pw\/?s={search_term_string}"},"query-input":{"@type":"PropertyValueSpecification","valueRequired":true,"valueName":"search_term_string"}}],"inLanguage":"es"},{"@type":"Organization","@id":"https:\/\/www.cannabis.es\/pw\/#organization","name":"Cannabis.es","url":"https:\/\/www.cannabis.es\/pw\/","logo":{"@type":"ImageObject","inLanguage":"es","@id":"https:\/\/www.cannabis.es\/pw\/#\/schema\/logo\/image\/","url":"https:\/\/www.cannabis.es\/pw\/wp-content\/uploads\/2019\/04\/cropped-logo_cannabis.png","contentUrl":"https:\/\/www.cannabis.es\/pw\/wp-content\/uploads\/2019\/04\/cropped-logo_cannabis.png","width":361,"height":120,"caption":"Cannabis.es"},"image":{"@id":"https:\/\/www.cannabis.es\/pw\/#\/schema\/logo\/image\/"},"sameAs":["https:\/\/x.com\/cannabis_es"]},{"@type":"Person","@id":"https:\/\/www.cannabis.es\/pw\/#\/schema\/person\/f7ee6c4eae060796ce7b76b7e29c62d0","name":"Cannabis.es","image":{"@type":"ImageObject","inLanguage":"es","@id":"https:\/\/www.cannabis.es\/pw\/#\/schema\/person\/image\/","url":"https:\/\/secure.gravatar.com\/avatar\/3fa2bc2faaa3728595c645d2da0c2c7a014ade33e372c7b45420a0a3f2cb0063?s=96&d=mm&r=g","contentUrl":"https:\/\/secure.gravatar.com\/avatar\/3fa2bc2faaa3728595c645d2da0c2c7a014ade33e372c7b45420a0a3f2cb0063?s=96&d=mm&r=g","caption":"Cannabis.es"},"url":"https:\/\/www.cannabis.es\/pw\/author\/redaccion\/"}]}},"_links":{"self":[{"href":"https:\/\/www.cannabis.es\/pw\/wp-json\/wp\/v2\/posts\/9210","targetHints":{"allow":["GET"]}}],"collection":[{"href":"https:\/\/www.cannabis.es\/pw\/wp-json\/wp\/v2\/posts"}],"about":[{"href":"https:\/\/www.cannabis.es\/pw\/wp-json\/wp\/v2\/types\/post"}],"author":[{"embeddable":true,"href":"https:\/\/www.cannabis.es\/pw\/wp-json\/wp\/v2\/users\/4"}],"replies":[{"embeddable":true,"href":"https:\/\/www.cannabis.es\/pw\/wp-json\/wp\/v2\/comments?post=9210"}],"version-history":[{"count":1,"href":"https:\/\/www.cannabis.es\/pw\/wp-json\/wp\/v2\/posts\/9210\/revisions"}],"predecessor-version":[{"id":9211,"href":"https:\/\/www.cannabis.es\/pw\/wp-json\/wp\/v2\/posts\/9210\/revisions\/9211"}],"wp:featuredmedia":[{"embeddable":true,"href":"https:\/\/www.cannabis.es\/pw\/wp-json\/wp\/v2\/media\/9212"}],"wp:attachment":[{"href":"https:\/\/www.cannabis.es\/pw\/wp-json\/wp\/v2\/media?parent=9210"}],"wp:term":[{"taxonomy":"category","embeddable":true,"href":"https:\/\/www.cannabis.es\/pw\/wp-json\/wp\/v2\/categories?post=9210"},{"taxonomy":"post_tag","embeddable":true,"href":"https:\/\/www.cannabis.es\/pw\/wp-json\/wp\/v2\/tags?post=9210"}],"curies":[{"name":"wp","href":"https:\/\/api.w.org\/{rel}","templated":true}]}}